

{"id":699,"date":"2024-10-17T13:25:46","date_gmt":"2024-10-17T11:25:46","guid":{"rendered":"https:\/\/pracownieorange.pl\/jaraczewo\/?post_type=news&#038;p=699"},"modified":"2024-10-28T11:44:55","modified_gmt":"2024-10-28T10:44:55","slug":"jesienne-swieczki","status":"publish","type":"news","link":"https:\/\/pracownieorange.pl\/jaraczewo\/news\/jesienne-swieczki\/","title":{"rendered":"#jesienne \u015bwieczki"},"content":{"rendered":"<p>Koniec z wakacyjn\u0105 lab\u0105 i wrze\u015bniowymi zawirowaniami w szkole. Nasze Manulne Mamy spotka\u0142y si\u0119 dzi\u015b by tworzy\u0107 i dzia\u0142a\u0107 jak dotychczas. Tym razem nasze Panie zmierzy\u0142y si\u0119 z przygotowaniem \u015bwieczki. Ile przy tym dobrej zabawy i indywidualnego podej\u015bcia. Co wybra\u0107? Jaki zapach? Jaki dodatek? Jak udekorowa\u0107 sw\u00f3j s\u0142oiczek? Pyta\u0144 i przymiarek co niemiara , ale za to jakie efekty. Ka\u017cda powsta\u0142a \u015bwieczka jest niepowtarzalna i zawiera w sobie charakter w\u0142a\u015bciciela. Na jesienne dni taka dekoracja jest idealna. Nasza Pracownia wype\u0142ni\u0142a si\u0119 najrozmaitszymi zapachami. Zaj\u0119cia bardzo spodoba\u0142y si\u0119 naszym paniom i z pewno\u015bci\u0105 powt\u00f3rzymy je dla innej grupy.<\/p>\n<p>&nbsp;<\/p>\n","protected":false},"excerpt":{"rendered":"<p>Koniec z wakacyjn\u0105 lab\u0105 i wrze\u015bniowymi zawirowaniami w szkole. Nasze [&hellip;]<\/p>\n","protected":false},"author":221,"featured_media":700,"comment_status":"open","ping_status":"closed","template":"","class_list":["post-699","news","type-news","status-publish","has-post-thumbnail","hentry"],"acf":[],"yoast_head":"<!-- This site is optimized with the Yoast SEO plugin v24.5 - https:\/\/yoast.com\/wordpress\/plugins\/seo\/ -->\n<title>#jesienne \u015bwieczki - Pracownia Orange Jaraczewo<\/title>\n<meta name=\"robots\" content=\"index, follow, max-snippet:-1, max-image-preview:large, max-video-preview:-1\" \/>\n<link rel=\"canonical\" href=\"https:\/\/pracownieorange.pl\/jaraczewo\/news\/jesienne-swieczki\/\" \/>\n<meta property=\"og:locale\" content=\"pl_PL\" \/>\n<meta property=\"og:type\" content=\"article\" \/>\n<meta property=\"og:title\" content=\"#jesienne \u015bwieczki - Pracownia Orange Jaraczewo\" \/>\n<meta property=\"og:description\" content=\"Koniec z wakacyjn\u0105 lab\u0105 i wrze\u015bniowymi zawirowaniami w szkole. Nasze [&hellip;]\" \/>\n<meta property=\"og:url\" content=\"https:\/\/pracownieorange.pl\/jaraczewo\/news\/jesienne-swieczki\/\" \/>\n<meta property=\"og:site_name\" content=\"Pracownia Orange Jaraczewo\" \/>\n<meta property=\"article:modified_time\" content=\"2024-10-28T10:44:55+00:00\" \/>\n<meta property=\"og:image\" content=\"https:\/\/pracownieorange.pl\/app\/uploads\/sites\/103\/2024\/10\/463254780_940490308110985_5449076235588793121_n.jpg\" \/>\n\t<meta property=\"og:image:width\" content=\"768\" \/>\n\t<meta property=\"og:image:height\" content=\"1024\" \/>\n\t<meta property=\"og:image:type\" content=\"image\/jpeg\" \/>\n<meta name=\"twitter:card\" content=\"summary_large_image\" \/>\n<meta name=\"twitter:label1\" content=\"Est. reading time\" \/>\n\t<meta name=\"twitter:data1\" content=\"1 minuta\" \/>\n<script type=\"application\/ld+json\" class=\"yoast-schema-graph\">{\"@context\":\"https:\/\/schema.org\",\"@graph\":[{\"@type\":\"WebPage\",\"@id\":\"https:\/\/pracownieorange.pl\/jaraczewo\/news\/jesienne-swieczki\/\",\"url\":\"https:\/\/pracownieorange.pl\/jaraczewo\/news\/jesienne-swieczki\/\",\"name\":\"#jesienne \u015bwieczki - Pracownia Orange Jaraczewo\",\"isPartOf\":{\"@id\":\"https:\/\/pracownieorange.pl\/jaraczewo\/#website\"},\"primaryImageOfPage\":{\"@id\":\"https:\/\/pracownieorange.pl\/jaraczewo\/news\/jesienne-swieczki\/#primaryimage\"},\"image\":{\"@id\":\"https:\/\/pracownieorange.pl\/jaraczewo\/news\/jesienne-swieczki\/#primaryimage\"},\"thumbnailUrl\":\"https:\/\/pracownieorange.pl\/app\/uploads\/sites\/103\/2024\/10\/463254780_940490308110985_5449076235588793121_n.jpg\",\"datePublished\":\"2024-10-17T11:25:46+00:00\",\"dateModified\":\"2024-10-28T10:44:55+00:00\",\"breadcrumb\":{\"@id\":\"https:\/\/pracownieorange.pl\/jaraczewo\/news\/jesienne-swieczki\/#breadcrumb\"},\"inLanguage\":\"pl-PL\",\"potentialAction\":[{\"@type\":\"ReadAction\",\"target\":[\"https:\/\/pracownieorange.pl\/jaraczewo\/news\/jesienne-swieczki\/\"]}]},{\"@type\":\"ImageObject\",\"inLanguage\":\"pl-PL\",\"@id\":\"https:\/\/pracownieorange.pl\/jaraczewo\/news\/jesienne-swieczki\/#primaryimage\",\"url\":\"https:\/\/pracownieorange.pl\/app\/uploads\/sites\/103\/2024\/10\/463254780_940490308110985_5449076235588793121_n.jpg\",\"contentUrl\":\"https:\/\/pracownieorange.pl\/app\/uploads\/sites\/103\/2024\/10\/463254780_940490308110985_5449076235588793121_n.jpg\",\"width\":768,\"height\":1024,\"caption\":\"kobiety siedz\u0105 przy stole i tworz\u0105 \u015bwieczki\"},{\"@type\":\"BreadcrumbList\",\"@id\":\"https:\/\/pracownieorange.pl\/jaraczewo\/news\/jesienne-swieczki\/#breadcrumb\",\"itemListElement\":[{\"@type\":\"ListItem\",\"position\":1,\"name\":\"Home\",\"item\":\"https:\/\/pracownieorange.pl\/jaraczewo\/\"},{\"@type\":\"ListItem\",\"position\":2,\"name\":\"Aktualno\u015bci\",\"item\":\"https:\/\/pracownieorange.pl\/jaraczewo\/news\/\"},{\"@type\":\"ListItem\",\"position\":3,\"name\":\"#jesienne \u015bwieczki\"}]},{\"@type\":\"WebSite\",\"@id\":\"https:\/\/pracownieorange.pl\/jaraczewo\/#website\",\"url\":\"https:\/\/pracownieorange.pl\/jaraczewo\/\",\"name\":\"Pracownia Orange Jaraczewo\",\"description\":\"\",\"potentialAction\":[{\"@type\":\"SearchAction\",\"target\":{\"@type\":\"EntryPoint\",\"urlTemplate\":\"https:\/\/pracownieorange.pl\/jaraczewo\/?s={search_term_string}\"},\"query-input\":{\"@type\":\"PropertyValueSpecification\",\"valueRequired\":true,\"valueName\":\"search_term_string\"}}],\"inLanguage\":\"pl-PL\"}]}<\/script>\n<!-- \/ Yoast SEO plugin. -->","yoast_head_json":{"title":"#jesienne \u015bwieczki - Pracownia Orange Jaraczewo","robots":{"index":"index","follow":"follow","max-snippet":"max-snippet:-1","max-image-preview":"max-image-preview:large","max-video-preview":"max-video-preview:-1"},"canonical":"https:\/\/pracownieorange.pl\/jaraczewo\/news\/jesienne-swieczki\/","og_locale":"pl_PL","og_type":"article","og_title":"#jesienne \u015bwieczki - Pracownia Orange Jaraczewo","og_description":"Koniec z wakacyjn\u0105 lab\u0105 i wrze\u015bniowymi zawirowaniami w szkole. Nasze [&hellip;]","og_url":"https:\/\/pracownieorange.pl\/jaraczewo\/news\/jesienne-swieczki\/","og_site_name":"Pracownia Orange Jaraczewo","article_modified_time":"2024-10-28T10:44:55+00:00","og_image":[{"width":768,"height":1024,"url":"https:\/\/pracownieorange.pl\/app\/uploads\/sites\/103\/2024\/10\/463254780_940490308110985_5449076235588793121_n.jpg","type":"image\/jpeg"}],"twitter_card":"summary_large_image","twitter_misc":{"Est. reading time":"1 minuta"},"schema":{"@context":"https:\/\/schema.org","@graph":[{"@type":"WebPage","@id":"https:\/\/pracownieorange.pl\/jaraczewo\/news\/jesienne-swieczki\/","url":"https:\/\/pracownieorange.pl\/jaraczewo\/news\/jesienne-swieczki\/","name":"#jesienne \u015bwieczki - Pracownia Orange Jaraczewo","isPartOf":{"@id":"https:\/\/pracownieorange.pl\/jaraczewo\/#website"},"primaryImageOfPage":{"@id":"https:\/\/pracownieorange.pl\/jaraczewo\/news\/jesienne-swieczki\/#primaryimage"},"image":{"@id":"https:\/\/pracownieorange.pl\/jaraczewo\/news\/jesienne-swieczki\/#primaryimage"},"thumbnailUrl":"https:\/\/pracownieorange.pl\/app\/uploads\/sites\/103\/2024\/10\/463254780_940490308110985_5449076235588793121_n.jpg","datePublished":"2024-10-17T11:25:46+00:00","dateModified":"2024-10-28T10:44:55+00:00","breadcrumb":{"@id":"https:\/\/pracownieorange.pl\/jaraczewo\/news\/jesienne-swieczki\/#breadcrumb"},"inLanguage":"pl-PL","potentialAction":[{"@type":"ReadAction","target":["https:\/\/pracownieorange.pl\/jaraczewo\/news\/jesienne-swieczki\/"]}]},{"@type":"ImageObject","inLanguage":"pl-PL","@id":"https:\/\/pracownieorange.pl\/jaraczewo\/news\/jesienne-swieczki\/#primaryimage","url":"https:\/\/pracownieorange.pl\/app\/uploads\/sites\/103\/2024\/10\/463254780_940490308110985_5449076235588793121_n.jpg","contentUrl":"https:\/\/pracownieorange.pl\/app\/uploads\/sites\/103\/2024\/10\/463254780_940490308110985_5449076235588793121_n.jpg","width":768,"height":1024,"caption":"kobiety siedz\u0105 przy stole i tworz\u0105 \u015bwieczki"},{"@type":"BreadcrumbList","@id":"https:\/\/pracownieorange.pl\/jaraczewo\/news\/jesienne-swieczki\/#breadcrumb","itemListElement":[{"@type":"ListItem","position":1,"name":"Home","item":"https:\/\/pracownieorange.pl\/jaraczewo\/"},{"@type":"ListItem","position":2,"name":"Aktualno\u015bci","item":"https:\/\/pracownieorange.pl\/jaraczewo\/news\/"},{"@type":"ListItem","position":3,"name":"#jesienne \u015bwieczki"}]},{"@type":"WebSite","@id":"https:\/\/pracownieorange.pl\/jaraczewo\/#website","url":"https:\/\/pracownieorange.pl\/jaraczewo\/","name":"Pracownia Orange Jaraczewo","description":"","potentialAction":[{"@type":"SearchAction","target":{"@type":"EntryPoint","urlTemplate":"https:\/\/pracownieorange.pl\/jaraczewo\/?s={search_term_string}"},"query-input":{"@type":"PropertyValueSpecification","valueRequired":true,"valueName":"search_term_string"}}],"inLanguage":"pl-PL"}]}},"_links":{"self":[{"href":"https:\/\/pracownieorange.pl\/jaraczewo\/wp-json\/wp\/v2\/news\/699","targetHints":{"allow":["GET"]}}],"collection":[{"href":"https:\/\/pracownieorange.pl\/jaraczewo\/wp-json\/wp\/v2\/news"}],"about":[{"href":"https:\/\/pracownieorange.pl\/jaraczewo\/wp-json\/wp\/v2\/types\/news"}],"author":[{"embeddable":true,"href":"https:\/\/pracownieorange.pl\/jaraczewo\/wp-json\/wp\/v2\/users\/221"}],"replies":[{"embeddable":true,"href":"https:\/\/pracownieorange.pl\/jaraczewo\/wp-json\/wp\/v2\/comments?post=699"}],"wp:featuredmedia":[{"embeddable":true,"href":"https:\/\/pracownieorange.pl\/jaraczewo\/wp-json\/wp\/v2\/media\/700"}],"wp:attachment":[{"href":"https:\/\/pracownieorange.pl\/jaraczewo\/wp-json\/wp\/v2\/media?parent=699"}],"curies":[{"name":"wp","href":"https:\/\/api.w.org\/{rel}","templated":true}]}}