

{"id":482,"date":"2024-04-25T09:25:25","date_gmt":"2024-04-25T07:25:25","guid":{"rendered":"https:\/\/pracownieorange.pl\/jaraczewo\/?post_type=news&#038;p=482"},"modified":"2024-04-26T12:28:59","modified_gmt":"2024-04-26T10:28:59","slug":"kawa-przy-wiezy-eiffla-vr","status":"publish","type":"news","link":"https:\/\/pracownieorange.pl\/jaraczewo\/news\/kawa-przy-wiezy-eiffla-vr\/","title":{"rendered":"Kawa przy Wie\u017cy Eiffla &#8211; VR"},"content":{"rendered":"<p>Czy mo\u017cna uda\u0107 si\u0119 w miejsce odleg\u0142e bez wychodzenia z domu czy biblioteki? Oczywi\u015bcie, \u017ce TAK\u00a0 i to dzi\u0119ki goglom\u00a0 VR, kt\u00f3re maj\u0105 niesamowite mo\u017cliwo\u015bci.<\/p>\n<p>Nasze Panie z klubu Aktywnego Seniora do\u015bwiadczy\u0142y pierwszy raz wirtualnej rzeczywisto\u015bci.\u00a0 W trosce o ich komfort oraz pocz\u0105tek przygody z VR &#8222;zabrali\u015bmy&#8221; nasze Panie na ma\u0142\u0105 wycieczk\u0119. Najpierw udali\u015bmy si\u0119 do Szwajcarii,a potem zwiedzili\u015bmy Pary\u017c. Reakcje Pa\u0144 niedopisania. Ich rado\u015b\u0107 i emocje jeszcze na d\u0142ugo po \u015bci\u0105gni\u0119ciu gogli dawa\u0142y o sobie zna\u0107.\u00a0 Dla jednej z naszych Seniorek podr\u00f3\u017c do Pary\u017ca okaza\u0142a si\u0119 sentymentalnym powrotem do wspomnie\u0144 z wcze\u015bniejszych lat. Niesamowicie by\u0142o s\u0142ucha\u0107 &#8222;Ja ju\u017c tam by\u0142am&#8221; &#8222;Ooo i to te\u017c zwiedza\u0142am&#8221;.<\/p>\n<p>Dzi\u0119ki Pracowni Orange mo\u017cemy przeprowadza\u0107 zupe\u0142nie innowacyjne i nowoczesne zaj\u0119cia dla naszych senior\u00f3w. Zaj\u0119cia te, zosta\u0142y bardzo dobrze przyj\u0119te.<\/p>\n","protected":false},"excerpt":{"rendered":"<p>Czy mo\u017cna uda\u0107 si\u0119 w miejsce odleg\u0142e bez wychodzenia z [&hellip;]<\/p>\n","protected":false},"author":221,"featured_media":483,"comment_status":"open","ping_status":"closed","template":"","class_list":["post-482","news","type-news","status-publish","has-post-thumbnail","hentry"],"acf":[],"yoast_head":"<!-- This site is optimized with the Yoast SEO plugin v24.5 - https:\/\/yoast.com\/wordpress\/plugins\/seo\/ -->\n<title>Kawa przy Wie\u017cy Eiffla - VR - Pracownia Orange Jaraczewo<\/title>\n<meta name=\"robots\" content=\"index, follow, max-snippet:-1, max-image-preview:large, max-video-preview:-1\" \/>\n<link rel=\"canonical\" href=\"https:\/\/pracownieorange.pl\/jaraczewo\/news\/kawa-przy-wiezy-eiffla-vr\/\" \/>\n<meta property=\"og:locale\" content=\"pl_PL\" \/>\n<meta property=\"og:type\" content=\"article\" \/>\n<meta property=\"og:title\" content=\"Kawa przy Wie\u017cy Eiffla - VR - Pracownia Orange Jaraczewo\" \/>\n<meta property=\"og:description\" content=\"Czy mo\u017cna uda\u0107 si\u0119 w miejsce odleg\u0142e bez wychodzenia z [&hellip;]\" \/>\n<meta property=\"og:url\" content=\"https:\/\/pracownieorange.pl\/jaraczewo\/news\/kawa-przy-wiezy-eiffla-vr\/\" \/>\n<meta property=\"og:site_name\" content=\"Pracownia Orange Jaraczewo\" \/>\n<meta property=\"article:modified_time\" content=\"2024-04-26T10:28:59+00:00\" \/>\n<meta property=\"og:image\" content=\"https:\/\/pracownieorange.pl\/app\/uploads\/sites\/103\/2024\/04\/439078423_823129036513780_2931391840296968781_n.jpg\" \/>\n\t<meta property=\"og:image:width\" content=\"960\" \/>\n\t<meta property=\"og:image:height\" content=\"720\" \/>\n\t<meta property=\"og:image:type\" content=\"image\/jpeg\" \/>\n<meta name=\"twitter:card\" content=\"summary_large_image\" \/>\n<meta name=\"twitter:label1\" content=\"Est. reading time\" \/>\n\t<meta name=\"twitter:data1\" content=\"1 minuta\" \/>\n<script type=\"application\/ld+json\" class=\"yoast-schema-graph\">{\"@context\":\"https:\/\/schema.org\",\"@graph\":[{\"@type\":\"WebPage\",\"@id\":\"https:\/\/pracownieorange.pl\/jaraczewo\/news\/kawa-przy-wiezy-eiffla-vr\/\",\"url\":\"https:\/\/pracownieorange.pl\/jaraczewo\/news\/kawa-przy-wiezy-eiffla-vr\/\",\"name\":\"Kawa przy Wie\u017cy Eiffla - VR - Pracownia Orange Jaraczewo\",\"isPartOf\":{\"@id\":\"https:\/\/pracownieorange.pl\/jaraczewo\/#website\"},\"primaryImageOfPage\":{\"@id\":\"https:\/\/pracownieorange.pl\/jaraczewo\/news\/kawa-przy-wiezy-eiffla-vr\/#primaryimage\"},\"image\":{\"@id\":\"https:\/\/pracownieorange.pl\/jaraczewo\/news\/kawa-przy-wiezy-eiffla-vr\/#primaryimage\"},\"thumbnailUrl\":\"https:\/\/pracownieorange.pl\/app\/uploads\/sites\/103\/2024\/04\/439078423_823129036513780_2931391840296968781_n.jpg\",\"datePublished\":\"2024-04-25T07:25:25+00:00\",\"dateModified\":\"2024-04-26T10:28:59+00:00\",\"breadcrumb\":{\"@id\":\"https:\/\/pracownieorange.pl\/jaraczewo\/news\/kawa-przy-wiezy-eiffla-vr\/#breadcrumb\"},\"inLanguage\":\"pl-PL\",\"potentialAction\":[{\"@type\":\"ReadAction\",\"target\":[\"https:\/\/pracownieorange.pl\/jaraczewo\/news\/kawa-przy-wiezy-eiffla-vr\/\"]}]},{\"@type\":\"ImageObject\",\"inLanguage\":\"pl-PL\",\"@id\":\"https:\/\/pracownieorange.pl\/jaraczewo\/news\/kawa-przy-wiezy-eiffla-vr\/#primaryimage\",\"url\":\"https:\/\/pracownieorange.pl\/app\/uploads\/sites\/103\/2024\/04\/439078423_823129036513780_2931391840296968781_n.jpg\",\"contentUrl\":\"https:\/\/pracownieorange.pl\/app\/uploads\/sites\/103\/2024\/04\/439078423_823129036513780_2931391840296968781_n.jpg\",\"width\":960,\"height\":720,\"caption\":\"Trzy kobiety z goglami VR\"},{\"@type\":\"BreadcrumbList\",\"@id\":\"https:\/\/pracownieorange.pl\/jaraczewo\/news\/kawa-przy-wiezy-eiffla-vr\/#breadcrumb\",\"itemListElement\":[{\"@type\":\"ListItem\",\"position\":1,\"name\":\"Home\",\"item\":\"https:\/\/pracownieorange.pl\/jaraczewo\/\"},{\"@type\":\"ListItem\",\"position\":2,\"name\":\"Aktualno\u015bci\",\"item\":\"https:\/\/pracownieorange.pl\/jaraczewo\/news\/\"},{\"@type\":\"ListItem\",\"position\":3,\"name\":\"Kawa przy Wie\u017cy Eiffla &#8211; VR\"}]},{\"@type\":\"WebSite\",\"@id\":\"https:\/\/pracownieorange.pl\/jaraczewo\/#website\",\"url\":\"https:\/\/pracownieorange.pl\/jaraczewo\/\",\"name\":\"Pracownia Orange Jaraczewo\",\"description\":\"\",\"potentialAction\":[{\"@type\":\"SearchAction\",\"target\":{\"@type\":\"EntryPoint\",\"urlTemplate\":\"https:\/\/pracownieorange.pl\/jaraczewo\/?s={search_term_string}\"},\"query-input\":{\"@type\":\"PropertyValueSpecification\",\"valueRequired\":true,\"valueName\":\"search_term_string\"}}],\"inLanguage\":\"pl-PL\"}]}<\/script>\n<!-- \/ Yoast SEO plugin. -->","yoast_head_json":{"title":"Kawa przy Wie\u017cy Eiffla - VR - Pracownia Orange Jaraczewo","robots":{"index":"index","follow":"follow","max-snippet":"max-snippet:-1","max-image-preview":"max-image-preview:large","max-video-preview":"max-video-preview:-1"},"canonical":"https:\/\/pracownieorange.pl\/jaraczewo\/news\/kawa-przy-wiezy-eiffla-vr\/","og_locale":"pl_PL","og_type":"article","og_title":"Kawa przy Wie\u017cy Eiffla - VR - Pracownia Orange Jaraczewo","og_description":"Czy mo\u017cna uda\u0107 si\u0119 w miejsce odleg\u0142e bez wychodzenia z [&hellip;]","og_url":"https:\/\/pracownieorange.pl\/jaraczewo\/news\/kawa-przy-wiezy-eiffla-vr\/","og_site_name":"Pracownia Orange Jaraczewo","article_modified_time":"2024-04-26T10:28:59+00:00","og_image":[{"width":960,"height":720,"url":"https:\/\/pracownieorange.pl\/app\/uploads\/sites\/103\/2024\/04\/439078423_823129036513780_2931391840296968781_n.jpg","type":"image\/jpeg"}],"twitter_card":"summary_large_image","twitter_misc":{"Est. reading time":"1 minuta"},"schema":{"@context":"https:\/\/schema.org","@graph":[{"@type":"WebPage","@id":"https:\/\/pracownieorange.pl\/jaraczewo\/news\/kawa-przy-wiezy-eiffla-vr\/","url":"https:\/\/pracownieorange.pl\/jaraczewo\/news\/kawa-przy-wiezy-eiffla-vr\/","name":"Kawa przy Wie\u017cy Eiffla - VR - Pracownia Orange Jaraczewo","isPartOf":{"@id":"https:\/\/pracownieorange.pl\/jaraczewo\/#website"},"primaryImageOfPage":{"@id":"https:\/\/pracownieorange.pl\/jaraczewo\/news\/kawa-przy-wiezy-eiffla-vr\/#primaryimage"},"image":{"@id":"https:\/\/pracownieorange.pl\/jaraczewo\/news\/kawa-przy-wiezy-eiffla-vr\/#primaryimage"},"thumbnailUrl":"https:\/\/pracownieorange.pl\/app\/uploads\/sites\/103\/2024\/04\/439078423_823129036513780_2931391840296968781_n.jpg","datePublished":"2024-04-25T07:25:25+00:00","dateModified":"2024-04-26T10:28:59+00:00","breadcrumb":{"@id":"https:\/\/pracownieorange.pl\/jaraczewo\/news\/kawa-przy-wiezy-eiffla-vr\/#breadcrumb"},"inLanguage":"pl-PL","potentialAction":[{"@type":"ReadAction","target":["https:\/\/pracownieorange.pl\/jaraczewo\/news\/kawa-przy-wiezy-eiffla-vr\/"]}]},{"@type":"ImageObject","inLanguage":"pl-PL","@id":"https:\/\/pracownieorange.pl\/jaraczewo\/news\/kawa-przy-wiezy-eiffla-vr\/#primaryimage","url":"https:\/\/pracownieorange.pl\/app\/uploads\/sites\/103\/2024\/04\/439078423_823129036513780_2931391840296968781_n.jpg","contentUrl":"https:\/\/pracownieorange.pl\/app\/uploads\/sites\/103\/2024\/04\/439078423_823129036513780_2931391840296968781_n.jpg","width":960,"height":720,"caption":"Trzy kobiety z goglami VR"},{"@type":"BreadcrumbList","@id":"https:\/\/pracownieorange.pl\/jaraczewo\/news\/kawa-przy-wiezy-eiffla-vr\/#breadcrumb","itemListElement":[{"@type":"ListItem","position":1,"name":"Home","item":"https:\/\/pracownieorange.pl\/jaraczewo\/"},{"@type":"ListItem","position":2,"name":"Aktualno\u015bci","item":"https:\/\/pracownieorange.pl\/jaraczewo\/news\/"},{"@type":"ListItem","position":3,"name":"Kawa przy Wie\u017cy Eiffla &#8211; VR"}]},{"@type":"WebSite","@id":"https:\/\/pracownieorange.pl\/jaraczewo\/#website","url":"https:\/\/pracownieorange.pl\/jaraczewo\/","name":"Pracownia Orange Jaraczewo","description":"","potentialAction":[{"@type":"SearchAction","target":{"@type":"EntryPoint","urlTemplate":"https:\/\/pracownieorange.pl\/jaraczewo\/?s={search_term_string}"},"query-input":{"@type":"PropertyValueSpecification","valueRequired":true,"valueName":"search_term_string"}}],"inLanguage":"pl-PL"}]}},"_links":{"self":[{"href":"https:\/\/pracownieorange.pl\/jaraczewo\/wp-json\/wp\/v2\/news\/482","targetHints":{"allow":["GET"]}}],"collection":[{"href":"https:\/\/pracownieorange.pl\/jaraczewo\/wp-json\/wp\/v2\/news"}],"about":[{"href":"https:\/\/pracownieorange.pl\/jaraczewo\/wp-json\/wp\/v2\/types\/news"}],"author":[{"embeddable":true,"href":"https:\/\/pracownieorange.pl\/jaraczewo\/wp-json\/wp\/v2\/users\/221"}],"replies":[{"embeddable":true,"href":"https:\/\/pracownieorange.pl\/jaraczewo\/wp-json\/wp\/v2\/comments?post=482"}],"wp:featuredmedia":[{"embeddable":true,"href":"https:\/\/pracownieorange.pl\/jaraczewo\/wp-json\/wp\/v2\/media\/483"}],"wp:attachment":[{"href":"https:\/\/pracownieorange.pl\/jaraczewo\/wp-json\/wp\/v2\/media?parent=482"}],"curies":[{"name":"wp","href":"https:\/\/api.w.org\/{rel}","templated":true}]}}