

{"id":358,"date":"2024-03-22T10:01:50","date_gmt":"2024-03-22T09:01:50","guid":{"rendered":"https:\/\/pracownieorange.pl\/jaraczewo\/?post_type=news&#038;p=358"},"modified":"2024-03-25T17:43:32","modified_gmt":"2024-03-25T16:43:32","slug":"rodzinne-warsztaty-swiateczne","status":"publish","type":"news","link":"https:\/\/pracownieorange.pl\/jaraczewo\/news\/rodzinne-warsztaty-swiateczne\/","title":{"rendered":"Rodzinne warsztaty \u015bwi\u0105teczne"},"content":{"rendered":"<p>\u015awi\u0119ta Wielkanocne ju\u017c coraz bli\u017cej. U nas przygotowania id\u0105 pe\u0142n\u0105 par\u0105.\u00a0 Wykorzystuj\u0105c mo\u017cliwo\u015bci, jakie daje ploter laserowy postanowili\u015bmy przeprowadzi\u0107 dwa warsztaty manualne dla dzieci. Po burzy m\u00f3zg\u00f3w naszych liderek powsta\u0142a koncepcja na jajko &#8211; pisank\u0119 oraz kr\u00f3liczka. Intensywnie ploter dzia\u0142a\u0142 na kilka dni przed zaj\u0119ciami.<\/p>\n<p>By umo\u017cliwi\u0107 udzia\u0142 wi\u0119kszej liczbie dzieci postanowili\u015bmy, zrobi\u0107 zaj\u0119cia stacjonarne w Pracowni oraz w filii bibliotecznej znajduj\u0105cej si\u0119 w innej, mniejszej miejscowo\u015bci. W ten spos\u00f3b nasza Pracownia sta\u0142a si\u0119 w miar\u0119 mo\u017cliwo\u015bci mobilna. Kreatywne zaj\u0119cia bardzo spodoba\u0142y si\u0119 zar\u00f3wno dzieciom jak i rodzicom, kt\u00f3rzy towarzyszyli podczas warsztat\u00f3w.\u00a0 By\u0142 to bardzo dobry, rodzinny czas. Powsta\u0142e ozdoby b\u0119d\u0105 z pewno\u015bci\u0105 dekorowa\u0107 domy naszych uczestnik\u00f3w.<\/p>\n<p>&nbsp;<\/p>\n","protected":false},"excerpt":{"rendered":"<p>\u015awi\u0119ta Wielkanocne ju\u017c coraz bli\u017cej. U nas przygotowania id\u0105 pe\u0142n\u0105 [&hellip;]<\/p>\n","protected":false},"author":221,"featured_media":360,"comment_status":"open","ping_status":"closed","template":"","class_list":["post-358","news","type-news","status-publish","has-post-thumbnail","hentry"],"acf":[],"yoast_head":"<!-- This site is optimized with the Yoast SEO plugin v24.5 - https:\/\/yoast.com\/wordpress\/plugins\/seo\/ -->\n<title>Rodzinne warsztaty \u015bwi\u0105teczne - Pracownia Orange Jaraczewo<\/title>\n<meta name=\"robots\" content=\"index, follow, max-snippet:-1, max-image-preview:large, max-video-preview:-1\" \/>\n<link rel=\"canonical\" href=\"https:\/\/pracownieorange.pl\/jaraczewo\/news\/rodzinne-warsztaty-swiateczne\/\" \/>\n<meta property=\"og:locale\" content=\"pl_PL\" \/>\n<meta property=\"og:type\" content=\"article\" \/>\n<meta property=\"og:title\" content=\"Rodzinne warsztaty \u015bwi\u0105teczne - Pracownia Orange Jaraczewo\" \/>\n<meta property=\"og:description\" content=\"\u015awi\u0119ta Wielkanocne ju\u017c coraz bli\u017cej. U nas przygotowania id\u0105 pe\u0142n\u0105 [&hellip;]\" \/>\n<meta property=\"og:url\" content=\"https:\/\/pracownieorange.pl\/jaraczewo\/news\/rodzinne-warsztaty-swiateczne\/\" \/>\n<meta property=\"og:site_name\" content=\"Pracownia Orange Jaraczewo\" \/>\n<meta property=\"article:modified_time\" content=\"2024-03-25T16:43:32+00:00\" \/>\n<meta property=\"og:image\" content=\"https:\/\/pracownieorange.pl\/app\/uploads\/sites\/103\/2024\/03\/3.jpg\" \/>\n\t<meta property=\"og:image:width\" content=\"1536\" \/>\n\t<meta property=\"og:image:height\" content=\"2048\" \/>\n\t<meta property=\"og:image:type\" content=\"image\/jpeg\" \/>\n<meta name=\"twitter:card\" content=\"summary_large_image\" \/>\n<meta name=\"twitter:label1\" content=\"Est. reading time\" \/>\n\t<meta name=\"twitter:data1\" content=\"1 minuta\" \/>\n<script type=\"application\/ld+json\" class=\"yoast-schema-graph\">{\"@context\":\"https:\/\/schema.org\",\"@graph\":[{\"@type\":\"WebPage\",\"@id\":\"https:\/\/pracownieorange.pl\/jaraczewo\/news\/rodzinne-warsztaty-swiateczne\/\",\"url\":\"https:\/\/pracownieorange.pl\/jaraczewo\/news\/rodzinne-warsztaty-swiateczne\/\",\"name\":\"Rodzinne warsztaty \u015bwi\u0105teczne - Pracownia Orange Jaraczewo\",\"isPartOf\":{\"@id\":\"https:\/\/pracownieorange.pl\/jaraczewo\/#website\"},\"primaryImageOfPage\":{\"@id\":\"https:\/\/pracownieorange.pl\/jaraczewo\/news\/rodzinne-warsztaty-swiateczne\/#primaryimage\"},\"image\":{\"@id\":\"https:\/\/pracownieorange.pl\/jaraczewo\/news\/rodzinne-warsztaty-swiateczne\/#primaryimage\"},\"thumbnailUrl\":\"https:\/\/pracownieorange.pl\/app\/uploads\/sites\/103\/2024\/03\/3.jpg\",\"datePublished\":\"2024-03-22T09:01:50+00:00\",\"dateModified\":\"2024-03-25T16:43:32+00:00\",\"breadcrumb\":{\"@id\":\"https:\/\/pracownieorange.pl\/jaraczewo\/news\/rodzinne-warsztaty-swiateczne\/#breadcrumb\"},\"inLanguage\":\"pl-PL\",\"potentialAction\":[{\"@type\":\"ReadAction\",\"target\":[\"https:\/\/pracownieorange.pl\/jaraczewo\/news\/rodzinne-warsztaty-swiateczne\/\"]}]},{\"@type\":\"ImageObject\",\"inLanguage\":\"pl-PL\",\"@id\":\"https:\/\/pracownieorange.pl\/jaraczewo\/news\/rodzinne-warsztaty-swiateczne\/#primaryimage\",\"url\":\"https:\/\/pracownieorange.pl\/app\/uploads\/sites\/103\/2024\/03\/3.jpg\",\"contentUrl\":\"https:\/\/pracownieorange.pl\/app\/uploads\/sites\/103\/2024\/03\/3.jpg\",\"width\":1536,\"height\":2048,\"caption\":\"ozdabianie drewnianych element\u00f3w przez dzieci\"},{\"@type\":\"BreadcrumbList\",\"@id\":\"https:\/\/pracownieorange.pl\/jaraczewo\/news\/rodzinne-warsztaty-swiateczne\/#breadcrumb\",\"itemListElement\":[{\"@type\":\"ListItem\",\"position\":1,\"name\":\"Home\",\"item\":\"https:\/\/pracownieorange.pl\/jaraczewo\/\"},{\"@type\":\"ListItem\",\"position\":2,\"name\":\"Aktualno\u015bci\",\"item\":\"https:\/\/pracownieorange.pl\/jaraczewo\/news\/\"},{\"@type\":\"ListItem\",\"position\":3,\"name\":\"Rodzinne warsztaty \u015bwi\u0105teczne\"}]},{\"@type\":\"WebSite\",\"@id\":\"https:\/\/pracownieorange.pl\/jaraczewo\/#website\",\"url\":\"https:\/\/pracownieorange.pl\/jaraczewo\/\",\"name\":\"Pracownia Orange Jaraczewo\",\"description\":\"\",\"potentialAction\":[{\"@type\":\"SearchAction\",\"target\":{\"@type\":\"EntryPoint\",\"urlTemplate\":\"https:\/\/pracownieorange.pl\/jaraczewo\/?s={search_term_string}\"},\"query-input\":{\"@type\":\"PropertyValueSpecification\",\"valueRequired\":true,\"valueName\":\"search_term_string\"}}],\"inLanguage\":\"pl-PL\"}]}<\/script>\n<!-- \/ Yoast SEO plugin. -->","yoast_head_json":{"title":"Rodzinne warsztaty \u015bwi\u0105teczne - Pracownia Orange Jaraczewo","robots":{"index":"index","follow":"follow","max-snippet":"max-snippet:-1","max-image-preview":"max-image-preview:large","max-video-preview":"max-video-preview:-1"},"canonical":"https:\/\/pracownieorange.pl\/jaraczewo\/news\/rodzinne-warsztaty-swiateczne\/","og_locale":"pl_PL","og_type":"article","og_title":"Rodzinne warsztaty \u015bwi\u0105teczne - Pracownia Orange Jaraczewo","og_description":"\u015awi\u0119ta Wielkanocne ju\u017c coraz bli\u017cej. U nas przygotowania id\u0105 pe\u0142n\u0105 [&hellip;]","og_url":"https:\/\/pracownieorange.pl\/jaraczewo\/news\/rodzinne-warsztaty-swiateczne\/","og_site_name":"Pracownia Orange Jaraczewo","article_modified_time":"2024-03-25T16:43:32+00:00","og_image":[{"width":1536,"height":2048,"url":"https:\/\/pracownieorange.pl\/app\/uploads\/sites\/103\/2024\/03\/3.jpg","type":"image\/jpeg"}],"twitter_card":"summary_large_image","twitter_misc":{"Est. reading time":"1 minuta"},"schema":{"@context":"https:\/\/schema.org","@graph":[{"@type":"WebPage","@id":"https:\/\/pracownieorange.pl\/jaraczewo\/news\/rodzinne-warsztaty-swiateczne\/","url":"https:\/\/pracownieorange.pl\/jaraczewo\/news\/rodzinne-warsztaty-swiateczne\/","name":"Rodzinne warsztaty \u015bwi\u0105teczne - Pracownia Orange Jaraczewo","isPartOf":{"@id":"https:\/\/pracownieorange.pl\/jaraczewo\/#website"},"primaryImageOfPage":{"@id":"https:\/\/pracownieorange.pl\/jaraczewo\/news\/rodzinne-warsztaty-swiateczne\/#primaryimage"},"image":{"@id":"https:\/\/pracownieorange.pl\/jaraczewo\/news\/rodzinne-warsztaty-swiateczne\/#primaryimage"},"thumbnailUrl":"https:\/\/pracownieorange.pl\/app\/uploads\/sites\/103\/2024\/03\/3.jpg","datePublished":"2024-03-22T09:01:50+00:00","dateModified":"2024-03-25T16:43:32+00:00","breadcrumb":{"@id":"https:\/\/pracownieorange.pl\/jaraczewo\/news\/rodzinne-warsztaty-swiateczne\/#breadcrumb"},"inLanguage":"pl-PL","potentialAction":[{"@type":"ReadAction","target":["https:\/\/pracownieorange.pl\/jaraczewo\/news\/rodzinne-warsztaty-swiateczne\/"]}]},{"@type":"ImageObject","inLanguage":"pl-PL","@id":"https:\/\/pracownieorange.pl\/jaraczewo\/news\/rodzinne-warsztaty-swiateczne\/#primaryimage","url":"https:\/\/pracownieorange.pl\/app\/uploads\/sites\/103\/2024\/03\/3.jpg","contentUrl":"https:\/\/pracownieorange.pl\/app\/uploads\/sites\/103\/2024\/03\/3.jpg","width":1536,"height":2048,"caption":"ozdabianie drewnianych element\u00f3w przez dzieci"},{"@type":"BreadcrumbList","@id":"https:\/\/pracownieorange.pl\/jaraczewo\/news\/rodzinne-warsztaty-swiateczne\/#breadcrumb","itemListElement":[{"@type":"ListItem","position":1,"name":"Home","item":"https:\/\/pracownieorange.pl\/jaraczewo\/"},{"@type":"ListItem","position":2,"name":"Aktualno\u015bci","item":"https:\/\/pracownieorange.pl\/jaraczewo\/news\/"},{"@type":"ListItem","position":3,"name":"Rodzinne warsztaty \u015bwi\u0105teczne"}]},{"@type":"WebSite","@id":"https:\/\/pracownieorange.pl\/jaraczewo\/#website","url":"https:\/\/pracownieorange.pl\/jaraczewo\/","name":"Pracownia Orange Jaraczewo","description":"","potentialAction":[{"@type":"SearchAction","target":{"@type":"EntryPoint","urlTemplate":"https:\/\/pracownieorange.pl\/jaraczewo\/?s={search_term_string}"},"query-input":{"@type":"PropertyValueSpecification","valueRequired":true,"valueName":"search_term_string"}}],"inLanguage":"pl-PL"}]}},"_links":{"self":[{"href":"https:\/\/pracownieorange.pl\/jaraczewo\/wp-json\/wp\/v2\/news\/358","targetHints":{"allow":["GET"]}}],"collection":[{"href":"https:\/\/pracownieorange.pl\/jaraczewo\/wp-json\/wp\/v2\/news"}],"about":[{"href":"https:\/\/pracownieorange.pl\/jaraczewo\/wp-json\/wp\/v2\/types\/news"}],"author":[{"embeddable":true,"href":"https:\/\/pracownieorange.pl\/jaraczewo\/wp-json\/wp\/v2\/users\/221"}],"replies":[{"embeddable":true,"href":"https:\/\/pracownieorange.pl\/jaraczewo\/wp-json\/wp\/v2\/comments?post=358"}],"wp:featuredmedia":[{"embeddable":true,"href":"https:\/\/pracownieorange.pl\/jaraczewo\/wp-json\/wp\/v2\/media\/360"}],"wp:attachment":[{"href":"https:\/\/pracownieorange.pl\/jaraczewo\/wp-json\/wp\/v2\/media?parent=358"}],"curies":[{"name":"wp","href":"https:\/\/api.w.org\/{rel}","templated":true}]}}