

{"id":242,"date":"2024-02-06T13:58:56","date_gmt":"2024-02-06T12:58:56","guid":{"rendered":"https:\/\/pracownieorange.pl\/jaraczewo\/?post_type=news&#038;p=242"},"modified":"2024-02-07T10:08:21","modified_gmt":"2024-02-07T09:08:21","slug":"jaraczewskie-seniorki-szyja","status":"publish","type":"news","link":"https:\/\/pracownieorange.pl\/jaraczewo\/news\/jaraczewskie-seniorki-szyja\/","title":{"rendered":"Jaraczewskie Seniorki szyj\u0105"},"content":{"rendered":"<p>W po\u0142\u0105czeniu ig\u0142y z nitk\u0105, nitk\u0105 z maszyn\u0105 do szycia oraz z materia\u0142em mog\u0105 powsta\u0107 niesamowite rzeczy. Panie uczestnicz\u0105ce w zaj\u0119ciach w ramach Aktywnego Seniora rozpocz\u0119\u0142y prace nad powstaniem torby ekologicznej na zakupy czy ksi\u0105\u017cki. Nie ka\u017cda z Pa\u0144 mia\u0142a mo\u017cliwo\u015b\u0107 szycia. Cieszymy si\u0119,\u00a0 \u017ce dzi\u0119ki dzia\u0142aj\u0105cej w naszej Pracowni Orange pracowni Makerspace mamy takie mo\u017cliwo\u015bci. I spe\u0142niamy marzenia naszych mieszka\u0144c\u00f3w.<\/p>\n<p>Po wcze\u015bniejszym wykrojeniu materia\u0142u, Panie rozpocz\u0119\u0142y pierwsze przymiarki przy maszynie. Uda\u0142o nam si\u0119 zszy\u0107 boki i powalczy\u0107 z uszami. Na pewno na kolejnych zaj\u0119ciach b\u0119dziemy kontynuowa\u0107 rozpocz\u0119te dzia\u0142ania.<\/p>\n<p>&nbsp;<\/p>\n","protected":false},"excerpt":{"rendered":"<p>W po\u0142\u0105czeniu ig\u0142y z nitk\u0105, nitk\u0105 z maszyn\u0105 do szycia [&hellip;]<\/p>\n","protected":false},"author":221,"featured_media":243,"comment_status":"open","ping_status":"closed","template":"","class_list":["post-242","news","type-news","status-publish","has-post-thumbnail","hentry"],"acf":[],"yoast_head":"<!-- This site is optimized with the Yoast SEO plugin v24.5 - https:\/\/yoast.com\/wordpress\/plugins\/seo\/ -->\n<title>Jaraczewskie Seniorki szyj\u0105 - Pracownia Orange Jaraczewo<\/title>\n<meta name=\"robots\" content=\"index, follow, max-snippet:-1, max-image-preview:large, max-video-preview:-1\" \/>\n<link rel=\"canonical\" href=\"https:\/\/pracownieorange.pl\/jaraczewo\/news\/jaraczewskie-seniorki-szyja\/\" \/>\n<meta property=\"og:locale\" content=\"pl_PL\" \/>\n<meta property=\"og:type\" content=\"article\" \/>\n<meta property=\"og:title\" content=\"Jaraczewskie Seniorki szyj\u0105 - Pracownia Orange Jaraczewo\" \/>\n<meta property=\"og:description\" content=\"W po\u0142\u0105czeniu ig\u0142y z nitk\u0105, nitk\u0105 z maszyn\u0105 do szycia [&hellip;]\" \/>\n<meta property=\"og:url\" content=\"https:\/\/pracownieorange.pl\/jaraczewo\/news\/jaraczewskie-seniorki-szyja\/\" \/>\n<meta property=\"og:site_name\" content=\"Pracownia Orange Jaraczewo\" \/>\n<meta property=\"article:modified_time\" content=\"2024-02-07T09:08:21+00:00\" \/>\n<meta property=\"og:image\" content=\"https:\/\/pracownieorange.pl\/app\/uploads\/sites\/103\/2024\/02\/422560369_776137547879596_1508548360216669567_n.jpg\" \/>\n\t<meta property=\"og:image:width\" content=\"720\" \/>\n\t<meta property=\"og:image:height\" content=\"960\" \/>\n\t<meta property=\"og:image:type\" content=\"image\/jpeg\" \/>\n<meta name=\"twitter:card\" content=\"summary_large_image\" \/>\n<meta name=\"twitter:label1\" content=\"Est. reading time\" \/>\n\t<meta name=\"twitter:data1\" content=\"1 minuta\" \/>\n<script type=\"application\/ld+json\" class=\"yoast-schema-graph\">{\"@context\":\"https:\/\/schema.org\",\"@graph\":[{\"@type\":\"WebPage\",\"@id\":\"https:\/\/pracownieorange.pl\/jaraczewo\/news\/jaraczewskie-seniorki-szyja\/\",\"url\":\"https:\/\/pracownieorange.pl\/jaraczewo\/news\/jaraczewskie-seniorki-szyja\/\",\"name\":\"Jaraczewskie Seniorki szyj\u0105 - Pracownia Orange Jaraczewo\",\"isPartOf\":{\"@id\":\"https:\/\/pracownieorange.pl\/jaraczewo\/#website\"},\"primaryImageOfPage\":{\"@id\":\"https:\/\/pracownieorange.pl\/jaraczewo\/news\/jaraczewskie-seniorki-szyja\/#primaryimage\"},\"image\":{\"@id\":\"https:\/\/pracownieorange.pl\/jaraczewo\/news\/jaraczewskie-seniorki-szyja\/#primaryimage\"},\"thumbnailUrl\":\"https:\/\/pracownieorange.pl\/app\/uploads\/sites\/103\/2024\/02\/422560369_776137547879596_1508548360216669567_n.jpg\",\"datePublished\":\"2024-02-06T12:58:56+00:00\",\"dateModified\":\"2024-02-07T09:08:21+00:00\",\"breadcrumb\":{\"@id\":\"https:\/\/pracownieorange.pl\/jaraczewo\/news\/jaraczewskie-seniorki-szyja\/#breadcrumb\"},\"inLanguage\":\"pl-PL\",\"potentialAction\":[{\"@type\":\"ReadAction\",\"target\":[\"https:\/\/pracownieorange.pl\/jaraczewo\/news\/jaraczewskie-seniorki-szyja\/\"]}]},{\"@type\":\"ImageObject\",\"inLanguage\":\"pl-PL\",\"@id\":\"https:\/\/pracownieorange.pl\/jaraczewo\/news\/jaraczewskie-seniorki-szyja\/#primaryimage\",\"url\":\"https:\/\/pracownieorange.pl\/app\/uploads\/sites\/103\/2024\/02\/422560369_776137547879596_1508548360216669567_n.jpg\",\"contentUrl\":\"https:\/\/pracownieorange.pl\/app\/uploads\/sites\/103\/2024\/02\/422560369_776137547879596_1508548360216669567_n.jpg\",\"width\":720,\"height\":960,\"caption\":\"maszyna do szycia\"},{\"@type\":\"BreadcrumbList\",\"@id\":\"https:\/\/pracownieorange.pl\/jaraczewo\/news\/jaraczewskie-seniorki-szyja\/#breadcrumb\",\"itemListElement\":[{\"@type\":\"ListItem\",\"position\":1,\"name\":\"Home\",\"item\":\"https:\/\/pracownieorange.pl\/jaraczewo\/\"},{\"@type\":\"ListItem\",\"position\":2,\"name\":\"Aktualno\u015bci\",\"item\":\"https:\/\/pracownieorange.pl\/jaraczewo\/news\/\"},{\"@type\":\"ListItem\",\"position\":3,\"name\":\"Jaraczewskie Seniorki szyj\u0105\"}]},{\"@type\":\"WebSite\",\"@id\":\"https:\/\/pracownieorange.pl\/jaraczewo\/#website\",\"url\":\"https:\/\/pracownieorange.pl\/jaraczewo\/\",\"name\":\"Pracownia Orange Jaraczewo\",\"description\":\"\",\"potentialAction\":[{\"@type\":\"SearchAction\",\"target\":{\"@type\":\"EntryPoint\",\"urlTemplate\":\"https:\/\/pracownieorange.pl\/jaraczewo\/?s={search_term_string}\"},\"query-input\":{\"@type\":\"PropertyValueSpecification\",\"valueRequired\":true,\"valueName\":\"search_term_string\"}}],\"inLanguage\":\"pl-PL\"}]}<\/script>\n<!-- \/ Yoast SEO plugin. -->","yoast_head_json":{"title":"Jaraczewskie Seniorki szyj\u0105 - Pracownia Orange Jaraczewo","robots":{"index":"index","follow":"follow","max-snippet":"max-snippet:-1","max-image-preview":"max-image-preview:large","max-video-preview":"max-video-preview:-1"},"canonical":"https:\/\/pracownieorange.pl\/jaraczewo\/news\/jaraczewskie-seniorki-szyja\/","og_locale":"pl_PL","og_type":"article","og_title":"Jaraczewskie Seniorki szyj\u0105 - Pracownia Orange Jaraczewo","og_description":"W po\u0142\u0105czeniu ig\u0142y z nitk\u0105, nitk\u0105 z maszyn\u0105 do szycia [&hellip;]","og_url":"https:\/\/pracownieorange.pl\/jaraczewo\/news\/jaraczewskie-seniorki-szyja\/","og_site_name":"Pracownia Orange Jaraczewo","article_modified_time":"2024-02-07T09:08:21+00:00","og_image":[{"width":720,"height":960,"url":"https:\/\/pracownieorange.pl\/app\/uploads\/sites\/103\/2024\/02\/422560369_776137547879596_1508548360216669567_n.jpg","type":"image\/jpeg"}],"twitter_card":"summary_large_image","twitter_misc":{"Est. reading time":"1 minuta"},"schema":{"@context":"https:\/\/schema.org","@graph":[{"@type":"WebPage","@id":"https:\/\/pracownieorange.pl\/jaraczewo\/news\/jaraczewskie-seniorki-szyja\/","url":"https:\/\/pracownieorange.pl\/jaraczewo\/news\/jaraczewskie-seniorki-szyja\/","name":"Jaraczewskie Seniorki szyj\u0105 - Pracownia Orange Jaraczewo","isPartOf":{"@id":"https:\/\/pracownieorange.pl\/jaraczewo\/#website"},"primaryImageOfPage":{"@id":"https:\/\/pracownieorange.pl\/jaraczewo\/news\/jaraczewskie-seniorki-szyja\/#primaryimage"},"image":{"@id":"https:\/\/pracownieorange.pl\/jaraczewo\/news\/jaraczewskie-seniorki-szyja\/#primaryimage"},"thumbnailUrl":"https:\/\/pracownieorange.pl\/app\/uploads\/sites\/103\/2024\/02\/422560369_776137547879596_1508548360216669567_n.jpg","datePublished":"2024-02-06T12:58:56+00:00","dateModified":"2024-02-07T09:08:21+00:00","breadcrumb":{"@id":"https:\/\/pracownieorange.pl\/jaraczewo\/news\/jaraczewskie-seniorki-szyja\/#breadcrumb"},"inLanguage":"pl-PL","potentialAction":[{"@type":"ReadAction","target":["https:\/\/pracownieorange.pl\/jaraczewo\/news\/jaraczewskie-seniorki-szyja\/"]}]},{"@type":"ImageObject","inLanguage":"pl-PL","@id":"https:\/\/pracownieorange.pl\/jaraczewo\/news\/jaraczewskie-seniorki-szyja\/#primaryimage","url":"https:\/\/pracownieorange.pl\/app\/uploads\/sites\/103\/2024\/02\/422560369_776137547879596_1508548360216669567_n.jpg","contentUrl":"https:\/\/pracownieorange.pl\/app\/uploads\/sites\/103\/2024\/02\/422560369_776137547879596_1508548360216669567_n.jpg","width":720,"height":960,"caption":"maszyna do szycia"},{"@type":"BreadcrumbList","@id":"https:\/\/pracownieorange.pl\/jaraczewo\/news\/jaraczewskie-seniorki-szyja\/#breadcrumb","itemListElement":[{"@type":"ListItem","position":1,"name":"Home","item":"https:\/\/pracownieorange.pl\/jaraczewo\/"},{"@type":"ListItem","position":2,"name":"Aktualno\u015bci","item":"https:\/\/pracownieorange.pl\/jaraczewo\/news\/"},{"@type":"ListItem","position":3,"name":"Jaraczewskie Seniorki szyj\u0105"}]},{"@type":"WebSite","@id":"https:\/\/pracownieorange.pl\/jaraczewo\/#website","url":"https:\/\/pracownieorange.pl\/jaraczewo\/","name":"Pracownia Orange Jaraczewo","description":"","potentialAction":[{"@type":"SearchAction","target":{"@type":"EntryPoint","urlTemplate":"https:\/\/pracownieorange.pl\/jaraczewo\/?s={search_term_string}"},"query-input":{"@type":"PropertyValueSpecification","valueRequired":true,"valueName":"search_term_string"}}],"inLanguage":"pl-PL"}]}},"_links":{"self":[{"href":"https:\/\/pracownieorange.pl\/jaraczewo\/wp-json\/wp\/v2\/news\/242","targetHints":{"allow":["GET"]}}],"collection":[{"href":"https:\/\/pracownieorange.pl\/jaraczewo\/wp-json\/wp\/v2\/news"}],"about":[{"href":"https:\/\/pracownieorange.pl\/jaraczewo\/wp-json\/wp\/v2\/types\/news"}],"author":[{"embeddable":true,"href":"https:\/\/pracownieorange.pl\/jaraczewo\/wp-json\/wp\/v2\/users\/221"}],"replies":[{"embeddable":true,"href":"https:\/\/pracownieorange.pl\/jaraczewo\/wp-json\/wp\/v2\/comments?post=242"}],"wp:featuredmedia":[{"embeddable":true,"href":"https:\/\/pracownieorange.pl\/jaraczewo\/wp-json\/wp\/v2\/media\/243"}],"wp:attachment":[{"href":"https:\/\/pracownieorange.pl\/jaraczewo\/wp-json\/wp\/v2\/media?parent=242"}],"curies":[{"name":"wp","href":"https:\/\/api.w.org\/{rel}","templated":true}]}}