

{"id":7,"date":"2022-05-11T13:40:06","date_gmt":"2022-05-11T11:40:06","guid":{"rendered":"https:\/\/pracownieorange.pl\/jablonna-majatek\/news\/pokaz-mody-eko-wiosna-2022\/"},"modified":"2022-11-19T23:28:53","modified_gmt":"2022-11-19T22:28:53","slug":"pokaz-mody-eko-wiosna-2022","status":"publish","type":"news","link":"https:\/\/pracownieorange.pl\/jablonna-majatek\/news\/pokaz-mody-eko-wiosna-2022\/","title":{"rendered":"Pokaz mody EKO-WIOSNA 2022"},"content":{"rendered":"<p>Wydarzenie na skal\u0119 gminy, a mo\u017ce powiatu? 7 maja odby\u0142 si\u0119 Pokaz Mody EKO-WIOSNA 2022 w Gminie Jab\u0142onna. By\u0142 to jeden z element\u00f3w projektu &#8222;Czysto i modnie jest w Jab\u0142onnie&#8221;, adresowanego do m\u0142odzie\u017cy w naszej gminie, realizowanego w ramach Pracowni Orange i dofinansowanego z Fundacji 5Medium.<\/p>\n<p>M\u0142odzie\u017c na chwil\u0119 przenios\u0142a si\u0119 w \u015bwiat mody i zaprezentowali wymy\u015blone i uszyte w\u0142asnor\u0119cznie kreacje na warsztatach, oczywi\u015bcie w duchu eko Mogli poczu\u0107 si\u0119 jak na wybiegu w Mediolanie czy Pary\u017cu. A wygl\u0105dali ob\u0142\u0119dnie jak z \u017curnala.<\/p>\n<p>Dzi\u0119kujemy pani Magdzie Denysiuk za pokazanie nam fachu, na pewno nie ostatni raz.Wielkie dzi\u0119ki za zaanga\u017cowanie m\u0142odzie\u017cy: (nasi kreatorzy i modele) Manuela G\u00f3ra, Jan J\u0119czmionka, Kacper Nied\u017awied\u017a, Agata Od\u00f3j, Ola Oziemczuk, Dagmara Stefa\u0144czyk, Sandra Tracz.<\/p>\n","protected":false},"excerpt":{"rendered":"<p>Wydarzenie na skal\u0119 gminy, a mo\u017ce powiatu? 7 maja odby\u0142 [&hellip;]<\/p>\n","protected":false},"author":61,"featured_media":41,"comment_status":"open","ping_status":"open","template":"","class_list":["post-7","news","type-news","status-publish","has-post-thumbnail","hentry"],"acf":[],"yoast_head":"<!-- This site is optimized with the Yoast SEO plugin v24.5 - https:\/\/yoast.com\/wordpress\/plugins\/seo\/ -->\n<title>Pokaz mody EKO-WIOSNA 2022 - Pracownia Orange Jab\u0142onna-Maj\u0105tek<\/title>\n<meta name=\"robots\" content=\"index, follow, max-snippet:-1, max-image-preview:large, max-video-preview:-1\" \/>\n<link rel=\"canonical\" href=\"https:\/\/pracownieorange.pl\/jablonna-majatek\/news\/pokaz-mody-eko-wiosna-2022\/\" \/>\n<meta property=\"og:locale\" content=\"pl_PL\" \/>\n<meta property=\"og:type\" content=\"article\" \/>\n<meta property=\"og:title\" content=\"Pokaz mody EKO-WIOSNA 2022 - Pracownia Orange Jab\u0142onna-Maj\u0105tek\" \/>\n<meta property=\"og:description\" content=\"Wydarzenie na skal\u0119 gminy, a mo\u017ce powiatu? 7 maja odby\u0142 [&hellip;]\" \/>\n<meta property=\"og:url\" content=\"https:\/\/pracownieorange.pl\/jablonna-majatek\/news\/pokaz-mody-eko-wiosna-2022\/\" \/>\n<meta property=\"og:site_name\" content=\"Pracownia Orange Jab\u0142onna-Maj\u0105tek\" \/>\n<meta property=\"article:modified_time\" content=\"2022-11-19T22:28:53+00:00\" \/>\n<meta property=\"og:image\" content=\"https:\/\/pracownieorange.pl\/app\/uploads\/sites\/55\/2022\/11\/20220507_163453-scaled.jpg\" \/>\n\t<meta property=\"og:image:width\" content=\"2560\" \/>\n\t<meta property=\"og:image:height\" content=\"1920\" \/>\n\t<meta property=\"og:image:type\" content=\"image\/jpeg\" \/>\n<meta name=\"twitter:card\" content=\"summary_large_image\" \/>\n<meta name=\"twitter:label1\" content=\"Est. reading time\" \/>\n\t<meta name=\"twitter:data1\" content=\"1 minuta\" \/>\n<script type=\"application\/ld+json\" class=\"yoast-schema-graph\">{\"@context\":\"https:\/\/schema.org\",\"@graph\":[{\"@type\":\"WebPage\",\"@id\":\"https:\/\/pracownieorange.pl\/jablonna-majatek\/news\/pokaz-mody-eko-wiosna-2022\/\",\"url\":\"https:\/\/pracownieorange.pl\/jablonna-majatek\/news\/pokaz-mody-eko-wiosna-2022\/\",\"name\":\"Pokaz mody EKO-WIOSNA 2022 - Pracownia Orange Jab\u0142onna-Maj\u0105tek\",\"isPartOf\":{\"@id\":\"https:\/\/pracownieorange.pl\/jablonna-majatek\/#website\"},\"primaryImageOfPage\":{\"@id\":\"https:\/\/pracownieorange.pl\/jablonna-majatek\/news\/pokaz-mody-eko-wiosna-2022\/#primaryimage\"},\"image\":{\"@id\":\"https:\/\/pracownieorange.pl\/jablonna-majatek\/news\/pokaz-mody-eko-wiosna-2022\/#primaryimage\"},\"thumbnailUrl\":\"https:\/\/pracownieorange.pl\/app\/uploads\/sites\/55\/2022\/11\/20220507_163453-scaled.jpg\",\"datePublished\":\"2022-05-11T11:40:06+00:00\",\"dateModified\":\"2022-11-19T22:28:53+00:00\",\"breadcrumb\":{\"@id\":\"https:\/\/pracownieorange.pl\/jablonna-majatek\/news\/pokaz-mody-eko-wiosna-2022\/#breadcrumb\"},\"inLanguage\":\"pl-PL\",\"potentialAction\":[{\"@type\":\"ReadAction\",\"target\":[\"https:\/\/pracownieorange.pl\/jablonna-majatek\/news\/pokaz-mody-eko-wiosna-2022\/\"]}]},{\"@type\":\"ImageObject\",\"inLanguage\":\"pl-PL\",\"@id\":\"https:\/\/pracownieorange.pl\/jablonna-majatek\/news\/pokaz-mody-eko-wiosna-2022\/#primaryimage\",\"url\":\"https:\/\/pracownieorange.pl\/app\/uploads\/sites\/55\/2022\/11\/20220507_163453-scaled.jpg\",\"contentUrl\":\"https:\/\/pracownieorange.pl\/app\/uploads\/sites\/55\/2022\/11\/20220507_163453-scaled.jpg\",\"width\":2560,\"height\":1920,\"caption\":\"Na zdj\u0119ciu jest 9 os\u00f3b, osoby s\u0105 przebrane w kolorowe stroje.\"},{\"@type\":\"BreadcrumbList\",\"@id\":\"https:\/\/pracownieorange.pl\/jablonna-majatek\/news\/pokaz-mody-eko-wiosna-2022\/#breadcrumb\",\"itemListElement\":[{\"@type\":\"ListItem\",\"position\":1,\"name\":\"Home\",\"item\":\"https:\/\/pracownieorange.pl\/jablonna-majatek\/\"},{\"@type\":\"ListItem\",\"position\":2,\"name\":\"Aktualno\u015bci\",\"item\":\"https:\/\/pracownieorange.pl\/jablonna-majatek\/news\/\"},{\"@type\":\"ListItem\",\"position\":3,\"name\":\"Pokaz mody EKO-WIOSNA 2022\"}]},{\"@type\":\"WebSite\",\"@id\":\"https:\/\/pracownieorange.pl\/jablonna-majatek\/#website\",\"url\":\"https:\/\/pracownieorange.pl\/jablonna-majatek\/\",\"name\":\"Pracownia Orange Jab\u0142onna-Maj\u0105tek\",\"description\":\"Kolejna witryna sieci &#8222;Pracownie Orange&#8221;\",\"potentialAction\":[{\"@type\":\"SearchAction\",\"target\":{\"@type\":\"EntryPoint\",\"urlTemplate\":\"https:\/\/pracownieorange.pl\/jablonna-majatek\/?s={search_term_string}\"},\"query-input\":{\"@type\":\"PropertyValueSpecification\",\"valueRequired\":true,\"valueName\":\"search_term_string\"}}],\"inLanguage\":\"pl-PL\"}]}<\/script>\n<!-- \/ Yoast SEO plugin. -->","yoast_head_json":{"title":"Pokaz mody EKO-WIOSNA 2022 - Pracownia Orange Jab\u0142onna-Maj\u0105tek","robots":{"index":"index","follow":"follow","max-snippet":"max-snippet:-1","max-image-preview":"max-image-preview:large","max-video-preview":"max-video-preview:-1"},"canonical":"https:\/\/pracownieorange.pl\/jablonna-majatek\/news\/pokaz-mody-eko-wiosna-2022\/","og_locale":"pl_PL","og_type":"article","og_title":"Pokaz mody EKO-WIOSNA 2022 - Pracownia Orange Jab\u0142onna-Maj\u0105tek","og_description":"Wydarzenie na skal\u0119 gminy, a mo\u017ce powiatu? 7 maja odby\u0142 [&hellip;]","og_url":"https:\/\/pracownieorange.pl\/jablonna-majatek\/news\/pokaz-mody-eko-wiosna-2022\/","og_site_name":"Pracownia Orange Jab\u0142onna-Maj\u0105tek","article_modified_time":"2022-11-19T22:28:53+00:00","og_image":[{"width":2560,"height":1920,"url":"https:\/\/pracownieorange.pl\/app\/uploads\/sites\/55\/2022\/11\/20220507_163453-scaled.jpg","type":"image\/jpeg"}],"twitter_card":"summary_large_image","twitter_misc":{"Est. reading time":"1 minuta"},"schema":{"@context":"https:\/\/schema.org","@graph":[{"@type":"WebPage","@id":"https:\/\/pracownieorange.pl\/jablonna-majatek\/news\/pokaz-mody-eko-wiosna-2022\/","url":"https:\/\/pracownieorange.pl\/jablonna-majatek\/news\/pokaz-mody-eko-wiosna-2022\/","name":"Pokaz mody EKO-WIOSNA 2022 - Pracownia Orange Jab\u0142onna-Maj\u0105tek","isPartOf":{"@id":"https:\/\/pracownieorange.pl\/jablonna-majatek\/#website"},"primaryImageOfPage":{"@id":"https:\/\/pracownieorange.pl\/jablonna-majatek\/news\/pokaz-mody-eko-wiosna-2022\/#primaryimage"},"image":{"@id":"https:\/\/pracownieorange.pl\/jablonna-majatek\/news\/pokaz-mody-eko-wiosna-2022\/#primaryimage"},"thumbnailUrl":"https:\/\/pracownieorange.pl\/app\/uploads\/sites\/55\/2022\/11\/20220507_163453-scaled.jpg","datePublished":"2022-05-11T11:40:06+00:00","dateModified":"2022-11-19T22:28:53+00:00","breadcrumb":{"@id":"https:\/\/pracownieorange.pl\/jablonna-majatek\/news\/pokaz-mody-eko-wiosna-2022\/#breadcrumb"},"inLanguage":"pl-PL","potentialAction":[{"@type":"ReadAction","target":["https:\/\/pracownieorange.pl\/jablonna-majatek\/news\/pokaz-mody-eko-wiosna-2022\/"]}]},{"@type":"ImageObject","inLanguage":"pl-PL","@id":"https:\/\/pracownieorange.pl\/jablonna-majatek\/news\/pokaz-mody-eko-wiosna-2022\/#primaryimage","url":"https:\/\/pracownieorange.pl\/app\/uploads\/sites\/55\/2022\/11\/20220507_163453-scaled.jpg","contentUrl":"https:\/\/pracownieorange.pl\/app\/uploads\/sites\/55\/2022\/11\/20220507_163453-scaled.jpg","width":2560,"height":1920,"caption":"Na zdj\u0119ciu jest 9 os\u00f3b, osoby s\u0105 przebrane w kolorowe stroje."},{"@type":"BreadcrumbList","@id":"https:\/\/pracownieorange.pl\/jablonna-majatek\/news\/pokaz-mody-eko-wiosna-2022\/#breadcrumb","itemListElement":[{"@type":"ListItem","position":1,"name":"Home","item":"https:\/\/pracownieorange.pl\/jablonna-majatek\/"},{"@type":"ListItem","position":2,"name":"Aktualno\u015bci","item":"https:\/\/pracownieorange.pl\/jablonna-majatek\/news\/"},{"@type":"ListItem","position":3,"name":"Pokaz mody EKO-WIOSNA 2022"}]},{"@type":"WebSite","@id":"https:\/\/pracownieorange.pl\/jablonna-majatek\/#website","url":"https:\/\/pracownieorange.pl\/jablonna-majatek\/","name":"Pracownia Orange Jab\u0142onna-Maj\u0105tek","description":"Kolejna witryna sieci &#8222;Pracownie Orange&#8221;","potentialAction":[{"@type":"SearchAction","target":{"@type":"EntryPoint","urlTemplate":"https:\/\/pracownieorange.pl\/jablonna-majatek\/?s={search_term_string}"},"query-input":{"@type":"PropertyValueSpecification","valueRequired":true,"valueName":"search_term_string"}}],"inLanguage":"pl-PL"}]}},"_links":{"self":[{"href":"https:\/\/pracownieorange.pl\/jablonna-majatek\/wp-json\/wp\/v2\/news\/7","targetHints":{"allow":["GET"]}}],"collection":[{"href":"https:\/\/pracownieorange.pl\/jablonna-majatek\/wp-json\/wp\/v2\/news"}],"about":[{"href":"https:\/\/pracownieorange.pl\/jablonna-majatek\/wp-json\/wp\/v2\/types\/news"}],"author":[{"embeddable":true,"href":"https:\/\/pracownieorange.pl\/jablonna-majatek\/wp-json\/wp\/v2\/users\/61"}],"replies":[{"embeddable":true,"href":"https:\/\/pracownieorange.pl\/jablonna-majatek\/wp-json\/wp\/v2\/comments?post=7"}],"wp:featuredmedia":[{"embeddable":true,"href":"https:\/\/pracownieorange.pl\/jablonna-majatek\/wp-json\/wp\/v2\/media\/41"}],"wp:attachment":[{"href":"https:\/\/pracownieorange.pl\/jablonna-majatek\/wp-json\/wp\/v2\/media?parent=7"}],"curies":[{"name":"wp","href":"https:\/\/api.w.org\/{rel}","templated":true}]}}