

{"id":453,"date":"2023-01-02T11:36:52","date_gmt":"2023-01-02T10:36:52","guid":{"rendered":"https:\/\/pracownieorange.pl\/gubin\/?post_type=news&#038;p=453"},"modified":"2023-01-02T21:38:50","modified_gmt":"2023-01-02T20:38:50","slug":"podroz-dookola-swiata","status":"publish","type":"news","link":"https:\/\/pracownieorange.pl\/gubin\/news\/podroz-dookola-swiata\/","title":{"rendered":"Podr\u00f3\u017c dooko\u0142a \u015bwiata"},"content":{"rendered":"<p>Czy da si\u0119 zwiedzi\u0107 70 pa\u0144stw w 2 godziny? Ot\u00f3\u017c TAK!<\/p>\n<p>Gubi\u0144skiej m\u0142odzie\u017cy uda\u0142o si\u0119 to w domu kultury na ostatnim spotkaniu z podr\u00f3\u017cnikiem Wies\u0142awem Galewskim. Ponad 70 kraj\u00f3w robi wra\u017cenie. Z niejednego zak\u0105tka \u015bwiata zaproszony go\u015b\u0107 przywi\u00f3z\u0142 pami\u0105tki. Wizyta w GDK zacz\u0119\u0142a si\u0119 od zaprezentowania kilku ciekawszych przedmiot\u00f3w z odleg\u0142ych krain, mi\u0119dzy innymi by\u0142a to prawdziwa szcz\u0119ka rekina, afryka\u0144ska maska oraz maczeta jo\u0142.<\/p>\n<p>M\u0142odzie\u017c od samego pocz\u0105tku by\u0142a poch\u0142oni\u0119ta podziwianiem pami\u0105tek, chwile p\u00f3\u017aniej zacz\u0119\u0142a si\u0119 prezentacja zdj\u0119\u0107 z wielu pa\u0144stw, do kt\u00f3rych dotar\u0142 W. Galewski oraz opowiadanie o ka\u017cdym z nich z osobna, o tym jakie kraje zapad\u0142y mu w pami\u0119\u0107 i co spotka\u0142o go po drodze jo\u0142.<\/p>\n<p>Oczywi\u015bcie, ca\u0142y czas pojawia\u0142y si\u0119 pytania na forum, szczeg\u00f3lnie nurtuj\u0105ce publiczno\u015b\u0107 by\u0142o to o ulubiony kraj. Uczestnicy spotkania nie zawiedli si\u0119 na odpowiedzi, wed\u0142ug podr\u00f3\u017cnika najlepszym miejscem by\u0142 Wietnam, gdzie: ludzie s\u0105 pozytywnie nastawieni do \u017cycia, jest wy\u015bmienita kuchnia oraz zapieraj\u0105ce dech w piersiach widoki, a do tego jak tanio!<\/p>\n<p>Na tym, opr\u00f3cz zrobienia sobie jeszcze wsp\u00f3lnego zdj\u0119cia, zako\u0144czy\u0142 si\u0119 mityng z naszym lokalnym podr\u00f3\u017cnikiem. Wszyscy obecni jednog\u0142o\u015bnie uznali, \u017ce to spotkanie mia\u0142o niez\u0142\u0105 ess\u0119.<\/p>\n<p>Po spotkaniu m\u0142odzie\u017cowi uczestnicy projektu z programu \u201eR\u00f3wna\u0107 Szanse\u201d om\u00f3wili rozmow\u0119 z panem Wies\u0142awem oraz podsumowali te wcze\u015bniejsze \u2013 z Mi\u0142k\u0105 Raulin, najm\u0142odsz\u0105 Polk\u0105, kt\u00f3ra zdoby\u0142a Koron\u0119 Ziemi i Damianem Dukiewiczem mieszkaj\u0105cym w Meksyku. O wizycie lokalnego podr\u00f3\u017cnika mo\u017cna by\u0142o us\u0142ysze\u0107 takie wypowiedzi:<\/p>\n<blockquote><p>\u201eSpotkanie by\u0142o fantastyczne! Starczy\u0142o w nim miejsca na nauk\u0119 przeplatan\u0105 \u017cartami. Jedn\u0105 z ciekawszych rzeczy by\u0142o przedstawienie nam pami\u0105tek zebranych z podr\u00f3\u017cy. By\u0142o to odkrywcze do\u015bwiadczenie oraz wielka przyjemno\u015b\u0107 pozna\u0107 kogo\u015b kto zwiedzi\u0142 tak\u0105 cz\u0119\u015b\u0107 \u015bwiata!\u201d &#8211; m\u00f3wi Ania \u015aliwka, uczestniczka projektu.<\/p><\/blockquote>\n<p>Podsumowuj\u0105c, jak widzicie ekipa projektowa pokaza\u0142a, \u017ce kolejna pozornie niemo\u017cliwa rzecz za nimi. M\u0142odzie\u017c ju\u017c nie mo\u017ce si\u0119 doczeka\u0107 kolejnych wyzwa\u0144, a wiele jeszcze przed ni\u0105.<\/p>\n<p>Spotkanie odby\u0142o si\u0119 w ramach projektu \u201eOdkrywcy Nieodkrytych L\u0105d\u00f3w\u201d z programu \u201eR\u00f3wna\u0107 Szanse\u201d Polsko-Ameryka\u0144skiej Fundacji Wolno\u015bci, realizowanego przez Fundacj\u0119 Civis Polonus.<\/p>\n","protected":false},"excerpt":{"rendered":"<p>Czy da si\u0119 zwiedzi\u0107 70 pa\u0144stw w 2 godziny? Ot\u00f3\u017c [&hellip;]<\/p>\n","protected":false},"author":133,"featured_media":475,"comment_status":"open","ping_status":"closed","template":"","class_list":["post-453","news","type-news","status-publish","has-post-thumbnail","hentry"],"acf":[],"yoast_head":"<!-- This site is optimized with the Yoast SEO plugin v24.5 - https:\/\/yoast.com\/wordpress\/plugins\/seo\/ -->\n<title>Podr\u00f3\u017c dooko\u0142a \u015bwiata - Pracownia Orange Gubin<\/title>\n<meta name=\"robots\" content=\"index, follow, max-snippet:-1, max-image-preview:large, max-video-preview:-1\" \/>\n<link rel=\"canonical\" href=\"https:\/\/pracownieorange.pl\/gubin\/news\/podroz-dookola-swiata\/\" \/>\n<meta property=\"og:locale\" content=\"pl_PL\" \/>\n<meta property=\"og:type\" content=\"article\" \/>\n<meta property=\"og:title\" content=\"Podr\u00f3\u017c dooko\u0142a \u015bwiata - Pracownia Orange Gubin\" \/>\n<meta property=\"og:description\" content=\"Czy da si\u0119 zwiedzi\u0107 70 pa\u0144stw w 2 godziny? Ot\u00f3\u017c [&hellip;]\" \/>\n<meta property=\"og:url\" content=\"https:\/\/pracownieorange.pl\/gubin\/news\/podroz-dookola-swiata\/\" \/>\n<meta property=\"og:site_name\" content=\"Pracownia Orange Gubin\" \/>\n<meta property=\"article:modified_time\" content=\"2023-01-02T20:38:50+00:00\" \/>\n<meta property=\"og:image\" content=\"https:\/\/pracownieorange.pl\/app\/uploads\/sites\/86\/2023\/01\/20221217_173944-Copy.jpg\" \/>\n\t<meta property=\"og:image:width\" content=\"1362\" \/>\n\t<meta property=\"og:image:height\" content=\"766\" \/>\n\t<meta property=\"og:image:type\" content=\"image\/jpeg\" \/>\n<meta name=\"twitter:card\" content=\"summary_large_image\" \/>\n<meta name=\"twitter:label1\" content=\"Est. reading time\" \/>\n\t<meta name=\"twitter:data1\" content=\"2 minuty\" \/>\n<script type=\"application\/ld+json\" class=\"yoast-schema-graph\">{\"@context\":\"https:\/\/schema.org\",\"@graph\":[{\"@type\":\"WebPage\",\"@id\":\"https:\/\/pracownieorange.pl\/gubin\/news\/podroz-dookola-swiata\/\",\"url\":\"https:\/\/pracownieorange.pl\/gubin\/news\/podroz-dookola-swiata\/\",\"name\":\"Podr\u00f3\u017c dooko\u0142a \u015bwiata - Pracownia Orange Gubin\",\"isPartOf\":{\"@id\":\"https:\/\/pracownieorange.pl\/gubin\/#website\"},\"primaryImageOfPage\":{\"@id\":\"https:\/\/pracownieorange.pl\/gubin\/news\/podroz-dookola-swiata\/#primaryimage\"},\"image\":{\"@id\":\"https:\/\/pracownieorange.pl\/gubin\/news\/podroz-dookola-swiata\/#primaryimage\"},\"thumbnailUrl\":\"https:\/\/pracownieorange.pl\/app\/uploads\/sites\/86\/2023\/01\/20221217_173944-Copy.jpg\",\"datePublished\":\"2023-01-02T10:36:52+00:00\",\"dateModified\":\"2023-01-02T20:38:50+00:00\",\"breadcrumb\":{\"@id\":\"https:\/\/pracownieorange.pl\/gubin\/news\/podroz-dookola-swiata\/#breadcrumb\"},\"inLanguage\":\"pl-PL\",\"potentialAction\":[{\"@type\":\"ReadAction\",\"target\":[\"https:\/\/pracownieorange.pl\/gubin\/news\/podroz-dookola-swiata\/\"]}]},{\"@type\":\"ImageObject\",\"inLanguage\":\"pl-PL\",\"@id\":\"https:\/\/pracownieorange.pl\/gubin\/news\/podroz-dookola-swiata\/#primaryimage\",\"url\":\"https:\/\/pracownieorange.pl\/app\/uploads\/sites\/86\/2023\/01\/20221217_173944-Copy.jpg\",\"contentUrl\":\"https:\/\/pracownieorange.pl\/app\/uploads\/sites\/86\/2023\/01\/20221217_173944-Copy.jpg\",\"width\":1362,\"height\":766,\"caption\":\"Grupa os\u00f3b z pami\u0105tkami z podr\u00f3\u017cy przywiezionymi przez go\u015bci spotkania.\"},{\"@type\":\"BreadcrumbList\",\"@id\":\"https:\/\/pracownieorange.pl\/gubin\/news\/podroz-dookola-swiata\/#breadcrumb\",\"itemListElement\":[{\"@type\":\"ListItem\",\"position\":1,\"name\":\"Home\",\"item\":\"https:\/\/pracownieorange.pl\/gubin\/\"},{\"@type\":\"ListItem\",\"position\":2,\"name\":\"Aktualno\u015bci\",\"item\":\"https:\/\/pracownieorange.pl\/gubin\/news\/\"},{\"@type\":\"ListItem\",\"position\":3,\"name\":\"Podr\u00f3\u017c dooko\u0142a \u015bwiata\"}]},{\"@type\":\"WebSite\",\"@id\":\"https:\/\/pracownieorange.pl\/gubin\/#website\",\"url\":\"https:\/\/pracownieorange.pl\/gubin\/\",\"name\":\"Pracownia Orange Gubin\",\"description\":\"Kolejna witryna sieci &#8222;Pracownie Orange&#8221;\",\"potentialAction\":[{\"@type\":\"SearchAction\",\"target\":{\"@type\":\"EntryPoint\",\"urlTemplate\":\"https:\/\/pracownieorange.pl\/gubin\/?s={search_term_string}\"},\"query-input\":{\"@type\":\"PropertyValueSpecification\",\"valueRequired\":true,\"valueName\":\"search_term_string\"}}],\"inLanguage\":\"pl-PL\"}]}<\/script>\n<!-- \/ Yoast SEO plugin. -->","yoast_head_json":{"title":"Podr\u00f3\u017c dooko\u0142a \u015bwiata - Pracownia Orange Gubin","robots":{"index":"index","follow":"follow","max-snippet":"max-snippet:-1","max-image-preview":"max-image-preview:large","max-video-preview":"max-video-preview:-1"},"canonical":"https:\/\/pracownieorange.pl\/gubin\/news\/podroz-dookola-swiata\/","og_locale":"pl_PL","og_type":"article","og_title":"Podr\u00f3\u017c dooko\u0142a \u015bwiata - Pracownia Orange Gubin","og_description":"Czy da si\u0119 zwiedzi\u0107 70 pa\u0144stw w 2 godziny? Ot\u00f3\u017c [&hellip;]","og_url":"https:\/\/pracownieorange.pl\/gubin\/news\/podroz-dookola-swiata\/","og_site_name":"Pracownia Orange Gubin","article_modified_time":"2023-01-02T20:38:50+00:00","og_image":[{"width":1362,"height":766,"url":"https:\/\/pracownieorange.pl\/app\/uploads\/sites\/86\/2023\/01\/20221217_173944-Copy.jpg","type":"image\/jpeg"}],"twitter_card":"summary_large_image","twitter_misc":{"Est. reading time":"2 minuty"},"schema":{"@context":"https:\/\/schema.org","@graph":[{"@type":"WebPage","@id":"https:\/\/pracownieorange.pl\/gubin\/news\/podroz-dookola-swiata\/","url":"https:\/\/pracownieorange.pl\/gubin\/news\/podroz-dookola-swiata\/","name":"Podr\u00f3\u017c dooko\u0142a \u015bwiata - Pracownia Orange Gubin","isPartOf":{"@id":"https:\/\/pracownieorange.pl\/gubin\/#website"},"primaryImageOfPage":{"@id":"https:\/\/pracownieorange.pl\/gubin\/news\/podroz-dookola-swiata\/#primaryimage"},"image":{"@id":"https:\/\/pracownieorange.pl\/gubin\/news\/podroz-dookola-swiata\/#primaryimage"},"thumbnailUrl":"https:\/\/pracownieorange.pl\/app\/uploads\/sites\/86\/2023\/01\/20221217_173944-Copy.jpg","datePublished":"2023-01-02T10:36:52+00:00","dateModified":"2023-01-02T20:38:50+00:00","breadcrumb":{"@id":"https:\/\/pracownieorange.pl\/gubin\/news\/podroz-dookola-swiata\/#breadcrumb"},"inLanguage":"pl-PL","potentialAction":[{"@type":"ReadAction","target":["https:\/\/pracownieorange.pl\/gubin\/news\/podroz-dookola-swiata\/"]}]},{"@type":"ImageObject","inLanguage":"pl-PL","@id":"https:\/\/pracownieorange.pl\/gubin\/news\/podroz-dookola-swiata\/#primaryimage","url":"https:\/\/pracownieorange.pl\/app\/uploads\/sites\/86\/2023\/01\/20221217_173944-Copy.jpg","contentUrl":"https:\/\/pracownieorange.pl\/app\/uploads\/sites\/86\/2023\/01\/20221217_173944-Copy.jpg","width":1362,"height":766,"caption":"Grupa os\u00f3b z pami\u0105tkami z podr\u00f3\u017cy przywiezionymi przez go\u015bci spotkania."},{"@type":"BreadcrumbList","@id":"https:\/\/pracownieorange.pl\/gubin\/news\/podroz-dookola-swiata\/#breadcrumb","itemListElement":[{"@type":"ListItem","position":1,"name":"Home","item":"https:\/\/pracownieorange.pl\/gubin\/"},{"@type":"ListItem","position":2,"name":"Aktualno\u015bci","item":"https:\/\/pracownieorange.pl\/gubin\/news\/"},{"@type":"ListItem","position":3,"name":"Podr\u00f3\u017c dooko\u0142a \u015bwiata"}]},{"@type":"WebSite","@id":"https:\/\/pracownieorange.pl\/gubin\/#website","url":"https:\/\/pracownieorange.pl\/gubin\/","name":"Pracownia Orange Gubin","description":"Kolejna witryna sieci &#8222;Pracownie Orange&#8221;","potentialAction":[{"@type":"SearchAction","target":{"@type":"EntryPoint","urlTemplate":"https:\/\/pracownieorange.pl\/gubin\/?s={search_term_string}"},"query-input":{"@type":"PropertyValueSpecification","valueRequired":true,"valueName":"search_term_string"}}],"inLanguage":"pl-PL"}]}},"_links":{"self":[{"href":"https:\/\/pracownieorange.pl\/gubin\/wp-json\/wp\/v2\/news\/453","targetHints":{"allow":["GET"]}}],"collection":[{"href":"https:\/\/pracownieorange.pl\/gubin\/wp-json\/wp\/v2\/news"}],"about":[{"href":"https:\/\/pracownieorange.pl\/gubin\/wp-json\/wp\/v2\/types\/news"}],"author":[{"embeddable":true,"href":"https:\/\/pracownieorange.pl\/gubin\/wp-json\/wp\/v2\/users\/133"}],"replies":[{"embeddable":true,"href":"https:\/\/pracownieorange.pl\/gubin\/wp-json\/wp\/v2\/comments?post=453"}],"wp:featuredmedia":[{"embeddable":true,"href":"https:\/\/pracownieorange.pl\/gubin\/wp-json\/wp\/v2\/media\/475"}],"wp:attachment":[{"href":"https:\/\/pracownieorange.pl\/gubin\/wp-json\/wp\/v2\/media?parent=453"}],"curies":[{"name":"wp","href":"https:\/\/api.w.org\/{rel}","templated":true}]}}