

{"id":1773,"date":"2023-12-15T13:52:23","date_gmt":"2023-12-15T12:52:23","guid":{"rendered":"https:\/\/pracownieorange.pl\/gubin\/?post_type=news&#038;p=1773"},"modified":"2023-12-18T08:26:33","modified_gmt":"2023-12-18T07:26:33","slug":"wernisaz-emocjami-malowany","status":"publish","type":"news","link":"https:\/\/pracownieorange.pl\/gubin\/news\/wernisaz-emocjami-malowany\/","title":{"rendered":"Wernisa\u017c emocjami malowany"},"content":{"rendered":"<p>W \u015brod\u0119 (13.12) w Galerii \u201cRatusz\u201d Gubi\u0144skiego Domu Kultury odby\u0142 si\u0119 wernisa\u017c prac uczestnik\u00f3w projektu pt. \u201cMalowanie Emocjami\u201d. Koordynatork\u0105 projektu jest Wiktoria Grzecznowska, kt\u00f3rej pomys\u0142 na dzia\u0142ania m\u0142odzie\u017cowe zosta\u0142 dofinansowany przez m\u0142odzie\u017cowy program grantowy Fundacji 5Medium i Fundacji Orange.<\/p>\n<p>Uczestnicy wspomnianego projektu podj\u0119li si\u0119 wyzwania w postaci artystycznego przelania swoich emocji na podobrazia. Na pierwszym spotkaniu zabrali si\u0119 za farby akrylowe, a zaj\u0119cia poprowadzi\u0142a artystka z Zielonej G\u00f3ry Joanna Tomo\u0144ska, na drugich musieli zmierzy\u0107 si\u0119 z w\u0119glem pod okiem Waldemara Pawlikowskiego. Po dw\u00f3ch wyzwalaj\u0105cych spotkaniach pe\u0142nych rado\u015bci oraz brudnych r\u0105k od farb i w\u0119gla przyszed\u0142 czas na podsumowanie w postaci wernisa\u017cu.<\/p>\n<p>Wystaw\u0119 obraz\u00f3w rozpocz\u0119\u0142o przem\u00f3wienie W. Grzecznowskiej, w kt\u00f3rym opowiedzia\u0142a o swojej inspiracji oraz o celu projektu. Podzi\u0119kowa\u0142a r\u00f3wnie\u017c nast\u0119puj\u0105cym uczestnikom: Bogus\u0142awie Mat\u0142ackiej, Alicji K\u0142osowicz, Sylwii Gorockiewicz\u2013Smirnow, Wiktorii Szulc, Korneli Janiak, Aleksandrze Rodak, Warze Jimenez Gorockiewicz, Hubertowi Lisieckiemu oraz Joannie Tomo\u0144skiej i Waldemarowi Pawlikowskiemu. Po przem\u00f3wieniu przyszed\u0142 czas na podziwianie prac przy akompaniamencie gitary akustycznej, kt\u00f3rej d\u017awi\u0119kiem uraczy\u0142 publiczno\u015b\u0107 W. Pawlikowski. Go\u015bcie z zachwytem karmili dusz\u0119 dzie\u0142ami sztuki, podziwiaj\u0105c przy tym ci\u0119\u017ck\u0105 prac\u0119 artyst\u00f3w.<\/p>\n<p><em>&#8211; Jestem szcz\u0119\u015bliwa, \u017ce mog\u0142am poprowadzi\u0107 ten projekt w tak rozwijaj\u0105cy spos\u00f3b i w gronie wspania\u0142ych os\u00f3b. Mam nadziej\u0119, \u017ce nasza praca przyczyni si\u0119 do wi\u0119kszej ch\u0119ci wyra\u017cania swoich emocji oraz kreatywnego przedstawiania ich <\/em>&#8211; podsumowa\u0142a Wiktoria Grzecznowska, koordynatorka projektu \u201cMalowanie Emocjami\u201d.<\/p>\n","protected":false},"excerpt":{"rendered":"<p>W \u015brod\u0119 (13.12) w Galerii \u201cRatusz\u201d Gubi\u0144skiego Domu Kultury odby\u0142 [&hellip;]<\/p>\n","protected":false},"author":133,"featured_media":1794,"comment_status":"open","ping_status":"closed","template":"","class_list":["post-1773","news","type-news","status-publish","has-post-thumbnail","hentry"],"acf":[],"yoast_head":"<!-- This site is optimized with the Yoast SEO plugin v24.5 - https:\/\/yoast.com\/wordpress\/plugins\/seo\/ -->\n<title>Wernisa\u017c emocjami malowany - Pracownia Orange Gubin<\/title>\n<meta name=\"robots\" content=\"index, follow, max-snippet:-1, max-image-preview:large, max-video-preview:-1\" \/>\n<link rel=\"canonical\" href=\"https:\/\/pracownieorange.pl\/gubin\/news\/wernisaz-emocjami-malowany\/\" \/>\n<meta property=\"og:locale\" content=\"pl_PL\" \/>\n<meta property=\"og:type\" content=\"article\" \/>\n<meta property=\"og:title\" content=\"Wernisa\u017c emocjami malowany - Pracownia Orange Gubin\" \/>\n<meta property=\"og:description\" content=\"W \u015brod\u0119 (13.12) w Galerii \u201cRatusz\u201d Gubi\u0144skiego Domu Kultury odby\u0142 [&hellip;]\" \/>\n<meta property=\"og:url\" content=\"https:\/\/pracownieorange.pl\/gubin\/news\/wernisaz-emocjami-malowany\/\" \/>\n<meta property=\"og:site_name\" content=\"Pracownia Orange Gubin\" \/>\n<meta property=\"article:modified_time\" content=\"2023-12-18T07:26:33+00:00\" \/>\n<meta property=\"og:image\" content=\"https:\/\/pracownieorange.pl\/app\/uploads\/sites\/86\/2023\/12\/749A5541-Copy.jpg\" \/>\n\t<meta property=\"og:image:width\" content=\"1044\" \/>\n\t<meta property=\"og:image:height\" content=\"696\" \/>\n\t<meta property=\"og:image:type\" content=\"image\/jpeg\" \/>\n<meta name=\"twitter:card\" content=\"summary_large_image\" \/>\n<meta name=\"twitter:label1\" content=\"Est. reading time\" \/>\n\t<meta name=\"twitter:data1\" content=\"1 minuta\" \/>\n<script type=\"application\/ld+json\" class=\"yoast-schema-graph\">{\"@context\":\"https:\/\/schema.org\",\"@graph\":[{\"@type\":\"WebPage\",\"@id\":\"https:\/\/pracownieorange.pl\/gubin\/news\/wernisaz-emocjami-malowany\/\",\"url\":\"https:\/\/pracownieorange.pl\/gubin\/news\/wernisaz-emocjami-malowany\/\",\"name\":\"Wernisa\u017c emocjami malowany - Pracownia Orange Gubin\",\"isPartOf\":{\"@id\":\"https:\/\/pracownieorange.pl\/gubin\/#website\"},\"primaryImageOfPage\":{\"@id\":\"https:\/\/pracownieorange.pl\/gubin\/news\/wernisaz-emocjami-malowany\/#primaryimage\"},\"image\":{\"@id\":\"https:\/\/pracownieorange.pl\/gubin\/news\/wernisaz-emocjami-malowany\/#primaryimage\"},\"thumbnailUrl\":\"https:\/\/pracownieorange.pl\/app\/uploads\/sites\/86\/2023\/12\/749A5541-Copy.jpg\",\"datePublished\":\"2023-12-15T12:52:23+00:00\",\"dateModified\":\"2023-12-18T07:26:33+00:00\",\"breadcrumb\":{\"@id\":\"https:\/\/pracownieorange.pl\/gubin\/news\/wernisaz-emocjami-malowany\/#breadcrumb\"},\"inLanguage\":\"pl-PL\",\"potentialAction\":[{\"@type\":\"ReadAction\",\"target\":[\"https:\/\/pracownieorange.pl\/gubin\/news\/wernisaz-emocjami-malowany\/\"]}]},{\"@type\":\"ImageObject\",\"inLanguage\":\"pl-PL\",\"@id\":\"https:\/\/pracownieorange.pl\/gubin\/news\/wernisaz-emocjami-malowany\/#primaryimage\",\"url\":\"https:\/\/pracownieorange.pl\/app\/uploads\/sites\/86\/2023\/12\/749A5541-Copy.jpg\",\"contentUrl\":\"https:\/\/pracownieorange.pl\/app\/uploads\/sites\/86\/2023\/12\/749A5541-Copy.jpg\",\"width\":1044,\"height\":696,\"caption\":\"Go\u015bcie wernisa\u017cu prac malowanych emocjami. W\u015br\u00f3d nich autorzy dzie\u0142 i uczestnicy projektu na dzia\u0142ania m\u0142odzie\u017cowe. W tle wida\u0107 kilka obraz\u00f3w, kt\u00f3re s\u0105 efektem wspomnianego projektu.\"},{\"@type\":\"BreadcrumbList\",\"@id\":\"https:\/\/pracownieorange.pl\/gubin\/news\/wernisaz-emocjami-malowany\/#breadcrumb\",\"itemListElement\":[{\"@type\":\"ListItem\",\"position\":1,\"name\":\"Home\",\"item\":\"https:\/\/pracownieorange.pl\/gubin\/\"},{\"@type\":\"ListItem\",\"position\":2,\"name\":\"Aktualno\u015bci\",\"item\":\"https:\/\/pracownieorange.pl\/gubin\/news\/\"},{\"@type\":\"ListItem\",\"position\":3,\"name\":\"Wernisa\u017c emocjami malowany\"}]},{\"@type\":\"WebSite\",\"@id\":\"https:\/\/pracownieorange.pl\/gubin\/#website\",\"url\":\"https:\/\/pracownieorange.pl\/gubin\/\",\"name\":\"Pracownia Orange Gubin\",\"description\":\"Kolejna witryna sieci &#8222;Pracownie Orange&#8221;\",\"potentialAction\":[{\"@type\":\"SearchAction\",\"target\":{\"@type\":\"EntryPoint\",\"urlTemplate\":\"https:\/\/pracownieorange.pl\/gubin\/?s={search_term_string}\"},\"query-input\":{\"@type\":\"PropertyValueSpecification\",\"valueRequired\":true,\"valueName\":\"search_term_string\"}}],\"inLanguage\":\"pl-PL\"}]}<\/script>\n<!-- \/ Yoast SEO plugin. -->","yoast_head_json":{"title":"Wernisa\u017c emocjami malowany - Pracownia Orange Gubin","robots":{"index":"index","follow":"follow","max-snippet":"max-snippet:-1","max-image-preview":"max-image-preview:large","max-video-preview":"max-video-preview:-1"},"canonical":"https:\/\/pracownieorange.pl\/gubin\/news\/wernisaz-emocjami-malowany\/","og_locale":"pl_PL","og_type":"article","og_title":"Wernisa\u017c emocjami malowany - Pracownia Orange Gubin","og_description":"W \u015brod\u0119 (13.12) w Galerii \u201cRatusz\u201d Gubi\u0144skiego Domu Kultury odby\u0142 [&hellip;]","og_url":"https:\/\/pracownieorange.pl\/gubin\/news\/wernisaz-emocjami-malowany\/","og_site_name":"Pracownia Orange Gubin","article_modified_time":"2023-12-18T07:26:33+00:00","og_image":[{"width":1044,"height":696,"url":"https:\/\/pracownieorange.pl\/app\/uploads\/sites\/86\/2023\/12\/749A5541-Copy.jpg","type":"image\/jpeg"}],"twitter_card":"summary_large_image","twitter_misc":{"Est. reading time":"1 minuta"},"schema":{"@context":"https:\/\/schema.org","@graph":[{"@type":"WebPage","@id":"https:\/\/pracownieorange.pl\/gubin\/news\/wernisaz-emocjami-malowany\/","url":"https:\/\/pracownieorange.pl\/gubin\/news\/wernisaz-emocjami-malowany\/","name":"Wernisa\u017c emocjami malowany - Pracownia Orange Gubin","isPartOf":{"@id":"https:\/\/pracownieorange.pl\/gubin\/#website"},"primaryImageOfPage":{"@id":"https:\/\/pracownieorange.pl\/gubin\/news\/wernisaz-emocjami-malowany\/#primaryimage"},"image":{"@id":"https:\/\/pracownieorange.pl\/gubin\/news\/wernisaz-emocjami-malowany\/#primaryimage"},"thumbnailUrl":"https:\/\/pracownieorange.pl\/app\/uploads\/sites\/86\/2023\/12\/749A5541-Copy.jpg","datePublished":"2023-12-15T12:52:23+00:00","dateModified":"2023-12-18T07:26:33+00:00","breadcrumb":{"@id":"https:\/\/pracownieorange.pl\/gubin\/news\/wernisaz-emocjami-malowany\/#breadcrumb"},"inLanguage":"pl-PL","potentialAction":[{"@type":"ReadAction","target":["https:\/\/pracownieorange.pl\/gubin\/news\/wernisaz-emocjami-malowany\/"]}]},{"@type":"ImageObject","inLanguage":"pl-PL","@id":"https:\/\/pracownieorange.pl\/gubin\/news\/wernisaz-emocjami-malowany\/#primaryimage","url":"https:\/\/pracownieorange.pl\/app\/uploads\/sites\/86\/2023\/12\/749A5541-Copy.jpg","contentUrl":"https:\/\/pracownieorange.pl\/app\/uploads\/sites\/86\/2023\/12\/749A5541-Copy.jpg","width":1044,"height":696,"caption":"Go\u015bcie wernisa\u017cu prac malowanych emocjami. W\u015br\u00f3d nich autorzy dzie\u0142 i uczestnicy projektu na dzia\u0142ania m\u0142odzie\u017cowe. W tle wida\u0107 kilka obraz\u00f3w, kt\u00f3re s\u0105 efektem wspomnianego projektu."},{"@type":"BreadcrumbList","@id":"https:\/\/pracownieorange.pl\/gubin\/news\/wernisaz-emocjami-malowany\/#breadcrumb","itemListElement":[{"@type":"ListItem","position":1,"name":"Home","item":"https:\/\/pracownieorange.pl\/gubin\/"},{"@type":"ListItem","position":2,"name":"Aktualno\u015bci","item":"https:\/\/pracownieorange.pl\/gubin\/news\/"},{"@type":"ListItem","position":3,"name":"Wernisa\u017c emocjami malowany"}]},{"@type":"WebSite","@id":"https:\/\/pracownieorange.pl\/gubin\/#website","url":"https:\/\/pracownieorange.pl\/gubin\/","name":"Pracownia Orange Gubin","description":"Kolejna witryna sieci &#8222;Pracownie Orange&#8221;","potentialAction":[{"@type":"SearchAction","target":{"@type":"EntryPoint","urlTemplate":"https:\/\/pracownieorange.pl\/gubin\/?s={search_term_string}"},"query-input":{"@type":"PropertyValueSpecification","valueRequired":true,"valueName":"search_term_string"}}],"inLanguage":"pl-PL"}]}},"_links":{"self":[{"href":"https:\/\/pracownieorange.pl\/gubin\/wp-json\/wp\/v2\/news\/1773","targetHints":{"allow":["GET"]}}],"collection":[{"href":"https:\/\/pracownieorange.pl\/gubin\/wp-json\/wp\/v2\/news"}],"about":[{"href":"https:\/\/pracownieorange.pl\/gubin\/wp-json\/wp\/v2\/types\/news"}],"author":[{"embeddable":true,"href":"https:\/\/pracownieorange.pl\/gubin\/wp-json\/wp\/v2\/users\/133"}],"replies":[{"embeddable":true,"href":"https:\/\/pracownieorange.pl\/gubin\/wp-json\/wp\/v2\/comments?post=1773"}],"wp:featuredmedia":[{"embeddable":true,"href":"https:\/\/pracownieorange.pl\/gubin\/wp-json\/wp\/v2\/media\/1794"}],"wp:attachment":[{"href":"https:\/\/pracownieorange.pl\/gubin\/wp-json\/wp\/v2\/media?parent=1773"}],"curies":[{"name":"wp","href":"https:\/\/api.w.org\/{rel}","templated":true}]}}