

{"id":162,"date":"2022-10-21T20:19:05","date_gmt":"2022-10-21T18:19:05","guid":{"rendered":"https:\/\/pracownieorange.pl\/gubin\/?post_type=news&#038;p=162"},"modified":"2022-10-23T00:09:02","modified_gmt":"2022-10-22T22:09:02","slug":"otwarcie-orange-digital-center-w-warszawie","status":"publish","type":"news","link":"https:\/\/pracownieorange.pl\/gubin\/news\/otwarcie-orange-digital-center-w-warszawie\/","title":{"rendered":"Otwarcie Orange Digital Center w Warszawie"},"content":{"rendered":"<p>Uroczyste otwarcie Orange Digital Center w Warszawie. Czyli miejsca, w kt\u00f3rym realizowany b\u0119dzie program edukacji pozaformalnej, stawiaj\u0105cy na wspieranie ludzi w rozwoju kompetencji przysz\u0142o\u015bci, aby w ten spos\u00f3b zwi\u0119ksza\u0107 ich szanse w \u017cyciu spo\u0142ecznym i zawodowym.<\/p>\n<p>Specjalne zaproszenie na gal\u0119 otrzymali przedstawiciele Pracowni Orange w Gubinie \u2013 m\u0142odzie\u017cowe leaderki Wiktoria \u017burko, Zuzanna Czerniawska, Katarzyna Gancarz oraz Marcin \u201eGwizdo\u201d Gwizdalski z Gubi\u0144skiego Domu Kultury &#8211; na zdj\u0119ciu z Prezesem Fundacji Orange Polska Konradem Ciesio\u0142kiewiczem oraz Ma\u0142gorzat\u0105 Kowalewsk\u0105, Kierowniczk\u0105 Dzia\u0142u Orange Digital Center.<\/p>\n<p>Dlaczego to w\u0142a\u015bnie Gubin dost\u0105pi\u0142 tego zaszczytu? &#8211; Pracownia Orange w Gubinie dzia\u0142a pr\u0119\u017cnie ju\u017c blisko 10 lat. Jest przyk\u0142adem pracowni, w kt\u00f3rej dziej\u0105 si\u0119 przer\u00f3\u017cne projekty, dzia\u0142a Makerspace, czyli przestrze\u0144 warsztatowa, w kt\u00f3rej mieszka\u0144cy mog\u0105 zdobywa\u0107 nowe umiej\u0119tno\u015bci. Misj\u0105 Orange Digital Center jest rozwijanie kompetencji przysz\u0142o\u015bci, by zwi\u0119ksza\u0107 szanse na lepsze \u017cycie spo\u0142eczne i zawodowe i to w\u0142a\u015bnie dzieje si\u0119 w Gubinie \u2013 t\u0142umaczy M. Kowalewska Kierowniczka ODC.<\/p>\n<p>A nam nie pozostaje nic innego jak zaprosi\u0107 wszystkich do naszej Pracowni Orange przy GDK. Wpadajcie cz\u0119\u015bciej!! \ud83d\ude42<\/p>\n","protected":false},"excerpt":{"rendered":"<p>Uroczyste otwarcie Orange Digital Center w Warszawie. Czyli miejsca, w [&hellip;]<\/p>\n","protected":false},"author":133,"featured_media":163,"comment_status":"open","ping_status":"closed","template":"","class_list":["post-162","news","type-news","status-publish","has-post-thumbnail","hentry"],"acf":[],"yoast_head":"<!-- This site is optimized with the Yoast SEO plugin v24.5 - https:\/\/yoast.com\/wordpress\/plugins\/seo\/ -->\n<title>Otwarcie Orange Digital Center w Warszawie - Pracownia Orange Gubin<\/title>\n<meta name=\"robots\" content=\"index, follow, max-snippet:-1, max-image-preview:large, max-video-preview:-1\" \/>\n<link rel=\"canonical\" href=\"https:\/\/pracownieorange.pl\/gubin\/news\/otwarcie-orange-digital-center-w-warszawie\/\" \/>\n<meta property=\"og:locale\" content=\"pl_PL\" \/>\n<meta property=\"og:type\" content=\"article\" \/>\n<meta property=\"og:title\" content=\"Otwarcie Orange Digital Center w Warszawie - Pracownia Orange Gubin\" \/>\n<meta property=\"og:description\" content=\"Uroczyste otwarcie Orange Digital Center w Warszawie. Czyli miejsca, w [&hellip;]\" \/>\n<meta property=\"og:url\" content=\"https:\/\/pracownieorange.pl\/gubin\/news\/otwarcie-orange-digital-center-w-warszawie\/\" \/>\n<meta property=\"og:site_name\" content=\"Pracownia Orange Gubin\" \/>\n<meta property=\"article:modified_time\" content=\"2022-10-22T22:09:02+00:00\" \/>\n<meta property=\"og:image\" content=\"https:\/\/pracownieorange.pl\/app\/uploads\/sites\/86\/2022\/10\/B1A4698-Copy.jpg\" \/>\n\t<meta property=\"og:image:width\" content=\"1385\" \/>\n\t<meta property=\"og:image:height\" content=\"924\" \/>\n\t<meta property=\"og:image:type\" content=\"image\/jpeg\" \/>\n<meta name=\"twitter:card\" content=\"summary_large_image\" \/>\n<meta name=\"twitter:label1\" content=\"Est. reading time\" \/>\n\t<meta name=\"twitter:data1\" content=\"1 minuta\" \/>\n<script type=\"application\/ld+json\" class=\"yoast-schema-graph\">{\"@context\":\"https:\/\/schema.org\",\"@graph\":[{\"@type\":\"WebPage\",\"@id\":\"https:\/\/pracownieorange.pl\/gubin\/news\/otwarcie-orange-digital-center-w-warszawie\/\",\"url\":\"https:\/\/pracownieorange.pl\/gubin\/news\/otwarcie-orange-digital-center-w-warszawie\/\",\"name\":\"Otwarcie Orange Digital Center w Warszawie - Pracownia Orange Gubin\",\"isPartOf\":{\"@id\":\"https:\/\/pracownieorange.pl\/gubin\/#website\"},\"primaryImageOfPage\":{\"@id\":\"https:\/\/pracownieorange.pl\/gubin\/news\/otwarcie-orange-digital-center-w-warszawie\/#primaryimage\"},\"image\":{\"@id\":\"https:\/\/pracownieorange.pl\/gubin\/news\/otwarcie-orange-digital-center-w-warszawie\/#primaryimage\"},\"thumbnailUrl\":\"https:\/\/pracownieorange.pl\/app\/uploads\/sites\/86\/2022\/10\/B1A4698-Copy.jpg\",\"datePublished\":\"2022-10-21T18:19:05+00:00\",\"dateModified\":\"2022-10-22T22:09:02+00:00\",\"breadcrumb\":{\"@id\":\"https:\/\/pracownieorange.pl\/gubin\/news\/otwarcie-orange-digital-center-w-warszawie\/#breadcrumb\"},\"inLanguage\":\"pl-PL\",\"potentialAction\":[{\"@type\":\"ReadAction\",\"target\":[\"https:\/\/pracownieorange.pl\/gubin\/news\/otwarcie-orange-digital-center-w-warszawie\/\"]}]},{\"@type\":\"ImageObject\",\"inLanguage\":\"pl-PL\",\"@id\":\"https:\/\/pracownieorange.pl\/gubin\/news\/otwarcie-orange-digital-center-w-warszawie\/#primaryimage\",\"url\":\"https:\/\/pracownieorange.pl\/app\/uploads\/sites\/86\/2022\/10\/B1A4698-Copy.jpg\",\"contentUrl\":\"https:\/\/pracownieorange.pl\/app\/uploads\/sites\/86\/2022\/10\/B1A4698-Copy.jpg\",\"width\":1385,\"height\":924,\"caption\":\"Na zdj\u0119ciu sz\u00f3stka szcz\u0119\u015bliwych ludzi. Delegacja z Pracowni Orange w Gubinie stoi z oficjelami Fundacji Orange. W tle baner Orange Digital Center.\"},{\"@type\":\"BreadcrumbList\",\"@id\":\"https:\/\/pracownieorange.pl\/gubin\/news\/otwarcie-orange-digital-center-w-warszawie\/#breadcrumb\",\"itemListElement\":[{\"@type\":\"ListItem\",\"position\":1,\"name\":\"Home\",\"item\":\"https:\/\/pracownieorange.pl\/gubin\/\"},{\"@type\":\"ListItem\",\"position\":2,\"name\":\"Aktualno\u015bci\",\"item\":\"https:\/\/pracownieorange.pl\/gubin\/news\/\"},{\"@type\":\"ListItem\",\"position\":3,\"name\":\"Otwarcie Orange Digital Center w Warszawie\"}]},{\"@type\":\"WebSite\",\"@id\":\"https:\/\/pracownieorange.pl\/gubin\/#website\",\"url\":\"https:\/\/pracownieorange.pl\/gubin\/\",\"name\":\"Pracownia Orange Gubin\",\"description\":\"Kolejna witryna sieci &#8222;Pracownie Orange&#8221;\",\"potentialAction\":[{\"@type\":\"SearchAction\",\"target\":{\"@type\":\"EntryPoint\",\"urlTemplate\":\"https:\/\/pracownieorange.pl\/gubin\/?s={search_term_string}\"},\"query-input\":{\"@type\":\"PropertyValueSpecification\",\"valueRequired\":true,\"valueName\":\"search_term_string\"}}],\"inLanguage\":\"pl-PL\"}]}<\/script>\n<!-- \/ Yoast SEO plugin. -->","yoast_head_json":{"title":"Otwarcie Orange Digital Center w Warszawie - Pracownia Orange Gubin","robots":{"index":"index","follow":"follow","max-snippet":"max-snippet:-1","max-image-preview":"max-image-preview:large","max-video-preview":"max-video-preview:-1"},"canonical":"https:\/\/pracownieorange.pl\/gubin\/news\/otwarcie-orange-digital-center-w-warszawie\/","og_locale":"pl_PL","og_type":"article","og_title":"Otwarcie Orange Digital Center w Warszawie - Pracownia Orange Gubin","og_description":"Uroczyste otwarcie Orange Digital Center w Warszawie. Czyli miejsca, w [&hellip;]","og_url":"https:\/\/pracownieorange.pl\/gubin\/news\/otwarcie-orange-digital-center-w-warszawie\/","og_site_name":"Pracownia Orange Gubin","article_modified_time":"2022-10-22T22:09:02+00:00","og_image":[{"width":1385,"height":924,"url":"https:\/\/pracownieorange.pl\/app\/uploads\/sites\/86\/2022\/10\/B1A4698-Copy.jpg","type":"image\/jpeg"}],"twitter_card":"summary_large_image","twitter_misc":{"Est. reading time":"1 minuta"},"schema":{"@context":"https:\/\/schema.org","@graph":[{"@type":"WebPage","@id":"https:\/\/pracownieorange.pl\/gubin\/news\/otwarcie-orange-digital-center-w-warszawie\/","url":"https:\/\/pracownieorange.pl\/gubin\/news\/otwarcie-orange-digital-center-w-warszawie\/","name":"Otwarcie Orange Digital Center w Warszawie - Pracownia Orange Gubin","isPartOf":{"@id":"https:\/\/pracownieorange.pl\/gubin\/#website"},"primaryImageOfPage":{"@id":"https:\/\/pracownieorange.pl\/gubin\/news\/otwarcie-orange-digital-center-w-warszawie\/#primaryimage"},"image":{"@id":"https:\/\/pracownieorange.pl\/gubin\/news\/otwarcie-orange-digital-center-w-warszawie\/#primaryimage"},"thumbnailUrl":"https:\/\/pracownieorange.pl\/app\/uploads\/sites\/86\/2022\/10\/B1A4698-Copy.jpg","datePublished":"2022-10-21T18:19:05+00:00","dateModified":"2022-10-22T22:09:02+00:00","breadcrumb":{"@id":"https:\/\/pracownieorange.pl\/gubin\/news\/otwarcie-orange-digital-center-w-warszawie\/#breadcrumb"},"inLanguage":"pl-PL","potentialAction":[{"@type":"ReadAction","target":["https:\/\/pracownieorange.pl\/gubin\/news\/otwarcie-orange-digital-center-w-warszawie\/"]}]},{"@type":"ImageObject","inLanguage":"pl-PL","@id":"https:\/\/pracownieorange.pl\/gubin\/news\/otwarcie-orange-digital-center-w-warszawie\/#primaryimage","url":"https:\/\/pracownieorange.pl\/app\/uploads\/sites\/86\/2022\/10\/B1A4698-Copy.jpg","contentUrl":"https:\/\/pracownieorange.pl\/app\/uploads\/sites\/86\/2022\/10\/B1A4698-Copy.jpg","width":1385,"height":924,"caption":"Na zdj\u0119ciu sz\u00f3stka szcz\u0119\u015bliwych ludzi. Delegacja z Pracowni Orange w Gubinie stoi z oficjelami Fundacji Orange. W tle baner Orange Digital Center."},{"@type":"BreadcrumbList","@id":"https:\/\/pracownieorange.pl\/gubin\/news\/otwarcie-orange-digital-center-w-warszawie\/#breadcrumb","itemListElement":[{"@type":"ListItem","position":1,"name":"Home","item":"https:\/\/pracownieorange.pl\/gubin\/"},{"@type":"ListItem","position":2,"name":"Aktualno\u015bci","item":"https:\/\/pracownieorange.pl\/gubin\/news\/"},{"@type":"ListItem","position":3,"name":"Otwarcie Orange Digital Center w Warszawie"}]},{"@type":"WebSite","@id":"https:\/\/pracownieorange.pl\/gubin\/#website","url":"https:\/\/pracownieorange.pl\/gubin\/","name":"Pracownia Orange Gubin","description":"Kolejna witryna sieci &#8222;Pracownie Orange&#8221;","potentialAction":[{"@type":"SearchAction","target":{"@type":"EntryPoint","urlTemplate":"https:\/\/pracownieorange.pl\/gubin\/?s={search_term_string}"},"query-input":{"@type":"PropertyValueSpecification","valueRequired":true,"valueName":"search_term_string"}}],"inLanguage":"pl-PL"}]}},"_links":{"self":[{"href":"https:\/\/pracownieorange.pl\/gubin\/wp-json\/wp\/v2\/news\/162","targetHints":{"allow":["GET"]}}],"collection":[{"href":"https:\/\/pracownieorange.pl\/gubin\/wp-json\/wp\/v2\/news"}],"about":[{"href":"https:\/\/pracownieorange.pl\/gubin\/wp-json\/wp\/v2\/types\/news"}],"author":[{"embeddable":true,"href":"https:\/\/pracownieorange.pl\/gubin\/wp-json\/wp\/v2\/users\/133"}],"replies":[{"embeddable":true,"href":"https:\/\/pracownieorange.pl\/gubin\/wp-json\/wp\/v2\/comments?post=162"}],"wp:featuredmedia":[{"embeddable":true,"href":"https:\/\/pracownieorange.pl\/gubin\/wp-json\/wp\/v2\/media\/163"}],"wp:attachment":[{"href":"https:\/\/pracownieorange.pl\/gubin\/wp-json\/wp\/v2\/media?parent=162"}],"curies":[{"name":"wp","href":"https:\/\/api.w.org\/{rel}","templated":true}]}}