

{"id":1274,"date":"2023-08-22T13:30:40","date_gmt":"2023-08-22T11:30:40","guid":{"rendered":"https:\/\/pracownieorange.pl\/gubin\/?post_type=news&#038;p=1274"},"modified":"2023-08-22T13:30:40","modified_gmt":"2023-08-22T11:30:40","slug":"szalona-osiemnastka-otwarte","status":"publish","type":"news","link":"https:\/\/pracownieorange.pl\/gubin\/news\/szalona-osiemnastka-otwarte\/","title":{"rendered":"Szalona osiemnastka &#8222;OTWARTE&#8221;"},"content":{"rendered":"<p><strong>Ju\u017c 18 lat przy Gubi\u0144ski Domu Kultury funkcjonuje m\u0142odzie\u017cowa grupa wolontariuszy, dzia\u0142aj\u0105ca na rzecz spo\u0142eczno\u015bci lokalnej. M\u0142odzi aktywi\u015bci uznali, \u017ce to doskona\u0142y pretekst by podzi\u0119kowa\u0107 najbardziej zaanga\u017cowanym wolontariuszom za trud i po\u015bwi\u0119cenie. St\u0105d pomys\u0142 na celebrowanie 18-stki grupy \u201eOTWARTE\u201d.<\/strong><\/p>\n<p>Niemal 100 os\u00f3b, kt\u00f3re aktywnie kreowa\u0142y \u017cycie kulturalne miasta, pojawi\u0142o si\u0119 na jubileuszowym evencie. Na wszystkich czeka\u0142o mn\u00f3stwo atrakcji. Gra Terenowa z nagrodami, niezwyk\u0142e warsztaty b\u0119bniarskie, szalony sp\u0142yw kajakowy, dwie imprezy taneczne, sze\u015bciu did\u017cej\u00f3w, silent disco, fire show \u2013 to tylko niekt\u00f3re fascynuj\u0105ce przygody czekaj\u0105ce na uczestnik\u00f3w 18-stki. &#8211; Zabawa i fun to oczywi\u015bcie wa\u017cne atrybuty tej imprezy. By\u0142y jednak du\u017co wa\u017cniejsze. Wszystkie atrakcje mia\u0142y charakter team buildingowy. A spotkanie starszego pokolenia z m\u0142odszym s\u0142u\u017cy\u0142o wymianie do\u015bwiadczenia i rozwojowi m\u0142odych \u2013 t\u0142umaczy Marcin Gwizdalski z GDK.<\/p>\n<p>Na trzydniowej imprezie pojawi\u0142y si\u0119 legendy grupy m\u0142odzie\u017cowej \u201eOTWARTE\u201d dzia\u0142aj\u0105ce dla Gubina pi\u0119tna\u015bcie czy osiemna\u015bcie lat temu. By\u0142y zatem \u201espotkania po latach\u201d, na evencie nie zbrak\u0142o tak\u017ce dzieci, r\u00f3wnie\u017c z par zawi\u0105zanych podczas aktywno\u015bci w m\u0142odzie\u017cowej grupie. Kto wie, mo\u017ce te ma\u0142e pociechy kiedy\u015b tak\u017ce do\u0142\u0105cz\u0105 do popularnego \u201eOTWARTE\u201d?<\/p>\n<p>Jak na 18-stk\u0119 przysta\u0142o na imprezie pojawi\u0142 si\u0119 przepyszny ogromny tort. Nie oby\u0142o si\u0119 r\u00f3wnie\u017c bez plebiscytu na \u201enaj\u2026\u201d cz\u0142onka m\u0142odzie\u017cowej grupy. Zwyci\u0119zcy zostali uhonorowani za wyj\u0105tkowe osi\u0105gni\u0119cia obfitymi nagrodami.<\/p>\n<p>&#8211; Trzydniowy event przygotowali\u015bmy sami. Nie uda\u0142o by nam si\u0119 to jednak, gdyby nie cudowne wsparcie firm i sponsor\u00f3w. Ich przychylno\u015b\u0107 i hojno\u015b\u0107 jest dla nas wskaz\u00f3wk\u0105, \u017ce robimy w naszym mie\u015bcie \u201edobr\u0105 robot\u0119\u201d. Bardzo nas to cieszy \u2013 opowiada Zuzanna Czerniawska, m\u0142odzie\u017cowa liderka z grupy \u201eOTWARTE\u201d.<\/p>\n<p>18-stka grupy m\u0142odzie\u017cowej \u201eOTWARTE\u201d to kilka niezapomnianych dni pe\u0142nych rado\u015bci, wsp\u00f3lnych chwil i niezwyk\u0142ych do\u015bwiadcze\u0144. M\u0142odzi wolontariusze ju\u017c nie mog\u0105 si\u0119 doczeka\u0107, co przyniesie nowy sezon ukochanego przez wszystkich teamu pod szyldem \u201eOTWARTE\u201d!<\/p>\n<p>&nbsp;<\/p>\n<p>Ps. Nie tak dawno temu, na \u0142amach lokalnej prasy, Marcin Gwizdalski tak wspomina\u0142: Wiem, co chc\u0119 robi\u0107 w \u017cyciu i to po prostu robi\u0119. No i ta energia, kt\u00f3ra p\u0142ynie od m\u0142odych ludzi z mojej grupy \u201eOTWARTE\u201d oraz ich wiara w idee. Wzajemnie si\u0119 nap\u0119dzamy. M\u0142odzie\u017c ma swoje problemy, z kt\u00f3rymi sobie czasami nie radzi. Ma jakie\u015b marzenia, do czego\u015b d\u0105\u017cy, ma jaki\u015b cel. Ka\u017cdy m\u0142ody cz\u0142owiek, kt\u00f3ry jest w grupie \u201eOTWARTE\u201d, jest zupe\u0142nie \u201ez innej bajki\u201d. Co roku w zasadzie ta grupa wygl\u0105da zupe\u0142nie inaczej, poniewa\u017c sk\u0142ada si\u0119 z zupe\u0142nie innych ludzi. To jest wiecznie \u017cywy organizm, kt\u00f3ry ewoluuje w r\u00f3\u017cne kierunki oraz formy. Przez grup\u0119 \u201eOTWARTE\u201d przewin\u0119\u0142o si\u0119 mn\u00f3stwo os\u00f3b z Gubina i okolic. Kiedy\u015b nastolatkowie &#8211; dzi\u015b wiele z nich ma swoje rodziny, dzieci. Mowa tu o setkach os\u00f3b, chocia\u017c nam nigdy nie zale\u017ca\u0142o na ilo\u015bci tylko na podnoszeniu jako\u015bci tych, kt\u00f3rzy chc\u0105 si\u0119 w \u201eOTWARTE\u201d anga\u017cowa\u0107. Sporo os\u00f3b, mimo up\u0142ywaj\u0105cych lat, wci\u0105\u017c anga\u017cuje si\u0119 w \u017cycie spo\u0142eczne tu w Gubinie, chocia\u017c w tym mie\u015bcie ju\u017c nie mieszka, jednak wci\u0105\u017c im zale\u017cy na tych okolicach i to jest absolutnie niezwyk\u0142e.<\/p>\n<p>&nbsp;<\/p>\n<p>Organizatorzy serdecznie dzi\u0119kuj\u0105 nast\u0119puj\u0105cym osobom i podmiotom:<\/p>\n<p>Kajaki Gubin Tomasz Dereszczuk; Browar Fortuna Mi\u0142os\u0142aw; Gubi\u0144ski Dom Kultury; Radni Miejscy; Urz\u0105d Miejski w Gubinie; Silent Disco Party Wojciech Bomba; KAUFDAS.online sp. z o.o.; One Crow Tattoo Filip Sadowski; Ko\u0142o \u0141owieckie \u201eLis\u201d; Piekarnia Sikora; Izabela Zi\u0119tka; Kwiaciarnia Zielona Weranda; Kwiaciarnia Flora; Restauracja Bosko; Karolina Gryszczy\u0144ska Nail Stylist; YOGA FLOW &#8211; Studio Yogi i Medytacji; Maks Sworczuk Stylista Fryzur; Pawe\u0142 Makles Boxing Gubin; Franciszek Kaczmarek; Przedsi\u0119biorstwo Us\u0142ug Miejskich; BigSound Mateusz Ko\u017alak; PKS Zielona G\u00f3ra sp. z o.o.; TOI TOI Polska sp. z o.o.; Makerspace Gubin.<\/p>\n","protected":false},"excerpt":{"rendered":"<p>Ju\u017c 18 lat przy Gubi\u0144ski Domu Kultury funkcjonuje m\u0142odzie\u017cowa grupa [&hellip;]<\/p>\n","protected":false},"author":133,"featured_media":1346,"comment_status":"open","ping_status":"closed","template":"","class_list":["post-1274","news","type-news","status-publish","has-post-thumbnail","hentry"],"acf":[],"yoast_head":"<!-- This site is optimized with the Yoast SEO plugin v24.5 - https:\/\/yoast.com\/wordpress\/plugins\/seo\/ -->\n<title>Szalona osiemnastka &quot;OTWARTE&quot; - Pracownia Orange Gubin<\/title>\n<meta name=\"robots\" content=\"index, follow, max-snippet:-1, max-image-preview:large, max-video-preview:-1\" \/>\n<link rel=\"canonical\" href=\"https:\/\/pracownieorange.pl\/gubin\/news\/szalona-osiemnastka-otwarte\/\" \/>\n<meta property=\"og:locale\" content=\"pl_PL\" \/>\n<meta property=\"og:type\" content=\"article\" \/>\n<meta property=\"og:title\" content=\"Szalona osiemnastka &quot;OTWARTE&quot; - Pracownia Orange Gubin\" \/>\n<meta property=\"og:description\" content=\"Ju\u017c 18 lat przy Gubi\u0144ski Domu Kultury funkcjonuje m\u0142odzie\u017cowa grupa [&hellip;]\" \/>\n<meta property=\"og:url\" content=\"https:\/\/pracownieorange.pl\/gubin\/news\/szalona-osiemnastka-otwarte\/\" \/>\n<meta property=\"og:site_name\" content=\"Pracownia Orange Gubin\" \/>\n<meta property=\"og:image\" content=\"https:\/\/pracownieorange.pl\/app\/uploads\/sites\/86\/2023\/08\/GOPR1546-Copy.jpg\" \/>\n\t<meta property=\"og:image:width\" content=\"2000\" \/>\n\t<meta property=\"og:image:height\" content=\"1500\" \/>\n\t<meta property=\"og:image:type\" content=\"image\/jpeg\" \/>\n<meta name=\"twitter:card\" content=\"summary_large_image\" \/>\n<meta name=\"twitter:label1\" content=\"Est. reading time\" \/>\n\t<meta name=\"twitter:data1\" content=\"3 minuty\" \/>\n<script type=\"application\/ld+json\" class=\"yoast-schema-graph\">{\"@context\":\"https:\/\/schema.org\",\"@graph\":[{\"@type\":\"WebPage\",\"@id\":\"https:\/\/pracownieorange.pl\/gubin\/news\/szalona-osiemnastka-otwarte\/\",\"url\":\"https:\/\/pracownieorange.pl\/gubin\/news\/szalona-osiemnastka-otwarte\/\",\"name\":\"Szalona osiemnastka \\\"OTWARTE\\\" - Pracownia Orange Gubin\",\"isPartOf\":{\"@id\":\"https:\/\/pracownieorange.pl\/gubin\/#website\"},\"primaryImageOfPage\":{\"@id\":\"https:\/\/pracownieorange.pl\/gubin\/news\/szalona-osiemnastka-otwarte\/#primaryimage\"},\"image\":{\"@id\":\"https:\/\/pracownieorange.pl\/gubin\/news\/szalona-osiemnastka-otwarte\/#primaryimage\"},\"thumbnailUrl\":\"https:\/\/pracownieorange.pl\/app\/uploads\/sites\/86\/2023\/08\/GOPR1546-Copy.jpg\",\"datePublished\":\"2023-08-22T11:30:40+00:00\",\"breadcrumb\":{\"@id\":\"https:\/\/pracownieorange.pl\/gubin\/news\/szalona-osiemnastka-otwarte\/#breadcrumb\"},\"inLanguage\":\"pl-PL\",\"potentialAction\":[{\"@type\":\"ReadAction\",\"target\":[\"https:\/\/pracownieorange.pl\/gubin\/news\/szalona-osiemnastka-otwarte\/\"]}]},{\"@type\":\"ImageObject\",\"inLanguage\":\"pl-PL\",\"@id\":\"https:\/\/pracownieorange.pl\/gubin\/news\/szalona-osiemnastka-otwarte\/#primaryimage\",\"url\":\"https:\/\/pracownieorange.pl\/app\/uploads\/sites\/86\/2023\/08\/GOPR1546-Copy.jpg\",\"contentUrl\":\"https:\/\/pracownieorange.pl\/app\/uploads\/sites\/86\/2023\/08\/GOPR1546-Copy.jpg\",\"width\":2000,\"height\":1500,\"caption\":\"T\u0142um kilkudziesi\u0119ciu szcz\u0119\u015bliwych ludzi, machaj\u0105cych i ciesz\u0105cych si\u0119 nie tylko ze spotkania ale r\u00f3wnie\u017c z mo\u017cliwo\u015bci dzia\u0142ania na rzecz spo\u0142eczno\u015bci lokalnej. To jest w\u0142a\u015bnie grupa m\u0142odzie\u017cowa \\\"OTWARTE\\\" z Gubina.\"},{\"@type\":\"BreadcrumbList\",\"@id\":\"https:\/\/pracownieorange.pl\/gubin\/news\/szalona-osiemnastka-otwarte\/#breadcrumb\",\"itemListElement\":[{\"@type\":\"ListItem\",\"position\":1,\"name\":\"Home\",\"item\":\"https:\/\/pracownieorange.pl\/gubin\/\"},{\"@type\":\"ListItem\",\"position\":2,\"name\":\"Aktualno\u015bci\",\"item\":\"https:\/\/pracownieorange.pl\/gubin\/news\/\"},{\"@type\":\"ListItem\",\"position\":3,\"name\":\"Szalona osiemnastka &#8222;OTWARTE&#8221;\"}]},{\"@type\":\"WebSite\",\"@id\":\"https:\/\/pracownieorange.pl\/gubin\/#website\",\"url\":\"https:\/\/pracownieorange.pl\/gubin\/\",\"name\":\"Pracownia Orange Gubin\",\"description\":\"Kolejna witryna sieci &#8222;Pracownie Orange&#8221;\",\"potentialAction\":[{\"@type\":\"SearchAction\",\"target\":{\"@type\":\"EntryPoint\",\"urlTemplate\":\"https:\/\/pracownieorange.pl\/gubin\/?s={search_term_string}\"},\"query-input\":{\"@type\":\"PropertyValueSpecification\",\"valueRequired\":true,\"valueName\":\"search_term_string\"}}],\"inLanguage\":\"pl-PL\"}]}<\/script>\n<!-- \/ Yoast SEO plugin. -->","yoast_head_json":{"title":"Szalona osiemnastka \"OTWARTE\" - Pracownia Orange Gubin","robots":{"index":"index","follow":"follow","max-snippet":"max-snippet:-1","max-image-preview":"max-image-preview:large","max-video-preview":"max-video-preview:-1"},"canonical":"https:\/\/pracownieorange.pl\/gubin\/news\/szalona-osiemnastka-otwarte\/","og_locale":"pl_PL","og_type":"article","og_title":"Szalona osiemnastka \"OTWARTE\" - Pracownia Orange Gubin","og_description":"Ju\u017c 18 lat przy Gubi\u0144ski Domu Kultury funkcjonuje m\u0142odzie\u017cowa grupa [&hellip;]","og_url":"https:\/\/pracownieorange.pl\/gubin\/news\/szalona-osiemnastka-otwarte\/","og_site_name":"Pracownia Orange Gubin","og_image":[{"width":2000,"height":1500,"url":"https:\/\/pracownieorange.pl\/app\/uploads\/sites\/86\/2023\/08\/GOPR1546-Copy.jpg","type":"image\/jpeg"}],"twitter_card":"summary_large_image","twitter_misc":{"Est. reading time":"3 minuty"},"schema":{"@context":"https:\/\/schema.org","@graph":[{"@type":"WebPage","@id":"https:\/\/pracownieorange.pl\/gubin\/news\/szalona-osiemnastka-otwarte\/","url":"https:\/\/pracownieorange.pl\/gubin\/news\/szalona-osiemnastka-otwarte\/","name":"Szalona osiemnastka \"OTWARTE\" - Pracownia Orange Gubin","isPartOf":{"@id":"https:\/\/pracownieorange.pl\/gubin\/#website"},"primaryImageOfPage":{"@id":"https:\/\/pracownieorange.pl\/gubin\/news\/szalona-osiemnastka-otwarte\/#primaryimage"},"image":{"@id":"https:\/\/pracownieorange.pl\/gubin\/news\/szalona-osiemnastka-otwarte\/#primaryimage"},"thumbnailUrl":"https:\/\/pracownieorange.pl\/app\/uploads\/sites\/86\/2023\/08\/GOPR1546-Copy.jpg","datePublished":"2023-08-22T11:30:40+00:00","breadcrumb":{"@id":"https:\/\/pracownieorange.pl\/gubin\/news\/szalona-osiemnastka-otwarte\/#breadcrumb"},"inLanguage":"pl-PL","potentialAction":[{"@type":"ReadAction","target":["https:\/\/pracownieorange.pl\/gubin\/news\/szalona-osiemnastka-otwarte\/"]}]},{"@type":"ImageObject","inLanguage":"pl-PL","@id":"https:\/\/pracownieorange.pl\/gubin\/news\/szalona-osiemnastka-otwarte\/#primaryimage","url":"https:\/\/pracownieorange.pl\/app\/uploads\/sites\/86\/2023\/08\/GOPR1546-Copy.jpg","contentUrl":"https:\/\/pracownieorange.pl\/app\/uploads\/sites\/86\/2023\/08\/GOPR1546-Copy.jpg","width":2000,"height":1500,"caption":"T\u0142um kilkudziesi\u0119ciu szcz\u0119\u015bliwych ludzi, machaj\u0105cych i ciesz\u0105cych si\u0119 nie tylko ze spotkania ale r\u00f3wnie\u017c z mo\u017cliwo\u015bci dzia\u0142ania na rzecz spo\u0142eczno\u015bci lokalnej. To jest w\u0142a\u015bnie grupa m\u0142odzie\u017cowa \"OTWARTE\" z Gubina."},{"@type":"BreadcrumbList","@id":"https:\/\/pracownieorange.pl\/gubin\/news\/szalona-osiemnastka-otwarte\/#breadcrumb","itemListElement":[{"@type":"ListItem","position":1,"name":"Home","item":"https:\/\/pracownieorange.pl\/gubin\/"},{"@type":"ListItem","position":2,"name":"Aktualno\u015bci","item":"https:\/\/pracownieorange.pl\/gubin\/news\/"},{"@type":"ListItem","position":3,"name":"Szalona osiemnastka &#8222;OTWARTE&#8221;"}]},{"@type":"WebSite","@id":"https:\/\/pracownieorange.pl\/gubin\/#website","url":"https:\/\/pracownieorange.pl\/gubin\/","name":"Pracownia Orange Gubin","description":"Kolejna witryna sieci &#8222;Pracownie Orange&#8221;","potentialAction":[{"@type":"SearchAction","target":{"@type":"EntryPoint","urlTemplate":"https:\/\/pracownieorange.pl\/gubin\/?s={search_term_string}"},"query-input":{"@type":"PropertyValueSpecification","valueRequired":true,"valueName":"search_term_string"}}],"inLanguage":"pl-PL"}]}},"_links":{"self":[{"href":"https:\/\/pracownieorange.pl\/gubin\/wp-json\/wp\/v2\/news\/1274","targetHints":{"allow":["GET"]}}],"collection":[{"href":"https:\/\/pracownieorange.pl\/gubin\/wp-json\/wp\/v2\/news"}],"about":[{"href":"https:\/\/pracownieorange.pl\/gubin\/wp-json\/wp\/v2\/types\/news"}],"author":[{"embeddable":true,"href":"https:\/\/pracownieorange.pl\/gubin\/wp-json\/wp\/v2\/users\/133"}],"replies":[{"embeddable":true,"href":"https:\/\/pracownieorange.pl\/gubin\/wp-json\/wp\/v2\/comments?post=1274"}],"wp:featuredmedia":[{"embeddable":true,"href":"https:\/\/pracownieorange.pl\/gubin\/wp-json\/wp\/v2\/media\/1346"}],"wp:attachment":[{"href":"https:\/\/pracownieorange.pl\/gubin\/wp-json\/wp\/v2\/media?parent=1274"}],"curies":[{"name":"wp","href":"https:\/\/api.w.org\/{rel}","templated":true}]}}