

{"id":1253,"date":"2023-07-18T11:58:29","date_gmt":"2023-07-18T09:58:29","guid":{"rendered":"https:\/\/pracownieorange.pl\/gubin\/?post_type=news&#038;p=1253"},"modified":"2023-07-18T11:58:29","modified_gmt":"2023-07-18T09:58:29","slug":"kolejna-mlodziezowa-liderka","status":"publish","type":"news","link":"https:\/\/pracownieorange.pl\/gubin\/news\/kolejna-mlodziezowa-liderka\/","title":{"rendered":"Kolejna M\u0142odzie\u017cowa Liderka"},"content":{"rendered":"<p class=\"p1\" style=\"margin: 0cm;margin-bottom: .0001pt\"><span class=\"size\"><span style=\"font-size: 13.0pt\">Aleksandra Rodak z grupy \u201eOTWARTE\u201d &amp; Pracowni Orange przy Gubi\u0144skim Domu Kultury zosta\u0142a certyfikowan\u0105 m\u0142odzie\u017cow\u0105 liderk\u0105 programu \u201eR\u00f3wna\u0107 Szanse\u201d. Tym samym, po Darii Raszyk i Wiktorii \u017burko, powi\u0119kszy\u0142a grono m\u0142odych gubinianek, kt\u00f3re dost\u0105pi\u0142y tego zaszczytu.<\/span><\/span><\/p>\n<p class=\"p1\" style=\"margin: 0cm;margin-bottom: .0001pt\"><span class=\"size\"><span style=\"font-size: 13.0pt\">\u00a0<\/span><\/span><\/p>\n<p class=\"p1\" style=\"margin: 0cm;margin-bottom: .0001pt\"><span class=\"size\"><span style=\"font-size: 13.0pt\">Aleksandra zosta\u0142a wybrana spo\u015br\u00f3d kilkudziesi\u0119ciu kandydat\u00f3w z ca\u0142ej Polski i <\/span><\/span><span style=\"font-size: 13.0pt\">na pocz\u0105tku <span class=\"size\">lipca dosta\u0142a zaproszenie na Letni\u0105 Szko\u0142\u0119 M\u0142odzie\u017cowych Lider\u00f3w \u201eR\u00f3wna\u0107 Szanse\u201d w Warszawie. Podobnie jak 23 innych m\u0142odych i ambitnych aktywistek oraz aktywist\u00f3w spo\u0142ecznych z r\u00f3\u017cnych zak\u0105tk\u00f3w kraju.<\/span><\/span><\/p>\n<p class=\"p1\" style=\"margin: 0cm;margin-bottom: .0001pt\"><span style=\"font-size: 13.0pt\">\u00a0<\/span><\/p>\n<p class=\"p1\" style=\"margin: 0cm;margin-bottom: .0001pt\"><span class=\"size\"><span style=\"font-size: 13.0pt\">Tydzie\u0144 sp\u0119dzony w stolicy zaowocowa\u0142 nie tylko certyfikatem. Przez te kilka dni Ola podnios\u0142a swoje kwalifikacje w zakresie dzia\u0142ania w grupie, odkry\u0142a nowe \u015bcie\u017cki rozwoju i poszerzy\u0142a kompetencje liderskie<\/span><\/span><span style=\"font-size: 13.0pt\">, <span class=\"size\">dzi\u0119ki \u2013 jak sama m\u00f3wi \u2013 wspania\u0142ym trenerom prowadz\u0105cym warsztaty.<\/span><\/span><\/p>\n<p class=\"p1\" style=\"margin: 0cm;margin-bottom: .0001pt\"><span style=\"font-size: 13.0pt\">\u00a0<\/span><\/p>\n<p class=\"p1\" style=\"margin: 0cm;margin-bottom: .0001pt\"><span class=\"size\"><span style=\"font-size: 13.0pt\">By\u0142 r\u00f3wnie\u017c czas na relaks, integracj\u0119 z r\u00f3wie\u015bnikami oraz \u015bwietn\u0105 zabaw\u0119. Wystawa w \u201eZach\u0119cie\u201d, kino, kr\u0119gle, bale to tylko nie kt\u00f3re formy sp\u0119dzania wolnego czasu wraz z pozosta\u0142ymi m\u0142odzie\u017cowymi liderami z ca\u0142ej polski. Niesamowite wra\u017cenie pozostawi\u0142a przede wszystkim <\/span><\/span><span class=\"x193iq5w\"><span style=\"font-size: 13.0pt\">wa\u017cna i poruszaj\u0105ca wizyta w warszawskim Centrum Spo\u0142eczno\u015bci Romskiej, prowadzonym przez Fundacj\u0119 \u201eW Stron\u0119 Dialogu\u201d.<\/span><\/span><\/p>\n<p class=\"p1\" style=\"margin: 0cm;margin-bottom: .0001pt\"><span class=\"size\"><span style=\"font-size: 13.0pt\">\u00a0<\/span><\/span><\/p>\n<p class=\"p1\" style=\"margin: 0cm;margin-bottom: .0001pt\"><span class=\"size\"><span style=\"font-size: 13.0pt\">&#8211; Dzi\u0119ki Letniej Szkole M\u0142odzie\u017cowych Lider\u00f3w \u201eR\u00f3wna\u0107 Szanse\u201d, a w zasadzie ludziom, kt\u00f3rym tam pozna\u0142am, jeszcze bardziej upewni\u0142am si\u0119, \u017ce to co chc\u0119 w \u017cyciu robi\u0107, to pomaga\u0107 i dzia\u0142a\u0107 na rzecz spo\u0142eczno\u015bci lokalnej \u2013 m\u00f3wi zadowolona Aleksandra Rodak &#8211; nowa M\u0142odzie\u017cowa Liderka z Gubina.<\/span><\/span><\/p>\n","protected":false},"excerpt":{"rendered":"<p>Aleksandra Rodak z grupy \u201eOTWARTE\u201d &amp; Pracowni Orange przy Gubi\u0144skim [&hellip;]<\/p>\n","protected":false},"author":133,"featured_media":1269,"comment_status":"open","ping_status":"closed","template":"","class_list":["post-1253","news","type-news","status-publish","has-post-thumbnail","hentry"],"acf":[],"yoast_head":"<!-- This site is optimized with the Yoast SEO plugin v24.5 - https:\/\/yoast.com\/wordpress\/plugins\/seo\/ -->\n<title>Kolejna M\u0142odzie\u017cowa Liderka - Pracownia Orange Gubin<\/title>\n<meta name=\"robots\" content=\"index, follow, max-snippet:-1, max-image-preview:large, max-video-preview:-1\" \/>\n<link rel=\"canonical\" href=\"https:\/\/pracownieorange.pl\/gubin\/news\/kolejna-mlodziezowa-liderka\/\" \/>\n<meta property=\"og:locale\" content=\"pl_PL\" \/>\n<meta property=\"og:type\" content=\"article\" \/>\n<meta property=\"og:title\" content=\"Kolejna M\u0142odzie\u017cowa Liderka - Pracownia Orange Gubin\" \/>\n<meta property=\"og:description\" content=\"Aleksandra Rodak z grupy \u201eOTWARTE\u201d &amp; Pracowni Orange przy Gubi\u0144skim [&hellip;]\" \/>\n<meta property=\"og:url\" content=\"https:\/\/pracownieorange.pl\/gubin\/news\/kolejna-mlodziezowa-liderka\/\" \/>\n<meta property=\"og:site_name\" content=\"Pracownia Orange Gubin\" \/>\n<meta property=\"og:image\" content=\"https:\/\/pracownieorange.pl\/app\/uploads\/sites\/86\/2023\/07\/20230707_180846-Copy.jpg\" \/>\n\t<meta property=\"og:image:width\" content=\"2020\" \/>\n\t<meta property=\"og:image:height\" content=\"2045\" \/>\n\t<meta property=\"og:image:type\" content=\"image\/jpeg\" \/>\n<meta name=\"twitter:card\" content=\"summary_large_image\" \/>\n<meta name=\"twitter:label1\" content=\"Est. reading time\" \/>\n\t<meta name=\"twitter:data1\" content=\"1 minuta\" \/>\n<script type=\"application\/ld+json\" class=\"yoast-schema-graph\">{\"@context\":\"https:\/\/schema.org\",\"@graph\":[{\"@type\":\"WebPage\",\"@id\":\"https:\/\/pracownieorange.pl\/gubin\/news\/kolejna-mlodziezowa-liderka\/\",\"url\":\"https:\/\/pracownieorange.pl\/gubin\/news\/kolejna-mlodziezowa-liderka\/\",\"name\":\"Kolejna M\u0142odzie\u017cowa Liderka - Pracownia Orange Gubin\",\"isPartOf\":{\"@id\":\"https:\/\/pracownieorange.pl\/gubin\/#website\"},\"primaryImageOfPage\":{\"@id\":\"https:\/\/pracownieorange.pl\/gubin\/news\/kolejna-mlodziezowa-liderka\/#primaryimage\"},\"image\":{\"@id\":\"https:\/\/pracownieorange.pl\/gubin\/news\/kolejna-mlodziezowa-liderka\/#primaryimage\"},\"thumbnailUrl\":\"https:\/\/pracownieorange.pl\/app\/uploads\/sites\/86\/2023\/07\/20230707_180846-Copy.jpg\",\"datePublished\":\"2023-07-18T09:58:29+00:00\",\"breadcrumb\":{\"@id\":\"https:\/\/pracownieorange.pl\/gubin\/news\/kolejna-mlodziezowa-liderka\/#breadcrumb\"},\"inLanguage\":\"pl-PL\",\"potentialAction\":[{\"@type\":\"ReadAction\",\"target\":[\"https:\/\/pracownieorange.pl\/gubin\/news\/kolejna-mlodziezowa-liderka\/\"]}]},{\"@type\":\"ImageObject\",\"inLanguage\":\"pl-PL\",\"@id\":\"https:\/\/pracownieorange.pl\/gubin\/news\/kolejna-mlodziezowa-liderka\/#primaryimage\",\"url\":\"https:\/\/pracownieorange.pl\/app\/uploads\/sites\/86\/2023\/07\/20230707_180846-Copy.jpg\",\"contentUrl\":\"https:\/\/pracownieorange.pl\/app\/uploads\/sites\/86\/2023\/07\/20230707_180846-Copy.jpg\",\"width\":2020,\"height\":2045,\"caption\":\"Gubinianka Ola Rodak w stanie euforii po zako\u0144czeniu Letniej Szko\u0142y M\u0142odzie\u017cowych Lider\u00f3w z programu \\\"R\u00f3wna\u0107 Szanse\\\" w Warszawie. Towarzysz\u0105 jej trenerzy. Na kolanach Oli upragniony certyfikat.\"},{\"@type\":\"BreadcrumbList\",\"@id\":\"https:\/\/pracownieorange.pl\/gubin\/news\/kolejna-mlodziezowa-liderka\/#breadcrumb\",\"itemListElement\":[{\"@type\":\"ListItem\",\"position\":1,\"name\":\"Home\",\"item\":\"https:\/\/pracownieorange.pl\/gubin\/\"},{\"@type\":\"ListItem\",\"position\":2,\"name\":\"Aktualno\u015bci\",\"item\":\"https:\/\/pracownieorange.pl\/gubin\/news\/\"},{\"@type\":\"ListItem\",\"position\":3,\"name\":\"Kolejna M\u0142odzie\u017cowa Liderka\"}]},{\"@type\":\"WebSite\",\"@id\":\"https:\/\/pracownieorange.pl\/gubin\/#website\",\"url\":\"https:\/\/pracownieorange.pl\/gubin\/\",\"name\":\"Pracownia Orange Gubin\",\"description\":\"Kolejna witryna sieci &#8222;Pracownie Orange&#8221;\",\"potentialAction\":[{\"@type\":\"SearchAction\",\"target\":{\"@type\":\"EntryPoint\",\"urlTemplate\":\"https:\/\/pracownieorange.pl\/gubin\/?s={search_term_string}\"},\"query-input\":{\"@type\":\"PropertyValueSpecification\",\"valueRequired\":true,\"valueName\":\"search_term_string\"}}],\"inLanguage\":\"pl-PL\"}]}<\/script>\n<!-- \/ Yoast SEO plugin. -->","yoast_head_json":{"title":"Kolejna M\u0142odzie\u017cowa Liderka - Pracownia Orange Gubin","robots":{"index":"index","follow":"follow","max-snippet":"max-snippet:-1","max-image-preview":"max-image-preview:large","max-video-preview":"max-video-preview:-1"},"canonical":"https:\/\/pracownieorange.pl\/gubin\/news\/kolejna-mlodziezowa-liderka\/","og_locale":"pl_PL","og_type":"article","og_title":"Kolejna M\u0142odzie\u017cowa Liderka - Pracownia Orange Gubin","og_description":"Aleksandra Rodak z grupy \u201eOTWARTE\u201d &amp; Pracowni Orange przy Gubi\u0144skim [&hellip;]","og_url":"https:\/\/pracownieorange.pl\/gubin\/news\/kolejna-mlodziezowa-liderka\/","og_site_name":"Pracownia Orange Gubin","og_image":[{"width":2020,"height":2045,"url":"https:\/\/pracownieorange.pl\/app\/uploads\/sites\/86\/2023\/07\/20230707_180846-Copy.jpg","type":"image\/jpeg"}],"twitter_card":"summary_large_image","twitter_misc":{"Est. reading time":"1 minuta"},"schema":{"@context":"https:\/\/schema.org","@graph":[{"@type":"WebPage","@id":"https:\/\/pracownieorange.pl\/gubin\/news\/kolejna-mlodziezowa-liderka\/","url":"https:\/\/pracownieorange.pl\/gubin\/news\/kolejna-mlodziezowa-liderka\/","name":"Kolejna M\u0142odzie\u017cowa Liderka - Pracownia Orange Gubin","isPartOf":{"@id":"https:\/\/pracownieorange.pl\/gubin\/#website"},"primaryImageOfPage":{"@id":"https:\/\/pracownieorange.pl\/gubin\/news\/kolejna-mlodziezowa-liderka\/#primaryimage"},"image":{"@id":"https:\/\/pracownieorange.pl\/gubin\/news\/kolejna-mlodziezowa-liderka\/#primaryimage"},"thumbnailUrl":"https:\/\/pracownieorange.pl\/app\/uploads\/sites\/86\/2023\/07\/20230707_180846-Copy.jpg","datePublished":"2023-07-18T09:58:29+00:00","breadcrumb":{"@id":"https:\/\/pracownieorange.pl\/gubin\/news\/kolejna-mlodziezowa-liderka\/#breadcrumb"},"inLanguage":"pl-PL","potentialAction":[{"@type":"ReadAction","target":["https:\/\/pracownieorange.pl\/gubin\/news\/kolejna-mlodziezowa-liderka\/"]}]},{"@type":"ImageObject","inLanguage":"pl-PL","@id":"https:\/\/pracownieorange.pl\/gubin\/news\/kolejna-mlodziezowa-liderka\/#primaryimage","url":"https:\/\/pracownieorange.pl\/app\/uploads\/sites\/86\/2023\/07\/20230707_180846-Copy.jpg","contentUrl":"https:\/\/pracownieorange.pl\/app\/uploads\/sites\/86\/2023\/07\/20230707_180846-Copy.jpg","width":2020,"height":2045,"caption":"Gubinianka Ola Rodak w stanie euforii po zako\u0144czeniu Letniej Szko\u0142y M\u0142odzie\u017cowych Lider\u00f3w z programu \"R\u00f3wna\u0107 Szanse\" w Warszawie. Towarzysz\u0105 jej trenerzy. Na kolanach Oli upragniony certyfikat."},{"@type":"BreadcrumbList","@id":"https:\/\/pracownieorange.pl\/gubin\/news\/kolejna-mlodziezowa-liderka\/#breadcrumb","itemListElement":[{"@type":"ListItem","position":1,"name":"Home","item":"https:\/\/pracownieorange.pl\/gubin\/"},{"@type":"ListItem","position":2,"name":"Aktualno\u015bci","item":"https:\/\/pracownieorange.pl\/gubin\/news\/"},{"@type":"ListItem","position":3,"name":"Kolejna M\u0142odzie\u017cowa Liderka"}]},{"@type":"WebSite","@id":"https:\/\/pracownieorange.pl\/gubin\/#website","url":"https:\/\/pracownieorange.pl\/gubin\/","name":"Pracownia Orange Gubin","description":"Kolejna witryna sieci &#8222;Pracownie Orange&#8221;","potentialAction":[{"@type":"SearchAction","target":{"@type":"EntryPoint","urlTemplate":"https:\/\/pracownieorange.pl\/gubin\/?s={search_term_string}"},"query-input":{"@type":"PropertyValueSpecification","valueRequired":true,"valueName":"search_term_string"}}],"inLanguage":"pl-PL"}]}},"_links":{"self":[{"href":"https:\/\/pracownieorange.pl\/gubin\/wp-json\/wp\/v2\/news\/1253","targetHints":{"allow":["GET"]}}],"collection":[{"href":"https:\/\/pracownieorange.pl\/gubin\/wp-json\/wp\/v2\/news"}],"about":[{"href":"https:\/\/pracownieorange.pl\/gubin\/wp-json\/wp\/v2\/types\/news"}],"author":[{"embeddable":true,"href":"https:\/\/pracownieorange.pl\/gubin\/wp-json\/wp\/v2\/users\/133"}],"replies":[{"embeddable":true,"href":"https:\/\/pracownieorange.pl\/gubin\/wp-json\/wp\/v2\/comments?post=1253"}],"wp:featuredmedia":[{"embeddable":true,"href":"https:\/\/pracownieorange.pl\/gubin\/wp-json\/wp\/v2\/media\/1269"}],"wp:attachment":[{"href":"https:\/\/pracownieorange.pl\/gubin\/wp-json\/wp\/v2\/media?parent=1253"}],"curies":[{"name":"wp","href":"https:\/\/api.w.org\/{rel}","templated":true}]}}