

{"id":1047,"date":"2023-05-31T19:23:14","date_gmt":"2023-05-31T17:23:14","guid":{"rendered":"https:\/\/pracownieorange.pl\/gubin\/?post_type=news&#038;p=1047"},"modified":"2023-05-31T19:23:14","modified_gmt":"2023-05-31T17:23:14","slug":"dwie-wieze-reaktywacja-po-raz-drugi","status":"publish","type":"news","link":"https:\/\/pracownieorange.pl\/gubin\/news\/dwie-wieze-reaktywacja-po-raz-drugi\/","title":{"rendered":"Dwie Wie\u017ce Reaktywacja po raz drugi"},"content":{"rendered":"<p>\u015awi\u0119to \u201eDwie Wie\u017ce\u201d s\u0105 nawi\u0105zaniem do d\u0142ugiej historii miasta \u2013 dw\u00f3ch wie\u017c, Ko\u015bcio\u0142a Farnego i Ratusza, od wiek\u00f3w stoj\u0105cych w centrum Gubina tu\u017c obok siebie. Z drugiej jednak strony to wsp\u00f3\u0142czesno\u015b\u0107 zaczyna definiowa\u0107 ich rol\u0119 i symboliczne znaczenie. Wprowadzenie do wn\u0119trza gubi\u0144skiej Fary DJ&#8217;\u00f3w, nowoczesnej formy muzyki i sztuki (wizualizacje, instalacje), pokazy, wystawy, koncerty nadaje \u015bredniowiecznym murom zupe\u0142nie nowy charakter i kontekst. Przede wszystkim jednak ponownie przywraca do \u017cycia martwe przez lata i dekady historyczne przestrzenie.<\/p>\n<p>20 maja mieli\u015bmy ju\u017c drug\u0105 ods\u0142on\u0119 \u015awi\u0119ta \u201eDwie Wie\u017ce\u201d. Oczywi\u015bcie podczas eventu mo\u017cna by\u0142o podziwia\u0107 sztuk\u0119 nowoczesn\u0105 w postaci np. obraz\u00f3w wykonanych z nietypowych materia\u0142\u00f3w (d\u0119tka rowerowa, samochodowa poduszka powietrzna) albo erotycznych prac RadioLuby. Imprezie towarzyszy\u0142y r\u00f3wnie\u017c inne wystawy, wizualizacje, kola\u017ce filmowe, pokaz mody ekologicznej w wydaniu Zero Waste.<\/p>\n<p>Ca\u0142o\u015b\u0107 cudownie dope\u0142ni\u0142y popisy artystyczne DID Hani Piosik oraz Dj N-Noiz. Dzi\u0119ki ich muzyce oraz ceglanym ruinom ko\u015bcio\u0142a impreza mia\u0142a mroczny i lekko niepokoj\u0105cy klimat.<\/p>\n","protected":false},"excerpt":{"rendered":"<p>\u015awi\u0119to \u201eDwie Wie\u017ce\u201d s\u0105 nawi\u0105zaniem do d\u0142ugiej historii miasta \u2013 [&hellip;]<\/p>\n","protected":false},"author":133,"featured_media":1103,"comment_status":"open","ping_status":"closed","template":"","class_list":["post-1047","news","type-news","status-publish","has-post-thumbnail","hentry"],"acf":[],"yoast_head":"<!-- This site is optimized with the Yoast SEO plugin v24.5 - https:\/\/yoast.com\/wordpress\/plugins\/seo\/ -->\n<title>Dwie Wie\u017ce Reaktywacja po raz drugi - Pracownia Orange Gubin<\/title>\n<meta name=\"robots\" content=\"index, follow, max-snippet:-1, max-image-preview:large, max-video-preview:-1\" \/>\n<link rel=\"canonical\" href=\"https:\/\/pracownieorange.pl\/gubin\/news\/dwie-wieze-reaktywacja-po-raz-drugi\/\" \/>\n<meta property=\"og:locale\" content=\"pl_PL\" \/>\n<meta property=\"og:type\" content=\"article\" \/>\n<meta property=\"og:title\" content=\"Dwie Wie\u017ce Reaktywacja po raz drugi - Pracownia Orange Gubin\" \/>\n<meta property=\"og:description\" content=\"\u015awi\u0119to \u201eDwie Wie\u017ce\u201d s\u0105 nawi\u0105zaniem do d\u0142ugiej historii miasta \u2013 [&hellip;]\" \/>\n<meta property=\"og:url\" content=\"https:\/\/pracownieorange.pl\/gubin\/news\/dwie-wieze-reaktywacja-po-raz-drugi\/\" \/>\n<meta property=\"og:site_name\" content=\"Pracownia Orange Gubin\" \/>\n<meta property=\"og:image\" content=\"https:\/\/pracownieorange.pl\/app\/uploads\/sites\/86\/2023\/05\/KB_05370-scaled.jpg\" \/>\n\t<meta property=\"og:image:width\" content=\"2560\" \/>\n\t<meta property=\"og:image:height\" content=\"1707\" \/>\n\t<meta property=\"og:image:type\" content=\"image\/jpeg\" \/>\n<meta name=\"twitter:card\" content=\"summary_large_image\" \/>\n<meta name=\"twitter:label1\" content=\"Est. reading time\" \/>\n\t<meta name=\"twitter:data1\" content=\"1 minuta\" \/>\n<script type=\"application\/ld+json\" class=\"yoast-schema-graph\">{\"@context\":\"https:\/\/schema.org\",\"@graph\":[{\"@type\":\"WebPage\",\"@id\":\"https:\/\/pracownieorange.pl\/gubin\/news\/dwie-wieze-reaktywacja-po-raz-drugi\/\",\"url\":\"https:\/\/pracownieorange.pl\/gubin\/news\/dwie-wieze-reaktywacja-po-raz-drugi\/\",\"name\":\"Dwie Wie\u017ce Reaktywacja po raz drugi - Pracownia Orange Gubin\",\"isPartOf\":{\"@id\":\"https:\/\/pracownieorange.pl\/gubin\/#website\"},\"primaryImageOfPage\":{\"@id\":\"https:\/\/pracownieorange.pl\/gubin\/news\/dwie-wieze-reaktywacja-po-raz-drugi\/#primaryimage\"},\"image\":{\"@id\":\"https:\/\/pracownieorange.pl\/gubin\/news\/dwie-wieze-reaktywacja-po-raz-drugi\/#primaryimage\"},\"thumbnailUrl\":\"https:\/\/pracownieorange.pl\/app\/uploads\/sites\/86\/2023\/05\/KB_05370-scaled.jpg\",\"datePublished\":\"2023-05-31T17:23:14+00:00\",\"breadcrumb\":{\"@id\":\"https:\/\/pracownieorange.pl\/gubin\/news\/dwie-wieze-reaktywacja-po-raz-drugi\/#breadcrumb\"},\"inLanguage\":\"pl-PL\",\"potentialAction\":[{\"@type\":\"ReadAction\",\"target\":[\"https:\/\/pracownieorange.pl\/gubin\/news\/dwie-wieze-reaktywacja-po-raz-drugi\/\"]}]},{\"@type\":\"ImageObject\",\"inLanguage\":\"pl-PL\",\"@id\":\"https:\/\/pracownieorange.pl\/gubin\/news\/dwie-wieze-reaktywacja-po-raz-drugi\/#primaryimage\",\"url\":\"https:\/\/pracownieorange.pl\/app\/uploads\/sites\/86\/2023\/05\/KB_05370-scaled.jpg\",\"contentUrl\":\"https:\/\/pracownieorange.pl\/app\/uploads\/sites\/86\/2023\/05\/KB_05370-scaled.jpg\",\"width\":2560,\"height\":1707,\"caption\":\"Na zdj\u0119ciu najwi\u0119ksza gwiazda eventu \\\"Dwie Wie\u017ce Reaktywacja Level#2 - Hania Piosik jako DID. Wystawy, koncerty, pokazy wizualne w ruinach \u015bredniowiecznego Ko\u015bcio\u0142a Farnego. Nowoczesno\u015b\u0107 w starych murach.\"},{\"@type\":\"BreadcrumbList\",\"@id\":\"https:\/\/pracownieorange.pl\/gubin\/news\/dwie-wieze-reaktywacja-po-raz-drugi\/#breadcrumb\",\"itemListElement\":[{\"@type\":\"ListItem\",\"position\":1,\"name\":\"Home\",\"item\":\"https:\/\/pracownieorange.pl\/gubin\/\"},{\"@type\":\"ListItem\",\"position\":2,\"name\":\"Aktualno\u015bci\",\"item\":\"https:\/\/pracownieorange.pl\/gubin\/news\/\"},{\"@type\":\"ListItem\",\"position\":3,\"name\":\"Dwie Wie\u017ce Reaktywacja po raz drugi\"}]},{\"@type\":\"WebSite\",\"@id\":\"https:\/\/pracownieorange.pl\/gubin\/#website\",\"url\":\"https:\/\/pracownieorange.pl\/gubin\/\",\"name\":\"Pracownia Orange Gubin\",\"description\":\"Kolejna witryna sieci &#8222;Pracownie Orange&#8221;\",\"potentialAction\":[{\"@type\":\"SearchAction\",\"target\":{\"@type\":\"EntryPoint\",\"urlTemplate\":\"https:\/\/pracownieorange.pl\/gubin\/?s={search_term_string}\"},\"query-input\":{\"@type\":\"PropertyValueSpecification\",\"valueRequired\":true,\"valueName\":\"search_term_string\"}}],\"inLanguage\":\"pl-PL\"}]}<\/script>\n<!-- \/ Yoast SEO plugin. -->","yoast_head_json":{"title":"Dwie Wie\u017ce Reaktywacja po raz drugi - Pracownia Orange Gubin","robots":{"index":"index","follow":"follow","max-snippet":"max-snippet:-1","max-image-preview":"max-image-preview:large","max-video-preview":"max-video-preview:-1"},"canonical":"https:\/\/pracownieorange.pl\/gubin\/news\/dwie-wieze-reaktywacja-po-raz-drugi\/","og_locale":"pl_PL","og_type":"article","og_title":"Dwie Wie\u017ce Reaktywacja po raz drugi - Pracownia Orange Gubin","og_description":"\u015awi\u0119to \u201eDwie Wie\u017ce\u201d s\u0105 nawi\u0105zaniem do d\u0142ugiej historii miasta \u2013 [&hellip;]","og_url":"https:\/\/pracownieorange.pl\/gubin\/news\/dwie-wieze-reaktywacja-po-raz-drugi\/","og_site_name":"Pracownia Orange Gubin","og_image":[{"width":2560,"height":1707,"url":"https:\/\/pracownieorange.pl\/app\/uploads\/sites\/86\/2023\/05\/KB_05370-scaled.jpg","type":"image\/jpeg"}],"twitter_card":"summary_large_image","twitter_misc":{"Est. reading time":"1 minuta"},"schema":{"@context":"https:\/\/schema.org","@graph":[{"@type":"WebPage","@id":"https:\/\/pracownieorange.pl\/gubin\/news\/dwie-wieze-reaktywacja-po-raz-drugi\/","url":"https:\/\/pracownieorange.pl\/gubin\/news\/dwie-wieze-reaktywacja-po-raz-drugi\/","name":"Dwie Wie\u017ce Reaktywacja po raz drugi - Pracownia Orange Gubin","isPartOf":{"@id":"https:\/\/pracownieorange.pl\/gubin\/#website"},"primaryImageOfPage":{"@id":"https:\/\/pracownieorange.pl\/gubin\/news\/dwie-wieze-reaktywacja-po-raz-drugi\/#primaryimage"},"image":{"@id":"https:\/\/pracownieorange.pl\/gubin\/news\/dwie-wieze-reaktywacja-po-raz-drugi\/#primaryimage"},"thumbnailUrl":"https:\/\/pracownieorange.pl\/app\/uploads\/sites\/86\/2023\/05\/KB_05370-scaled.jpg","datePublished":"2023-05-31T17:23:14+00:00","breadcrumb":{"@id":"https:\/\/pracownieorange.pl\/gubin\/news\/dwie-wieze-reaktywacja-po-raz-drugi\/#breadcrumb"},"inLanguage":"pl-PL","potentialAction":[{"@type":"ReadAction","target":["https:\/\/pracownieorange.pl\/gubin\/news\/dwie-wieze-reaktywacja-po-raz-drugi\/"]}]},{"@type":"ImageObject","inLanguage":"pl-PL","@id":"https:\/\/pracownieorange.pl\/gubin\/news\/dwie-wieze-reaktywacja-po-raz-drugi\/#primaryimage","url":"https:\/\/pracownieorange.pl\/app\/uploads\/sites\/86\/2023\/05\/KB_05370-scaled.jpg","contentUrl":"https:\/\/pracownieorange.pl\/app\/uploads\/sites\/86\/2023\/05\/KB_05370-scaled.jpg","width":2560,"height":1707,"caption":"Na zdj\u0119ciu najwi\u0119ksza gwiazda eventu \"Dwie Wie\u017ce Reaktywacja Level#2 - Hania Piosik jako DID. Wystawy, koncerty, pokazy wizualne w ruinach \u015bredniowiecznego Ko\u015bcio\u0142a Farnego. Nowoczesno\u015b\u0107 w starych murach."},{"@type":"BreadcrumbList","@id":"https:\/\/pracownieorange.pl\/gubin\/news\/dwie-wieze-reaktywacja-po-raz-drugi\/#breadcrumb","itemListElement":[{"@type":"ListItem","position":1,"name":"Home","item":"https:\/\/pracownieorange.pl\/gubin\/"},{"@type":"ListItem","position":2,"name":"Aktualno\u015bci","item":"https:\/\/pracownieorange.pl\/gubin\/news\/"},{"@type":"ListItem","position":3,"name":"Dwie Wie\u017ce Reaktywacja po raz drugi"}]},{"@type":"WebSite","@id":"https:\/\/pracownieorange.pl\/gubin\/#website","url":"https:\/\/pracownieorange.pl\/gubin\/","name":"Pracownia Orange Gubin","description":"Kolejna witryna sieci &#8222;Pracownie Orange&#8221;","potentialAction":[{"@type":"SearchAction","target":{"@type":"EntryPoint","urlTemplate":"https:\/\/pracownieorange.pl\/gubin\/?s={search_term_string}"},"query-input":{"@type":"PropertyValueSpecification","valueRequired":true,"valueName":"search_term_string"}}],"inLanguage":"pl-PL"}]}},"_links":{"self":[{"href":"https:\/\/pracownieorange.pl\/gubin\/wp-json\/wp\/v2\/news\/1047","targetHints":{"allow":["GET"]}}],"collection":[{"href":"https:\/\/pracownieorange.pl\/gubin\/wp-json\/wp\/v2\/news"}],"about":[{"href":"https:\/\/pracownieorange.pl\/gubin\/wp-json\/wp\/v2\/types\/news"}],"author":[{"embeddable":true,"href":"https:\/\/pracownieorange.pl\/gubin\/wp-json\/wp\/v2\/users\/133"}],"replies":[{"embeddable":true,"href":"https:\/\/pracownieorange.pl\/gubin\/wp-json\/wp\/v2\/comments?post=1047"}],"wp:featuredmedia":[{"embeddable":true,"href":"https:\/\/pracownieorange.pl\/gubin\/wp-json\/wp\/v2\/media\/1103"}],"wp:attachment":[{"href":"https:\/\/pracownieorange.pl\/gubin\/wp-json\/wp\/v2\/media?parent=1047"}],"curies":[{"name":"wp","href":"https:\/\/api.w.org\/{rel}","templated":true}]}}