

{"id":104,"date":"2022-10-11T10:39:57","date_gmt":"2022-10-11T08:39:57","guid":{"rendered":"https:\/\/pracownieorange.pl\/gubin\/?post_type=news&#038;p=104"},"modified":"2022-10-16T22:17:11","modified_gmt":"2022-10-16T20:17:11","slug":"kolejny-tydzien-kolejne-warsztaty","status":"publish","type":"news","link":"https:\/\/pracownieorange.pl\/gubin\/news\/kolejny-tydzien-kolejne-warsztaty\/","title":{"rendered":"Kolejny tydzie\u0144, kolejne warsztaty!"},"content":{"rendered":"<p>W tym tygodniu podczas projektu &#8222;Murem za Murarkami&#8221; spotkali\u015bmy si\u0119 z lokalnym stolarzem &#8211; Tomaszem Rodakiem, kt\u00f3ry zrobi\u0142 nam bardzo fascynuj\u0105ce warsztaty z tego jak zbudowa\u0107 domek dla pszcz\u00f3\u0142ek!<\/p>\n<p>Podczas zaj\u0119\u0107 ka\u017cdy wzni\u00f3s\u0142 si\u0119 na wy\u017cyny swoich umiej\u0119tno\u015bci, dzi\u0119ki czemu powsta\u0142y wspania\u0142e domki dla naszych pszczelich przyjaci\u00f3\u0142. Pan Tomasz na pocz\u0105tku ka\u017cdemu z nas da\u0142 potrzebne narz\u0119dzia i wyt\u0142umaczy\u0142 jak z nich korzysta\u0107. Nast\u0119pnie zabrali\u015bmy si\u0119 szybko do pracy. Podczas budowy bacznie obserwowa\u0142 jak nam idzie i w razie konieczno\u015bci pomaga\u0142, gdy utkn\u0119li\u015bmy. Budow\u0119 domk\u00f3w zacz\u0119li\u015bmy od wydr\u0105\u017cenia dziur w pie\u0144kach, a nast\u0119pnie je obudowali\u015bmy. Po zrobieniu ,,domk\u00f3w&#8221; umocowali\u015bmy je na wielkich palach drewna, aby murarki mog\u0142y je szybko odnale\u017a\u0107.<\/p>\n<p>&#8222;Pomimo to, \u017ce podzielili\u015bmy si\u0119 na dwuosobowe teamy to ka\u017cdy z nich ni\u00f3s\u0142 pomoc innym grupom. Wsp\u00f3lnie si\u0119 wspierali\u015bmy je\u015bli napotkali\u015bmy jakie\u015b przeszkody, a gdy kt\u00f3ra\u015b para sko\u0144czy\u0142a szybciej to pomaga\u0142a innej. Dzielili\u015bmy si\u0119 r\u00f3wnie\u017c narz\u0119dziami i kapitalnie bawili\u015bmy si\u0119 spr\u0119\u017conym powietrzem. Cudowne by\u0142o to, \u017ce po sko\u0144czonej pracy, wszyscy razem wsp\u00f3lnymi si\u0142ami posprz\u0105tali\u015bmy ca\u0142y warsztat.&#8221; &#8211; skomentowa\u0142a team liderka, Wiktoria \u017burko .<\/p>\n<p>Projekt \u201eMurem za Murarkami\u201d prowadzony jest w ramach programu \u201eR\u00f3wna\u0107 Szanse\u201d Polsko-Ameryka\u0144skiej Fundacji Wolno\u015bci, realizowanego przez Fundacj\u0119 Civis Polonus.<\/p>\n<p>&nbsp;<\/p>\n","protected":false},"excerpt":{"rendered":"<p>W tym tygodniu podczas projektu &#8222;Murem za Murarkami&#8221; spotkali\u015bmy si\u0119 [&hellip;]<\/p>\n","protected":false},"author":133,"featured_media":139,"comment_status":"open","ping_status":"closed","template":"","class_list":["post-104","news","type-news","status-publish","has-post-thumbnail","hentry"],"acf":[],"yoast_head":"<!-- This site is optimized with the Yoast SEO plugin v24.5 - https:\/\/yoast.com\/wordpress\/plugins\/seo\/ -->\n<title>Kolejny tydzie\u0144, kolejne warsztaty! - Pracownia Orange Gubin<\/title>\n<meta name=\"robots\" content=\"index, follow, max-snippet:-1, max-image-preview:large, max-video-preview:-1\" \/>\n<link rel=\"canonical\" href=\"https:\/\/pracownieorange.pl\/gubin\/news\/kolejny-tydzien-kolejne-warsztaty\/\" \/>\n<meta property=\"og:locale\" content=\"pl_PL\" \/>\n<meta property=\"og:type\" content=\"article\" \/>\n<meta property=\"og:title\" content=\"Kolejny tydzie\u0144, kolejne warsztaty! - Pracownia Orange Gubin\" \/>\n<meta property=\"og:description\" content=\"W tym tygodniu podczas projektu &#8222;Murem za Murarkami&#8221; spotkali\u015bmy si\u0119 [&hellip;]\" \/>\n<meta property=\"og:url\" content=\"https:\/\/pracownieorange.pl\/gubin\/news\/kolejny-tydzien-kolejne-warsztaty\/\" \/>\n<meta property=\"og:site_name\" content=\"Pracownia Orange Gubin\" \/>\n<meta property=\"article:modified_time\" content=\"2022-10-16T20:17:11+00:00\" \/>\n<meta property=\"og:image\" content=\"https:\/\/pracownieorange.pl\/app\/uploads\/sites\/86\/2022\/10\/IMG_20221008_105332-Copy.jpg\" \/>\n\t<meta property=\"og:image:width\" content=\"1320\" \/>\n\t<meta property=\"og:image:height\" content=\"1320\" \/>\n\t<meta property=\"og:image:type\" content=\"image\/jpeg\" \/>\n<meta name=\"twitter:card\" content=\"summary_large_image\" \/>\n<meta name=\"twitter:label1\" content=\"Est. reading time\" \/>\n\t<meta name=\"twitter:data1\" content=\"2 minuty\" \/>\n<script type=\"application\/ld+json\" class=\"yoast-schema-graph\">{\"@context\":\"https:\/\/schema.org\",\"@graph\":[{\"@type\":\"WebPage\",\"@id\":\"https:\/\/pracownieorange.pl\/gubin\/news\/kolejny-tydzien-kolejne-warsztaty\/\",\"url\":\"https:\/\/pracownieorange.pl\/gubin\/news\/kolejny-tydzien-kolejne-warsztaty\/\",\"name\":\"Kolejny tydzie\u0144, kolejne warsztaty! - Pracownia Orange Gubin\",\"isPartOf\":{\"@id\":\"https:\/\/pracownieorange.pl\/gubin\/#website\"},\"primaryImageOfPage\":{\"@id\":\"https:\/\/pracownieorange.pl\/gubin\/news\/kolejny-tydzien-kolejne-warsztaty\/#primaryimage\"},\"image\":{\"@id\":\"https:\/\/pracownieorange.pl\/gubin\/news\/kolejny-tydzien-kolejne-warsztaty\/#primaryimage\"},\"thumbnailUrl\":\"https:\/\/pracownieorange.pl\/app\/uploads\/sites\/86\/2022\/10\/IMG_20221008_105332-Copy.jpg\",\"datePublished\":\"2022-10-11T08:39:57+00:00\",\"dateModified\":\"2022-10-16T20:17:11+00:00\",\"breadcrumb\":{\"@id\":\"https:\/\/pracownieorange.pl\/gubin\/news\/kolejny-tydzien-kolejne-warsztaty\/#breadcrumb\"},\"inLanguage\":\"pl-PL\",\"potentialAction\":[{\"@type\":\"ReadAction\",\"target\":[\"https:\/\/pracownieorange.pl\/gubin\/news\/kolejny-tydzien-kolejne-warsztaty\/\"]}]},{\"@type\":\"ImageObject\",\"inLanguage\":\"pl-PL\",\"@id\":\"https:\/\/pracownieorange.pl\/gubin\/news\/kolejny-tydzien-kolejne-warsztaty\/#primaryimage\",\"url\":\"https:\/\/pracownieorange.pl\/app\/uploads\/sites\/86\/2022\/10\/IMG_20221008_105332-Copy.jpg\",\"contentUrl\":\"https:\/\/pracownieorange.pl\/app\/uploads\/sites\/86\/2022\/10\/IMG_20221008_105332-Copy.jpg\",\"width\":1320,\"height\":1320,\"caption\":\"Na pierwszym planie rudow\u0142osa Karolina, ca\u0142a w trocinach ale u\u015bmiechni\u0119ta, pokazuje kciuki do g\u00f3ry. W tle pi\u0119cioro m\u0142odych ludzi wwiercaj\u0105cych si\u0119 wiertarkami w k\u0142ody drewna.\"},{\"@type\":\"BreadcrumbList\",\"@id\":\"https:\/\/pracownieorange.pl\/gubin\/news\/kolejny-tydzien-kolejne-warsztaty\/#breadcrumb\",\"itemListElement\":[{\"@type\":\"ListItem\",\"position\":1,\"name\":\"Home\",\"item\":\"https:\/\/pracownieorange.pl\/gubin\/\"},{\"@type\":\"ListItem\",\"position\":2,\"name\":\"Aktualno\u015bci\",\"item\":\"https:\/\/pracownieorange.pl\/gubin\/news\/\"},{\"@type\":\"ListItem\",\"position\":3,\"name\":\"Kolejny tydzie\u0144, kolejne warsztaty!\"}]},{\"@type\":\"WebSite\",\"@id\":\"https:\/\/pracownieorange.pl\/gubin\/#website\",\"url\":\"https:\/\/pracownieorange.pl\/gubin\/\",\"name\":\"Pracownia Orange Gubin\",\"description\":\"Kolejna witryna sieci &#8222;Pracownie Orange&#8221;\",\"potentialAction\":[{\"@type\":\"SearchAction\",\"target\":{\"@type\":\"EntryPoint\",\"urlTemplate\":\"https:\/\/pracownieorange.pl\/gubin\/?s={search_term_string}\"},\"query-input\":{\"@type\":\"PropertyValueSpecification\",\"valueRequired\":true,\"valueName\":\"search_term_string\"}}],\"inLanguage\":\"pl-PL\"}]}<\/script>\n<!-- \/ Yoast SEO plugin. -->","yoast_head_json":{"title":"Kolejny tydzie\u0144, kolejne warsztaty! - Pracownia Orange Gubin","robots":{"index":"index","follow":"follow","max-snippet":"max-snippet:-1","max-image-preview":"max-image-preview:large","max-video-preview":"max-video-preview:-1"},"canonical":"https:\/\/pracownieorange.pl\/gubin\/news\/kolejny-tydzien-kolejne-warsztaty\/","og_locale":"pl_PL","og_type":"article","og_title":"Kolejny tydzie\u0144, kolejne warsztaty! - Pracownia Orange Gubin","og_description":"W tym tygodniu podczas projektu &#8222;Murem za Murarkami&#8221; spotkali\u015bmy si\u0119 [&hellip;]","og_url":"https:\/\/pracownieorange.pl\/gubin\/news\/kolejny-tydzien-kolejne-warsztaty\/","og_site_name":"Pracownia Orange Gubin","article_modified_time":"2022-10-16T20:17:11+00:00","og_image":[{"width":1320,"height":1320,"url":"https:\/\/pracownieorange.pl\/app\/uploads\/sites\/86\/2022\/10\/IMG_20221008_105332-Copy.jpg","type":"image\/jpeg"}],"twitter_card":"summary_large_image","twitter_misc":{"Est. reading time":"2 minuty"},"schema":{"@context":"https:\/\/schema.org","@graph":[{"@type":"WebPage","@id":"https:\/\/pracownieorange.pl\/gubin\/news\/kolejny-tydzien-kolejne-warsztaty\/","url":"https:\/\/pracownieorange.pl\/gubin\/news\/kolejny-tydzien-kolejne-warsztaty\/","name":"Kolejny tydzie\u0144, kolejne warsztaty! - Pracownia Orange Gubin","isPartOf":{"@id":"https:\/\/pracownieorange.pl\/gubin\/#website"},"primaryImageOfPage":{"@id":"https:\/\/pracownieorange.pl\/gubin\/news\/kolejny-tydzien-kolejne-warsztaty\/#primaryimage"},"image":{"@id":"https:\/\/pracownieorange.pl\/gubin\/news\/kolejny-tydzien-kolejne-warsztaty\/#primaryimage"},"thumbnailUrl":"https:\/\/pracownieorange.pl\/app\/uploads\/sites\/86\/2022\/10\/IMG_20221008_105332-Copy.jpg","datePublished":"2022-10-11T08:39:57+00:00","dateModified":"2022-10-16T20:17:11+00:00","breadcrumb":{"@id":"https:\/\/pracownieorange.pl\/gubin\/news\/kolejny-tydzien-kolejne-warsztaty\/#breadcrumb"},"inLanguage":"pl-PL","potentialAction":[{"@type":"ReadAction","target":["https:\/\/pracownieorange.pl\/gubin\/news\/kolejny-tydzien-kolejne-warsztaty\/"]}]},{"@type":"ImageObject","inLanguage":"pl-PL","@id":"https:\/\/pracownieorange.pl\/gubin\/news\/kolejny-tydzien-kolejne-warsztaty\/#primaryimage","url":"https:\/\/pracownieorange.pl\/app\/uploads\/sites\/86\/2022\/10\/IMG_20221008_105332-Copy.jpg","contentUrl":"https:\/\/pracownieorange.pl\/app\/uploads\/sites\/86\/2022\/10\/IMG_20221008_105332-Copy.jpg","width":1320,"height":1320,"caption":"Na pierwszym planie rudow\u0142osa Karolina, ca\u0142a w trocinach ale u\u015bmiechni\u0119ta, pokazuje kciuki do g\u00f3ry. W tle pi\u0119cioro m\u0142odych ludzi wwiercaj\u0105cych si\u0119 wiertarkami w k\u0142ody drewna."},{"@type":"BreadcrumbList","@id":"https:\/\/pracownieorange.pl\/gubin\/news\/kolejny-tydzien-kolejne-warsztaty\/#breadcrumb","itemListElement":[{"@type":"ListItem","position":1,"name":"Home","item":"https:\/\/pracownieorange.pl\/gubin\/"},{"@type":"ListItem","position":2,"name":"Aktualno\u015bci","item":"https:\/\/pracownieorange.pl\/gubin\/news\/"},{"@type":"ListItem","position":3,"name":"Kolejny tydzie\u0144, kolejne warsztaty!"}]},{"@type":"WebSite","@id":"https:\/\/pracownieorange.pl\/gubin\/#website","url":"https:\/\/pracownieorange.pl\/gubin\/","name":"Pracownia Orange Gubin","description":"Kolejna witryna sieci &#8222;Pracownie Orange&#8221;","potentialAction":[{"@type":"SearchAction","target":{"@type":"EntryPoint","urlTemplate":"https:\/\/pracownieorange.pl\/gubin\/?s={search_term_string}"},"query-input":{"@type":"PropertyValueSpecification","valueRequired":true,"valueName":"search_term_string"}}],"inLanguage":"pl-PL"}]}},"_links":{"self":[{"href":"https:\/\/pracownieorange.pl\/gubin\/wp-json\/wp\/v2\/news\/104","targetHints":{"allow":["GET"]}}],"collection":[{"href":"https:\/\/pracownieorange.pl\/gubin\/wp-json\/wp\/v2\/news"}],"about":[{"href":"https:\/\/pracownieorange.pl\/gubin\/wp-json\/wp\/v2\/types\/news"}],"author":[{"embeddable":true,"href":"https:\/\/pracownieorange.pl\/gubin\/wp-json\/wp\/v2\/users\/133"}],"replies":[{"embeddable":true,"href":"https:\/\/pracownieorange.pl\/gubin\/wp-json\/wp\/v2\/comments?post=104"}],"wp:featuredmedia":[{"embeddable":true,"href":"https:\/\/pracownieorange.pl\/gubin\/wp-json\/wp\/v2\/media\/139"}],"wp:attachment":[{"href":"https:\/\/pracownieorange.pl\/gubin\/wp-json\/wp\/v2\/media?parent=104"}],"curies":[{"name":"wp","href":"https:\/\/api.w.org\/{rel}","templated":true}]}}