

{"id":613,"date":"2024-09-12T11:03:10","date_gmt":"2024-09-12T09:03:10","guid":{"rendered":"https:\/\/pracownieorange.pl\/grabowiec-2\/?post_type=news&#038;p=613"},"modified":"2024-09-16T00:53:51","modified_gmt":"2024-09-15T22:53:51","slug":"w-naturalnym-rytmie-warsztaty-art-recyklingu","status":"publish","type":"news","link":"https:\/\/pracownieorange.pl\/grabowiec-2\/news\/w-naturalnym-rytmie-warsztaty-art-recyklingu\/","title":{"rendered":"&#8222;w NATURAlnym rytmie&#8221; &#8211; warsztaty art recyklingu"},"content":{"rendered":"<p>Kolejna realizacja zadania w ramach Eko grantu &#8211; warsztaty szycia i ozdabiania p\u0142\u00f3ciennych saszetek (woreczk\u00f3w) na zio\u0142a. Do zabawy zaprosi\u0142am uczni\u00f3w klasy II.<\/p>\n<p>Pierwsze kroki przy maszynie do szycia za nami. P\u0142\u00f3tno bawe\u0142niane pochodzi\u0142o z odzysku, z upranej poszwy na ko\u0142dr\u0119.<\/p>\n<p>Woreczki gotowe, sznureczki wci\u0105gni\u0119te i zasiadamy do malowania wg. przygotowanych szablon\u00f3w. Niekt\u00f3rzy wykonywali swoje rysunki w spos\u00f3b innowacyjny, tzw. pod \u015bwiat\u0142o.<\/p>\n<p>Gdy ju\u017c saszetki by\u0142y gotowe, pozosta\u0142o tylko ich nape\u0142nienie przygotowanymi, wysuszonymi zio\u0142ami. W\u015br\u00f3d zi\u00f3\u0142 znalaz\u0142o si\u0119: chaber b\u0142awatek, nagietek, lipa, m\u0142ode listki brzozy, krwawnik, kocanka, mniszek lekarski, li\u015bcie majowej pokrzywy i aksamitka.<\/p>\n<p>Na uczestnik\u00f3w zaj\u0119\u0107 czeka\u0142a niespodzianka &#8211; samodzielne wykonanie przypinki z rysunkiem ulubionych kwiat\u00f3w.<\/p>\n","protected":false},"excerpt":{"rendered":"<p>Kolejna realizacja zadania w ramach Eko grantu &#8211; warsztaty szycia [&hellip;]<\/p>\n","protected":false},"author":136,"featured_media":619,"comment_status":"open","ping_status":"closed","template":"","class_list":["post-613","news","type-news","status-publish","has-post-thumbnail","hentry"],"acf":[],"yoast_head":"<!-- This site is optimized with the Yoast SEO plugin v24.5 - https:\/\/yoast.com\/wordpress\/plugins\/seo\/ -->\n<title>&quot;w NATURAlnym rytmie&quot; - warsztaty art recyklingu - Pracownia Orange Grabowiec (Dubicze Cerkiewne)<\/title>\n<meta name=\"robots\" content=\"index, follow, max-snippet:-1, max-image-preview:large, max-video-preview:-1\" \/>\n<link rel=\"canonical\" href=\"https:\/\/pracownieorange.pl\/grabowiec-2\/news\/w-naturalnym-rytmie-warsztaty-art-recyklingu\/\" \/>\n<meta property=\"og:locale\" content=\"pl_PL\" \/>\n<meta property=\"og:type\" content=\"article\" \/>\n<meta property=\"og:title\" content=\"&quot;w NATURAlnym rytmie&quot; - warsztaty art recyklingu - Pracownia Orange Grabowiec (Dubicze Cerkiewne)\" \/>\n<meta property=\"og:description\" content=\"Kolejna realizacja zadania w ramach Eko grantu &#8211; warsztaty szycia [&hellip;]\" \/>\n<meta property=\"og:url\" content=\"https:\/\/pracownieorange.pl\/grabowiec-2\/news\/w-naturalnym-rytmie-warsztaty-art-recyklingu\/\" \/>\n<meta property=\"og:site_name\" content=\"Pracownia Orange Grabowiec (Dubicze Cerkiewne)\" \/>\n<meta property=\"article:modified_time\" content=\"2024-09-15T22:53:51+00:00\" \/>\n<meta property=\"og:image\" content=\"https:\/\/pracownieorange.pl\/app\/uploads\/sites\/93\/2024\/09\/20240905_094006aa.jpg\" \/>\n\t<meta property=\"og:image:width\" content=\"1632\" \/>\n\t<meta property=\"og:image:height\" content=\"1224\" \/>\n\t<meta property=\"og:image:type\" content=\"image\/jpeg\" \/>\n<meta name=\"twitter:card\" content=\"summary_large_image\" \/>\n<meta name=\"twitter:label1\" content=\"Est. reading time\" \/>\n\t<meta name=\"twitter:data1\" content=\"1 minuta\" \/>\n<script type=\"application\/ld+json\" class=\"yoast-schema-graph\">{\"@context\":\"https:\/\/schema.org\",\"@graph\":[{\"@type\":\"WebPage\",\"@id\":\"https:\/\/pracownieorange.pl\/grabowiec-2\/news\/w-naturalnym-rytmie-warsztaty-art-recyklingu\/\",\"url\":\"https:\/\/pracownieorange.pl\/grabowiec-2\/news\/w-naturalnym-rytmie-warsztaty-art-recyklingu\/\",\"name\":\"\\\"w NATURAlnym rytmie\\\" - warsztaty art recyklingu - Pracownia Orange Grabowiec (Dubicze Cerkiewne)\",\"isPartOf\":{\"@id\":\"https:\/\/pracownieorange.pl\/grabowiec-2\/#website\"},\"primaryImageOfPage\":{\"@id\":\"https:\/\/pracownieorange.pl\/grabowiec-2\/news\/w-naturalnym-rytmie-warsztaty-art-recyklingu\/#primaryimage\"},\"image\":{\"@id\":\"https:\/\/pracownieorange.pl\/grabowiec-2\/news\/w-naturalnym-rytmie-warsztaty-art-recyklingu\/#primaryimage\"},\"thumbnailUrl\":\"https:\/\/pracownieorange.pl\/app\/uploads\/sites\/93\/2024\/09\/20240905_094006aa.jpg\",\"datePublished\":\"2024-09-12T09:03:10+00:00\",\"dateModified\":\"2024-09-15T22:53:51+00:00\",\"breadcrumb\":{\"@id\":\"https:\/\/pracownieorange.pl\/grabowiec-2\/news\/w-naturalnym-rytmie-warsztaty-art-recyklingu\/#breadcrumb\"},\"inLanguage\":\"pl-PL\",\"potentialAction\":[{\"@type\":\"ReadAction\",\"target\":[\"https:\/\/pracownieorange.pl\/grabowiec-2\/news\/w-naturalnym-rytmie-warsztaty-art-recyklingu\/\"]}]},{\"@type\":\"ImageObject\",\"inLanguage\":\"pl-PL\",\"@id\":\"https:\/\/pracownieorange.pl\/grabowiec-2\/news\/w-naturalnym-rytmie-warsztaty-art-recyklingu\/#primaryimage\",\"url\":\"https:\/\/pracownieorange.pl\/app\/uploads\/sites\/93\/2024\/09\/20240905_094006aa.jpg\",\"contentUrl\":\"https:\/\/pracownieorange.pl\/app\/uploads\/sites\/93\/2024\/09\/20240905_094006aa.jpg\",\"width\":1632,\"height\":1224,\"caption\":\"nape\u0142nianie saszetek zio\u0142ami - prezentacja gotowych woreczk\u00f3w\"},{\"@type\":\"BreadcrumbList\",\"@id\":\"https:\/\/pracownieorange.pl\/grabowiec-2\/news\/w-naturalnym-rytmie-warsztaty-art-recyklingu\/#breadcrumb\",\"itemListElement\":[{\"@type\":\"ListItem\",\"position\":1,\"name\":\"Home\",\"item\":\"https:\/\/pracownieorange.pl\/grabowiec-2\/\"},{\"@type\":\"ListItem\",\"position\":2,\"name\":\"Aktualno\u015bci\",\"item\":\"https:\/\/pracownieorange.pl\/grabowiec-2\/news\/\"},{\"@type\":\"ListItem\",\"position\":3,\"name\":\"&#8222;w NATURAlnym rytmie&#8221; &#8211; warsztaty art recyklingu\"}]},{\"@type\":\"WebSite\",\"@id\":\"https:\/\/pracownieorange.pl\/grabowiec-2\/#website\",\"url\":\"https:\/\/pracownieorange.pl\/grabowiec-2\/\",\"name\":\"Pracownia Orange Grabowiec (Dubicze Cerkiewne)\",\"description\":\"\",\"potentialAction\":[{\"@type\":\"SearchAction\",\"target\":{\"@type\":\"EntryPoint\",\"urlTemplate\":\"https:\/\/pracownieorange.pl\/grabowiec-2\/?s={search_term_string}\"},\"query-input\":{\"@type\":\"PropertyValueSpecification\",\"valueRequired\":true,\"valueName\":\"search_term_string\"}}],\"inLanguage\":\"pl-PL\"}]}<\/script>\n<!-- \/ Yoast SEO plugin. -->","yoast_head_json":{"title":"\"w NATURAlnym rytmie\" - warsztaty art recyklingu - Pracownia Orange Grabowiec (Dubicze Cerkiewne)","robots":{"index":"index","follow":"follow","max-snippet":"max-snippet:-1","max-image-preview":"max-image-preview:large","max-video-preview":"max-video-preview:-1"},"canonical":"https:\/\/pracownieorange.pl\/grabowiec-2\/news\/w-naturalnym-rytmie-warsztaty-art-recyklingu\/","og_locale":"pl_PL","og_type":"article","og_title":"\"w NATURAlnym rytmie\" - warsztaty art recyklingu - Pracownia Orange Grabowiec (Dubicze Cerkiewne)","og_description":"Kolejna realizacja zadania w ramach Eko grantu &#8211; warsztaty szycia [&hellip;]","og_url":"https:\/\/pracownieorange.pl\/grabowiec-2\/news\/w-naturalnym-rytmie-warsztaty-art-recyklingu\/","og_site_name":"Pracownia Orange Grabowiec (Dubicze Cerkiewne)","article_modified_time":"2024-09-15T22:53:51+00:00","og_image":[{"width":1632,"height":1224,"url":"https:\/\/pracownieorange.pl\/app\/uploads\/sites\/93\/2024\/09\/20240905_094006aa.jpg","type":"image\/jpeg"}],"twitter_card":"summary_large_image","twitter_misc":{"Est. reading time":"1 minuta"},"schema":{"@context":"https:\/\/schema.org","@graph":[{"@type":"WebPage","@id":"https:\/\/pracownieorange.pl\/grabowiec-2\/news\/w-naturalnym-rytmie-warsztaty-art-recyklingu\/","url":"https:\/\/pracownieorange.pl\/grabowiec-2\/news\/w-naturalnym-rytmie-warsztaty-art-recyklingu\/","name":"\"w NATURAlnym rytmie\" - warsztaty art recyklingu - Pracownia Orange Grabowiec (Dubicze Cerkiewne)","isPartOf":{"@id":"https:\/\/pracownieorange.pl\/grabowiec-2\/#website"},"primaryImageOfPage":{"@id":"https:\/\/pracownieorange.pl\/grabowiec-2\/news\/w-naturalnym-rytmie-warsztaty-art-recyklingu\/#primaryimage"},"image":{"@id":"https:\/\/pracownieorange.pl\/grabowiec-2\/news\/w-naturalnym-rytmie-warsztaty-art-recyklingu\/#primaryimage"},"thumbnailUrl":"https:\/\/pracownieorange.pl\/app\/uploads\/sites\/93\/2024\/09\/20240905_094006aa.jpg","datePublished":"2024-09-12T09:03:10+00:00","dateModified":"2024-09-15T22:53:51+00:00","breadcrumb":{"@id":"https:\/\/pracownieorange.pl\/grabowiec-2\/news\/w-naturalnym-rytmie-warsztaty-art-recyklingu\/#breadcrumb"},"inLanguage":"pl-PL","potentialAction":[{"@type":"ReadAction","target":["https:\/\/pracownieorange.pl\/grabowiec-2\/news\/w-naturalnym-rytmie-warsztaty-art-recyklingu\/"]}]},{"@type":"ImageObject","inLanguage":"pl-PL","@id":"https:\/\/pracownieorange.pl\/grabowiec-2\/news\/w-naturalnym-rytmie-warsztaty-art-recyklingu\/#primaryimage","url":"https:\/\/pracownieorange.pl\/app\/uploads\/sites\/93\/2024\/09\/20240905_094006aa.jpg","contentUrl":"https:\/\/pracownieorange.pl\/app\/uploads\/sites\/93\/2024\/09\/20240905_094006aa.jpg","width":1632,"height":1224,"caption":"nape\u0142nianie saszetek zio\u0142ami - prezentacja gotowych woreczk\u00f3w"},{"@type":"BreadcrumbList","@id":"https:\/\/pracownieorange.pl\/grabowiec-2\/news\/w-naturalnym-rytmie-warsztaty-art-recyklingu\/#breadcrumb","itemListElement":[{"@type":"ListItem","position":1,"name":"Home","item":"https:\/\/pracownieorange.pl\/grabowiec-2\/"},{"@type":"ListItem","position":2,"name":"Aktualno\u015bci","item":"https:\/\/pracownieorange.pl\/grabowiec-2\/news\/"},{"@type":"ListItem","position":3,"name":"&#8222;w NATURAlnym rytmie&#8221; &#8211; warsztaty art recyklingu"}]},{"@type":"WebSite","@id":"https:\/\/pracownieorange.pl\/grabowiec-2\/#website","url":"https:\/\/pracownieorange.pl\/grabowiec-2\/","name":"Pracownia Orange Grabowiec (Dubicze Cerkiewne)","description":"","potentialAction":[{"@type":"SearchAction","target":{"@type":"EntryPoint","urlTemplate":"https:\/\/pracownieorange.pl\/grabowiec-2\/?s={search_term_string}"},"query-input":{"@type":"PropertyValueSpecification","valueRequired":true,"valueName":"search_term_string"}}],"inLanguage":"pl-PL"}]}},"_links":{"self":[{"href":"https:\/\/pracownieorange.pl\/grabowiec-2\/wp-json\/wp\/v2\/news\/613","targetHints":{"allow":["GET"]}}],"collection":[{"href":"https:\/\/pracownieorange.pl\/grabowiec-2\/wp-json\/wp\/v2\/news"}],"about":[{"href":"https:\/\/pracownieorange.pl\/grabowiec-2\/wp-json\/wp\/v2\/types\/news"}],"author":[{"embeddable":true,"href":"https:\/\/pracownieorange.pl\/grabowiec-2\/wp-json\/wp\/v2\/users\/136"}],"replies":[{"embeddable":true,"href":"https:\/\/pracownieorange.pl\/grabowiec-2\/wp-json\/wp\/v2\/comments?post=613"}],"wp:featuredmedia":[{"embeddable":true,"href":"https:\/\/pracownieorange.pl\/grabowiec-2\/wp-json\/wp\/v2\/media\/619"}],"wp:attachment":[{"href":"https:\/\/pracownieorange.pl\/grabowiec-2\/wp-json\/wp\/v2\/media?parent=613"}],"curies":[{"name":"wp","href":"https:\/\/api.w.org\/{rel}","templated":true}]}}