

{"id":598,"date":"2024-08-29T13:26:46","date_gmt":"2024-08-29T11:26:46","guid":{"rendered":"https:\/\/pracownieorange.pl\/grabowiec-2\/?post_type=news&#038;p=598"},"modified":"2024-08-30T21:27:42","modified_gmt":"2024-08-30T19:27:42","slug":"wakacje-z-sercem-stary-kornin","status":"publish","type":"news","link":"https:\/\/pracownieorange.pl\/grabowiec-2\/news\/wakacje-z-sercem-stary-kornin\/","title":{"rendered":"Wakacje z SERCEM &#8211; Stary Kornin"},"content":{"rendered":"<p>Kolejne &#8222;lataj\u0105ce&#8221; spotkanie (23.08.2024).<\/p>\n<p>Tym razem zawita\u0142y\u015bmy do \u015awietlicy Wiejskiej w Starym Korninie. Przyby\u0142o 7 uczestnik\u00f3w, mi\u0142o\u015bnik\u00f3w wakacyjnych przyg\u00f3d z m\u0142otkiem w roli g\u0142\u00f3wnej. Obok m\u0142otkowania by\u0142o kodowanie koralikami hama (oczywi\u015bcie w roli g\u0142\u00f3wnej &#8211; serce) oraz nowo\u015b\u0107: zapoznanie si\u0119 ze sztuk\u0105 naskaln\u0105. Niezdarne, pierwsze malunki na kamieniach przynios\u0142y wiele rado\u015bci. Uczestnicy zapowiedzieli, \u017ce od dzi\u015b ka\u017cdy kamyk napotkany na podw\u00f3rku zostanie pomalowany i ozdobiony, np w biedronki\u00a0 lub serca.<\/p>\n<p>Na uczestnik\u00f3w czeka\u0142y s\u0142odko\u015bci i napoje, przygotowane przez Pani\u0105 Krysi\u0119, opiekuna \u015awietlicy.<\/p>\n<p>Czas sp\u0119dzony na zaj\u0119ciach szybko up\u0142yn\u0105\u0142. Niespodziewanie pad\u0142o pytanie: kiedy nast\u0119pne spotkanie?<\/p>\n","protected":false},"excerpt":{"rendered":"<p>Kolejne &#8222;lataj\u0105ce&#8221; spotkanie (23.08.2024). Tym razem zawita\u0142y\u015bmy do \u015awietlicy Wiejskiej [&hellip;]<\/p>\n","protected":false},"author":136,"featured_media":604,"comment_status":"open","ping_status":"closed","template":"","class_list":["post-598","news","type-news","status-publish","has-post-thumbnail","hentry"],"acf":[],"yoast_head":"<!-- This site is optimized with the Yoast SEO plugin v24.5 - https:\/\/yoast.com\/wordpress\/plugins\/seo\/ -->\n<title>Wakacje z SERCEM - Stary Kornin - Pracownia Orange Grabowiec (Dubicze Cerkiewne)<\/title>\n<meta name=\"robots\" content=\"index, follow, max-snippet:-1, max-image-preview:large, max-video-preview:-1\" \/>\n<link rel=\"canonical\" href=\"https:\/\/pracownieorange.pl\/grabowiec-2\/news\/wakacje-z-sercem-stary-kornin\/\" \/>\n<meta property=\"og:locale\" content=\"pl_PL\" \/>\n<meta property=\"og:type\" content=\"article\" \/>\n<meta property=\"og:title\" content=\"Wakacje z SERCEM - Stary Kornin - Pracownia Orange Grabowiec (Dubicze Cerkiewne)\" \/>\n<meta property=\"og:description\" content=\"Kolejne &#8222;lataj\u0105ce&#8221; spotkanie (23.08.2024). Tym razem zawita\u0142y\u015bmy do \u015awietlicy Wiejskiej [&hellip;]\" \/>\n<meta property=\"og:url\" content=\"https:\/\/pracownieorange.pl\/grabowiec-2\/news\/wakacje-z-sercem-stary-kornin\/\" \/>\n<meta property=\"og:site_name\" content=\"Pracownia Orange Grabowiec (Dubicze Cerkiewne)\" \/>\n<meta property=\"article:modified_time\" content=\"2024-08-30T19:27:42+00:00\" \/>\n<meta property=\"og:image\" content=\"https:\/\/pracownieorange.pl\/app\/uploads\/sites\/93\/2024\/08\/20240823_130829aa-rotated.jpg\" \/>\n\t<meta property=\"og:image:width\" content=\"1224\" \/>\n\t<meta property=\"og:image:height\" content=\"1632\" \/>\n\t<meta property=\"og:image:type\" content=\"image\/jpeg\" \/>\n<meta name=\"twitter:card\" content=\"summary_large_image\" \/>\n<meta name=\"twitter:label1\" content=\"Est. reading time\" \/>\n\t<meta name=\"twitter:data1\" content=\"1 minuta\" \/>\n<script type=\"application\/ld+json\" class=\"yoast-schema-graph\">{\"@context\":\"https:\/\/schema.org\",\"@graph\":[{\"@type\":\"WebPage\",\"@id\":\"https:\/\/pracownieorange.pl\/grabowiec-2\/news\/wakacje-z-sercem-stary-kornin\/\",\"url\":\"https:\/\/pracownieorange.pl\/grabowiec-2\/news\/wakacje-z-sercem-stary-kornin\/\",\"name\":\"Wakacje z SERCEM - Stary Kornin - Pracownia Orange Grabowiec (Dubicze Cerkiewne)\",\"isPartOf\":{\"@id\":\"https:\/\/pracownieorange.pl\/grabowiec-2\/#website\"},\"primaryImageOfPage\":{\"@id\":\"https:\/\/pracownieorange.pl\/grabowiec-2\/news\/wakacje-z-sercem-stary-kornin\/#primaryimage\"},\"image\":{\"@id\":\"https:\/\/pracownieorange.pl\/grabowiec-2\/news\/wakacje-z-sercem-stary-kornin\/#primaryimage\"},\"thumbnailUrl\":\"https:\/\/pracownieorange.pl\/app\/uploads\/sites\/93\/2024\/08\/20240823_130829aa-rotated.jpg\",\"datePublished\":\"2024-08-29T11:26:46+00:00\",\"dateModified\":\"2024-08-30T19:27:42+00:00\",\"breadcrumb\":{\"@id\":\"https:\/\/pracownieorange.pl\/grabowiec-2\/news\/wakacje-z-sercem-stary-kornin\/#breadcrumb\"},\"inLanguage\":\"pl-PL\",\"potentialAction\":[{\"@type\":\"ReadAction\",\"target\":[\"https:\/\/pracownieorange.pl\/grabowiec-2\/news\/wakacje-z-sercem-stary-kornin\/\"]}]},{\"@type\":\"ImageObject\",\"inLanguage\":\"pl-PL\",\"@id\":\"https:\/\/pracownieorange.pl\/grabowiec-2\/news\/wakacje-z-sercem-stary-kornin\/#primaryimage\",\"url\":\"https:\/\/pracownieorange.pl\/app\/uploads\/sites\/93\/2024\/08\/20240823_130829aa-rotated.jpg\",\"contentUrl\":\"https:\/\/pracownieorange.pl\/app\/uploads\/sites\/93\/2024\/08\/20240823_130829aa-rotated.jpg\",\"width\":1224,\"height\":1632,\"caption\":\"prezentacja wykonanych prac (serce technik\u0105 string art, serce z koralik\u00f3w oraz kamyk)\"},{\"@type\":\"BreadcrumbList\",\"@id\":\"https:\/\/pracownieorange.pl\/grabowiec-2\/news\/wakacje-z-sercem-stary-kornin\/#breadcrumb\",\"itemListElement\":[{\"@type\":\"ListItem\",\"position\":1,\"name\":\"Home\",\"item\":\"https:\/\/pracownieorange.pl\/grabowiec-2\/\"},{\"@type\":\"ListItem\",\"position\":2,\"name\":\"Aktualno\u015bci\",\"item\":\"https:\/\/pracownieorange.pl\/grabowiec-2\/news\/\"},{\"@type\":\"ListItem\",\"position\":3,\"name\":\"Wakacje z SERCEM &#8211; Stary Kornin\"}]},{\"@type\":\"WebSite\",\"@id\":\"https:\/\/pracownieorange.pl\/grabowiec-2\/#website\",\"url\":\"https:\/\/pracownieorange.pl\/grabowiec-2\/\",\"name\":\"Pracownia Orange Grabowiec (Dubicze Cerkiewne)\",\"description\":\"\",\"potentialAction\":[{\"@type\":\"SearchAction\",\"target\":{\"@type\":\"EntryPoint\",\"urlTemplate\":\"https:\/\/pracownieorange.pl\/grabowiec-2\/?s={search_term_string}\"},\"query-input\":{\"@type\":\"PropertyValueSpecification\",\"valueRequired\":true,\"valueName\":\"search_term_string\"}}],\"inLanguage\":\"pl-PL\"}]}<\/script>\n<!-- \/ Yoast SEO plugin. -->","yoast_head_json":{"title":"Wakacje z SERCEM - Stary Kornin - Pracownia Orange Grabowiec (Dubicze Cerkiewne)","robots":{"index":"index","follow":"follow","max-snippet":"max-snippet:-1","max-image-preview":"max-image-preview:large","max-video-preview":"max-video-preview:-1"},"canonical":"https:\/\/pracownieorange.pl\/grabowiec-2\/news\/wakacje-z-sercem-stary-kornin\/","og_locale":"pl_PL","og_type":"article","og_title":"Wakacje z SERCEM - Stary Kornin - Pracownia Orange Grabowiec (Dubicze Cerkiewne)","og_description":"Kolejne &#8222;lataj\u0105ce&#8221; spotkanie (23.08.2024). Tym razem zawita\u0142y\u015bmy do \u015awietlicy Wiejskiej [&hellip;]","og_url":"https:\/\/pracownieorange.pl\/grabowiec-2\/news\/wakacje-z-sercem-stary-kornin\/","og_site_name":"Pracownia Orange Grabowiec (Dubicze Cerkiewne)","article_modified_time":"2024-08-30T19:27:42+00:00","og_image":[{"width":1224,"height":1632,"url":"https:\/\/pracownieorange.pl\/app\/uploads\/sites\/93\/2024\/08\/20240823_130829aa-rotated.jpg","type":"image\/jpeg"}],"twitter_card":"summary_large_image","twitter_misc":{"Est. reading time":"1 minuta"},"schema":{"@context":"https:\/\/schema.org","@graph":[{"@type":"WebPage","@id":"https:\/\/pracownieorange.pl\/grabowiec-2\/news\/wakacje-z-sercem-stary-kornin\/","url":"https:\/\/pracownieorange.pl\/grabowiec-2\/news\/wakacje-z-sercem-stary-kornin\/","name":"Wakacje z SERCEM - Stary Kornin - Pracownia Orange Grabowiec (Dubicze Cerkiewne)","isPartOf":{"@id":"https:\/\/pracownieorange.pl\/grabowiec-2\/#website"},"primaryImageOfPage":{"@id":"https:\/\/pracownieorange.pl\/grabowiec-2\/news\/wakacje-z-sercem-stary-kornin\/#primaryimage"},"image":{"@id":"https:\/\/pracownieorange.pl\/grabowiec-2\/news\/wakacje-z-sercem-stary-kornin\/#primaryimage"},"thumbnailUrl":"https:\/\/pracownieorange.pl\/app\/uploads\/sites\/93\/2024\/08\/20240823_130829aa-rotated.jpg","datePublished":"2024-08-29T11:26:46+00:00","dateModified":"2024-08-30T19:27:42+00:00","breadcrumb":{"@id":"https:\/\/pracownieorange.pl\/grabowiec-2\/news\/wakacje-z-sercem-stary-kornin\/#breadcrumb"},"inLanguage":"pl-PL","potentialAction":[{"@type":"ReadAction","target":["https:\/\/pracownieorange.pl\/grabowiec-2\/news\/wakacje-z-sercem-stary-kornin\/"]}]},{"@type":"ImageObject","inLanguage":"pl-PL","@id":"https:\/\/pracownieorange.pl\/grabowiec-2\/news\/wakacje-z-sercem-stary-kornin\/#primaryimage","url":"https:\/\/pracownieorange.pl\/app\/uploads\/sites\/93\/2024\/08\/20240823_130829aa-rotated.jpg","contentUrl":"https:\/\/pracownieorange.pl\/app\/uploads\/sites\/93\/2024\/08\/20240823_130829aa-rotated.jpg","width":1224,"height":1632,"caption":"prezentacja wykonanych prac (serce technik\u0105 string art, serce z koralik\u00f3w oraz kamyk)"},{"@type":"BreadcrumbList","@id":"https:\/\/pracownieorange.pl\/grabowiec-2\/news\/wakacje-z-sercem-stary-kornin\/#breadcrumb","itemListElement":[{"@type":"ListItem","position":1,"name":"Home","item":"https:\/\/pracownieorange.pl\/grabowiec-2\/"},{"@type":"ListItem","position":2,"name":"Aktualno\u015bci","item":"https:\/\/pracownieorange.pl\/grabowiec-2\/news\/"},{"@type":"ListItem","position":3,"name":"Wakacje z SERCEM &#8211; Stary Kornin"}]},{"@type":"WebSite","@id":"https:\/\/pracownieorange.pl\/grabowiec-2\/#website","url":"https:\/\/pracownieorange.pl\/grabowiec-2\/","name":"Pracownia Orange Grabowiec (Dubicze Cerkiewne)","description":"","potentialAction":[{"@type":"SearchAction","target":{"@type":"EntryPoint","urlTemplate":"https:\/\/pracownieorange.pl\/grabowiec-2\/?s={search_term_string}"},"query-input":{"@type":"PropertyValueSpecification","valueRequired":true,"valueName":"search_term_string"}}],"inLanguage":"pl-PL"}]}},"_links":{"self":[{"href":"https:\/\/pracownieorange.pl\/grabowiec-2\/wp-json\/wp\/v2\/news\/598","targetHints":{"allow":["GET"]}}],"collection":[{"href":"https:\/\/pracownieorange.pl\/grabowiec-2\/wp-json\/wp\/v2\/news"}],"about":[{"href":"https:\/\/pracownieorange.pl\/grabowiec-2\/wp-json\/wp\/v2\/types\/news"}],"author":[{"embeddable":true,"href":"https:\/\/pracownieorange.pl\/grabowiec-2\/wp-json\/wp\/v2\/users\/136"}],"replies":[{"embeddable":true,"href":"https:\/\/pracownieorange.pl\/grabowiec-2\/wp-json\/wp\/v2\/comments?post=598"}],"wp:featuredmedia":[{"embeddable":true,"href":"https:\/\/pracownieorange.pl\/grabowiec-2\/wp-json\/wp\/v2\/media\/604"}],"wp:attachment":[{"href":"https:\/\/pracownieorange.pl\/grabowiec-2\/wp-json\/wp\/v2\/media?parent=598"}],"curies":[{"name":"wp","href":"https:\/\/api.w.org\/{rel}","templated":true}]}}