

{"id":508,"date":"2024-08-02T10:50:36","date_gmt":"2024-08-02T08:50:36","guid":{"rendered":"https:\/\/pracownieorange.pl\/grabowiec-2\/?post_type=news&#038;p=508"},"modified":"2024-08-04T21:11:41","modified_gmt":"2024-08-04T19:11:41","slug":"wakacje-z-sercem","status":"publish","type":"news","link":"https:\/\/pracownieorange.pl\/grabowiec-2\/news\/wakacje-z-sercem\/","title":{"rendered":"Wakacje z SERCEM"},"content":{"rendered":"<p>25 lipca rozpocz\u0119li\u015bmy cykl zaj\u0119\u0107, kt\u00f3rych tw\u00f3rczym przewodnikiem jest SERCE. W tym dniu spotkanie mia\u0142o miejsce w siedzibie Pracowni.<\/p>\n<p>Serce pe\u0142ne rado\u015bci (bo przecie\u017c wakacje), a g\u0142owa pe\u0142na \u015bwietnych pomys\u0142\u00f3w na zagospodarowanie czasu wolnego. Tworzyli\u015bmy serca w wielu ods\u0142onach i technikach. Wykorzystali\u015bmy szablony irys folding, string artu, serca rozsypanki i wycinaki.<\/p>\n<p>Najwi\u0119ksz\u0105 frajd\u0105 by\u0142o wbijanie gwo\u017adzi. Stukot m\u0142otk\u00f3w by\u0142o s\u0142ycha\u0107 a\u017c w s\u0105siednim budynku. Troszk\u0119 gorzej by\u0142o z przeplataniem nici\u0105, ale mieli\u015bmy babcie i ciocie, kt\u00f3re ch\u0119tnie pomaga\u0142y wszystkim potrzebuj\u0105cym. Zajmuj\u0105c\u0105 tw\u00f3rczo\u015bci\u0105 okaza\u0142o si\u0119 uk\u0142adanie<span class=\"BxUVEf ILfuVd\" lang=\"pl\"><span class=\"hgKElc\"> wzor\u00f3w z kolorowych, nachodz\u0105cych na siebie pask\u00f3w papieru. W taki spos\u00f3b, aby \u015brodek wzoru tworzy\u0142 irys &#8211; kszta\u0142t przypominaj\u0105cy przys\u0142on\u0119 fotograficzn\u0105.<\/span><\/span><\/p>\n","protected":false},"excerpt":{"rendered":"<p>25 lipca rozpocz\u0119li\u015bmy cykl zaj\u0119\u0107, kt\u00f3rych tw\u00f3rczym przewodnikiem jest SERCE. [&hellip;]<\/p>\n","protected":false},"author":136,"featured_media":519,"comment_status":"open","ping_status":"closed","template":"","class_list":["post-508","news","type-news","status-publish","has-post-thumbnail","hentry"],"acf":[],"yoast_head":"<!-- This site is optimized with the Yoast SEO plugin v24.5 - https:\/\/yoast.com\/wordpress\/plugins\/seo\/ -->\n<title>Wakacje z SERCEM - Pracownia Orange Grabowiec (Dubicze Cerkiewne)<\/title>\n<meta name=\"robots\" content=\"index, follow, max-snippet:-1, max-image-preview:large, max-video-preview:-1\" \/>\n<link rel=\"canonical\" href=\"https:\/\/pracownieorange.pl\/grabowiec-2\/news\/wakacje-z-sercem\/\" \/>\n<meta property=\"og:locale\" content=\"pl_PL\" \/>\n<meta property=\"og:type\" content=\"article\" \/>\n<meta property=\"og:title\" content=\"Wakacje z SERCEM - Pracownia Orange Grabowiec (Dubicze Cerkiewne)\" \/>\n<meta property=\"og:description\" content=\"25 lipca rozpocz\u0119li\u015bmy cykl zaj\u0119\u0107, kt\u00f3rych tw\u00f3rczym przewodnikiem jest SERCE. [&hellip;]\" \/>\n<meta property=\"og:url\" content=\"https:\/\/pracownieorange.pl\/grabowiec-2\/news\/wakacje-z-sercem\/\" \/>\n<meta property=\"og:site_name\" content=\"Pracownia Orange Grabowiec (Dubicze Cerkiewne)\" \/>\n<meta property=\"article:modified_time\" content=\"2024-08-04T19:11:41+00:00\" \/>\n<meta property=\"og:image\" content=\"https:\/\/pracownieorange.pl\/app\/uploads\/sites\/93\/2024\/08\/20240725_131048aa-rotated.jpg\" \/>\n\t<meta property=\"og:image:width\" content=\"1632\" \/>\n\t<meta property=\"og:image:height\" content=\"1224\" \/>\n\t<meta property=\"og:image:type\" content=\"image\/jpeg\" \/>\n<meta name=\"twitter:card\" content=\"summary_large_image\" \/>\n<meta name=\"twitter:label1\" content=\"Est. reading time\" \/>\n\t<meta name=\"twitter:data1\" content=\"1 minuta\" \/>\n<script type=\"application\/ld+json\" class=\"yoast-schema-graph\">{\"@context\":\"https:\/\/schema.org\",\"@graph\":[{\"@type\":\"WebPage\",\"@id\":\"https:\/\/pracownieorange.pl\/grabowiec-2\/news\/wakacje-z-sercem\/\",\"url\":\"https:\/\/pracownieorange.pl\/grabowiec-2\/news\/wakacje-z-sercem\/\",\"name\":\"Wakacje z SERCEM - Pracownia Orange Grabowiec (Dubicze Cerkiewne)\",\"isPartOf\":{\"@id\":\"https:\/\/pracownieorange.pl\/grabowiec-2\/#website\"},\"primaryImageOfPage\":{\"@id\":\"https:\/\/pracownieorange.pl\/grabowiec-2\/news\/wakacje-z-sercem\/#primaryimage\"},\"image\":{\"@id\":\"https:\/\/pracownieorange.pl\/grabowiec-2\/news\/wakacje-z-sercem\/#primaryimage\"},\"thumbnailUrl\":\"https:\/\/pracownieorange.pl\/app\/uploads\/sites\/93\/2024\/08\/20240725_131048aa-rotated.jpg\",\"datePublished\":\"2024-08-02T08:50:36+00:00\",\"dateModified\":\"2024-08-04T19:11:41+00:00\",\"breadcrumb\":{\"@id\":\"https:\/\/pracownieorange.pl\/grabowiec-2\/news\/wakacje-z-sercem\/#breadcrumb\"},\"inLanguage\":\"pl-PL\",\"potentialAction\":[{\"@type\":\"ReadAction\",\"target\":[\"https:\/\/pracownieorange.pl\/grabowiec-2\/news\/wakacje-z-sercem\/\"]}]},{\"@type\":\"ImageObject\",\"inLanguage\":\"pl-PL\",\"@id\":\"https:\/\/pracownieorange.pl\/grabowiec-2\/news\/wakacje-z-sercem\/#primaryimage\",\"url\":\"https:\/\/pracownieorange.pl\/app\/uploads\/sites\/93\/2024\/08\/20240725_131048aa-rotated.jpg\",\"contentUrl\":\"https:\/\/pracownieorange.pl\/app\/uploads\/sites\/93\/2024\/08\/20240725_131048aa-rotated.jpg\",\"width\":1632,\"height\":1224,\"caption\":\"prezentacja prac wykonanych na spotkaniu\"},{\"@type\":\"BreadcrumbList\",\"@id\":\"https:\/\/pracownieorange.pl\/grabowiec-2\/news\/wakacje-z-sercem\/#breadcrumb\",\"itemListElement\":[{\"@type\":\"ListItem\",\"position\":1,\"name\":\"Home\",\"item\":\"https:\/\/pracownieorange.pl\/grabowiec-2\/\"},{\"@type\":\"ListItem\",\"position\":2,\"name\":\"Aktualno\u015bci\",\"item\":\"https:\/\/pracownieorange.pl\/grabowiec-2\/news\/\"},{\"@type\":\"ListItem\",\"position\":3,\"name\":\"Wakacje z SERCEM\"}]},{\"@type\":\"WebSite\",\"@id\":\"https:\/\/pracownieorange.pl\/grabowiec-2\/#website\",\"url\":\"https:\/\/pracownieorange.pl\/grabowiec-2\/\",\"name\":\"Pracownia Orange Grabowiec (Dubicze Cerkiewne)\",\"description\":\"\",\"potentialAction\":[{\"@type\":\"SearchAction\",\"target\":{\"@type\":\"EntryPoint\",\"urlTemplate\":\"https:\/\/pracownieorange.pl\/grabowiec-2\/?s={search_term_string}\"},\"query-input\":{\"@type\":\"PropertyValueSpecification\",\"valueRequired\":true,\"valueName\":\"search_term_string\"}}],\"inLanguage\":\"pl-PL\"}]}<\/script>\n<!-- \/ Yoast SEO plugin. -->","yoast_head_json":{"title":"Wakacje z SERCEM - Pracownia Orange Grabowiec (Dubicze Cerkiewne)","robots":{"index":"index","follow":"follow","max-snippet":"max-snippet:-1","max-image-preview":"max-image-preview:large","max-video-preview":"max-video-preview:-1"},"canonical":"https:\/\/pracownieorange.pl\/grabowiec-2\/news\/wakacje-z-sercem\/","og_locale":"pl_PL","og_type":"article","og_title":"Wakacje z SERCEM - Pracownia Orange Grabowiec (Dubicze Cerkiewne)","og_description":"25 lipca rozpocz\u0119li\u015bmy cykl zaj\u0119\u0107, kt\u00f3rych tw\u00f3rczym przewodnikiem jest SERCE. [&hellip;]","og_url":"https:\/\/pracownieorange.pl\/grabowiec-2\/news\/wakacje-z-sercem\/","og_site_name":"Pracownia Orange Grabowiec (Dubicze Cerkiewne)","article_modified_time":"2024-08-04T19:11:41+00:00","og_image":[{"width":1632,"height":1224,"url":"https:\/\/pracownieorange.pl\/app\/uploads\/sites\/93\/2024\/08\/20240725_131048aa-rotated.jpg","type":"image\/jpeg"}],"twitter_card":"summary_large_image","twitter_misc":{"Est. reading time":"1 minuta"},"schema":{"@context":"https:\/\/schema.org","@graph":[{"@type":"WebPage","@id":"https:\/\/pracownieorange.pl\/grabowiec-2\/news\/wakacje-z-sercem\/","url":"https:\/\/pracownieorange.pl\/grabowiec-2\/news\/wakacje-z-sercem\/","name":"Wakacje z SERCEM - Pracownia Orange Grabowiec (Dubicze Cerkiewne)","isPartOf":{"@id":"https:\/\/pracownieorange.pl\/grabowiec-2\/#website"},"primaryImageOfPage":{"@id":"https:\/\/pracownieorange.pl\/grabowiec-2\/news\/wakacje-z-sercem\/#primaryimage"},"image":{"@id":"https:\/\/pracownieorange.pl\/grabowiec-2\/news\/wakacje-z-sercem\/#primaryimage"},"thumbnailUrl":"https:\/\/pracownieorange.pl\/app\/uploads\/sites\/93\/2024\/08\/20240725_131048aa-rotated.jpg","datePublished":"2024-08-02T08:50:36+00:00","dateModified":"2024-08-04T19:11:41+00:00","breadcrumb":{"@id":"https:\/\/pracownieorange.pl\/grabowiec-2\/news\/wakacje-z-sercem\/#breadcrumb"},"inLanguage":"pl-PL","potentialAction":[{"@type":"ReadAction","target":["https:\/\/pracownieorange.pl\/grabowiec-2\/news\/wakacje-z-sercem\/"]}]},{"@type":"ImageObject","inLanguage":"pl-PL","@id":"https:\/\/pracownieorange.pl\/grabowiec-2\/news\/wakacje-z-sercem\/#primaryimage","url":"https:\/\/pracownieorange.pl\/app\/uploads\/sites\/93\/2024\/08\/20240725_131048aa-rotated.jpg","contentUrl":"https:\/\/pracownieorange.pl\/app\/uploads\/sites\/93\/2024\/08\/20240725_131048aa-rotated.jpg","width":1632,"height":1224,"caption":"prezentacja prac wykonanych na spotkaniu"},{"@type":"BreadcrumbList","@id":"https:\/\/pracownieorange.pl\/grabowiec-2\/news\/wakacje-z-sercem\/#breadcrumb","itemListElement":[{"@type":"ListItem","position":1,"name":"Home","item":"https:\/\/pracownieorange.pl\/grabowiec-2\/"},{"@type":"ListItem","position":2,"name":"Aktualno\u015bci","item":"https:\/\/pracownieorange.pl\/grabowiec-2\/news\/"},{"@type":"ListItem","position":3,"name":"Wakacje z SERCEM"}]},{"@type":"WebSite","@id":"https:\/\/pracownieorange.pl\/grabowiec-2\/#website","url":"https:\/\/pracownieorange.pl\/grabowiec-2\/","name":"Pracownia Orange Grabowiec (Dubicze Cerkiewne)","description":"","potentialAction":[{"@type":"SearchAction","target":{"@type":"EntryPoint","urlTemplate":"https:\/\/pracownieorange.pl\/grabowiec-2\/?s={search_term_string}"},"query-input":{"@type":"PropertyValueSpecification","valueRequired":true,"valueName":"search_term_string"}}],"inLanguage":"pl-PL"}]}},"_links":{"self":[{"href":"https:\/\/pracownieorange.pl\/grabowiec-2\/wp-json\/wp\/v2\/news\/508","targetHints":{"allow":["GET"]}}],"collection":[{"href":"https:\/\/pracownieorange.pl\/grabowiec-2\/wp-json\/wp\/v2\/news"}],"about":[{"href":"https:\/\/pracownieorange.pl\/grabowiec-2\/wp-json\/wp\/v2\/types\/news"}],"author":[{"embeddable":true,"href":"https:\/\/pracownieorange.pl\/grabowiec-2\/wp-json\/wp\/v2\/users\/136"}],"replies":[{"embeddable":true,"href":"https:\/\/pracownieorange.pl\/grabowiec-2\/wp-json\/wp\/v2\/comments?post=508"}],"wp:featuredmedia":[{"embeddable":true,"href":"https:\/\/pracownieorange.pl\/grabowiec-2\/wp-json\/wp\/v2\/media\/519"}],"wp:attachment":[{"href":"https:\/\/pracownieorange.pl\/grabowiec-2\/wp-json\/wp\/v2\/media?parent=508"}],"curies":[{"name":"wp","href":"https:\/\/api.w.org\/{rel}","templated":true}]}}