

{"id":1093,"date":"2026-04-28T15:55:06","date_gmt":"2026-04-28T13:55:06","guid":{"rendered":"https:\/\/pracownieorange.pl\/grabowiec-2\/?post_type=news&#038;p=1093"},"modified":"2026-04-29T15:20:07","modified_gmt":"2026-04-29T13:20:07","slug":"sieciujemy-i-inspirujemy-sie","status":"publish","type":"news","link":"https:\/\/pracownieorange.pl\/grabowiec-2\/news\/sieciujemy-i-inspirujemy-sie\/","title":{"rendered":"Sieciujemy i inspirujemy si\u0119"},"content":{"rendered":"<p>Niezapomniany weekendy w Pracowniach Orange w Niedrzwicy Du\u017cej i Jab\u0142onnie Maj\u0105tek.<\/p>\n<p>Od nowych, nieznanych bod\u017ac\u00f3w czujemy, \u017ce w nas energia buzuje i przebudza si\u0119 motywacja. Pomys\u0142y pi\u0119trz\u0105 si\u0119 i wychodz\u0105c z naszych g\u0142\u00f3w.<\/p>\n<p>Tu warsztaty z ko\u0142em gospody\u0144, a &#8222;u Carycy&#8221; \u015bpiew przy ognisku. Tu cebularze, a tam spotkanie w ramach papieromanii. Cudowni ludzi pe\u0142ni zaanga\u017cowania, weny, pomys\u0142\u00f3w, sugestii i realnych dzia\u0142a\u0144.<\/p>\n<p>Rozpocz\u0119li\u015bmy wizyt\u0105 w restauracji &#8222;Szkatu\u0142a&#8221;. Nast\u0119pnie czeka\u0142o nas spotkanie w Gminnym O\u015brodku Kultury, Sportu i Rekreacji w Niedrzwicy Du\u017cej oraz filii w budynku dworca PKP. Zakwaterowanie w hoteli &#8222;Impressa.&#8221;<\/p>\n<p>Drugi dzie\u0144 to wizyta robocza w Centrum Kultury Gminy Jab\u0142onna w Piotrkowie (miejsce dowodzenia Izy) oraz w Gminnej Bibliotece Publicznej w Jab\u0142onnie-Maj\u0105tku. Przed obiadem odwiedzili\u015bmy \u015bwietlic\u0119 w Jab\u0142onnie i zaliczyli\u015bmy prezentacj\u0119 przygotowan\u0105 przez M\u0142odzie\u017cow\u0105 Rad\u0119 Gminy Jab\u0142onna (szacun dla m\u0142odzie\u017cy). Po warsztatach po\u0142\u0105czonych z degustacj\u0105 pysznej kawy i sernika &#8222;niebo i puch&#8221; oraz przepysznych go\u0142\u0105bkach przyszed\u0142 czas na pe\u0142ny reset &#8211; k\u0105piel le\u015bna (shinrian &#8211; yorku). My Dubiczanki z Puszczy Bia\u0142owieskiej zachwycone terapeutycznym g\u0142osem Marzeny i tajemnicami pod lubelskiego lasu. Na koniec (lub pocz\u0105tek nowego) wizyta w Izbie Regionalnej w Kr\u0119\u017cnicy Jarej i spotkanie ze Stowarzyszeniem CIS.<\/p>\n<p>W mi\u0119dzy czasie ustalamy kolejne terminy spotka\u0144 (w Dubiczach i Por\u0119bie) oraz gromadzimy pomys\u0142y na wsp\u00f3lne mi\u0119dzy Pracowniami dzia\u0142a\u0144.<\/p>\n<p>Niedziela,\u00a0 a my szcz\u0119\u015bliwie docieramy do Lublina, aby dalej czerpa\u0107 rado\u015b\u0107, energi\u0119 i pomys\u0142y od przyjaci\u00f3\u0142 (Pracownia Orange z Kra\u015bnika, Niedrzwicy i Jab\u0142onnej oraz Trzydnika). Poznajemy histori\u0119 i uczymy si\u0119 utrzyma\u0107 na powierzchni, gdy wieje szalony wiatr i jest zimno. Spotkanie ko\u0144czymy w ciep\u0142ej kaukaskiej restauracji Szisza.<\/p>\n<p>Po godz. 15 czasu lubelskiego,\u00a0 gromadnie uczestnicy wizyty studyjnej odstawiaj\u0105 dwie MIRKI na dworzec PKP (chyba nas troszk\u0119 lubi\u0105?). Przygoda ko\u0144czy si\u0119 . Wracamy pe\u0142ne wra\u017ce\u0144, inspiracji i lekko zm\u0119czone.<\/p>\n<p>Dzi\u0119kujemy za cudowny, pomimo formy roboczej weekend.<\/p>\n","protected":false},"excerpt":{"rendered":"<p>Niezapomniany weekendy w Pracowniach Orange w Niedrzwicy Du\u017cej i Jab\u0142onnie [&hellip;]<\/p>\n","protected":false},"author":136,"featured_media":1108,"comment_status":"open","ping_status":"closed","template":"","class_list":["post-1093","news","type-news","status-publish","has-post-thumbnail","hentry"],"acf":[],"yoast_head":"<!-- This site is optimized with the Yoast SEO plugin v24.5 - https:\/\/yoast.com\/wordpress\/plugins\/seo\/ -->\n<title>Sieciujemy i inspirujemy si\u0119 - Pracownia Orange Grabowiec (Dubicze Cerkiewne)<\/title>\n<meta name=\"robots\" content=\"index, follow, max-snippet:-1, max-image-preview:large, max-video-preview:-1\" \/>\n<link rel=\"canonical\" href=\"https:\/\/pracownieorange.pl\/grabowiec-2\/news\/sieciujemy-i-inspirujemy-sie\/\" \/>\n<meta property=\"og:locale\" content=\"pl_PL\" \/>\n<meta property=\"og:type\" content=\"article\" \/>\n<meta property=\"og:title\" content=\"Sieciujemy i inspirujemy si\u0119 - Pracownia Orange Grabowiec (Dubicze Cerkiewne)\" \/>\n<meta property=\"og:description\" content=\"Niezapomniany weekendy w Pracowniach Orange w Niedrzwicy Du\u017cej i Jab\u0142onnie [&hellip;]\" \/>\n<meta property=\"og:url\" content=\"https:\/\/pracownieorange.pl\/grabowiec-2\/news\/sieciujemy-i-inspirujemy-sie\/\" \/>\n<meta property=\"og:site_name\" content=\"Pracownia Orange Grabowiec (Dubicze Cerkiewne)\" \/>\n<meta property=\"article:modified_time\" content=\"2026-04-29T13:20:07+00:00\" \/>\n<meta property=\"og:image\" content=\"https:\/\/pracownieorange.pl\/app\/uploads\/sites\/93\/2026\/04\/my.jpg\" \/>\n\t<meta property=\"og:image:width\" content=\"2048\" \/>\n\t<meta property=\"og:image:height\" content=\"1152\" \/>\n\t<meta property=\"og:image:type\" content=\"image\/jpeg\" \/>\n<meta name=\"twitter:card\" content=\"summary_large_image\" \/>\n<meta name=\"twitter:label1\" content=\"Est. reading time\" \/>\n\t<meta name=\"twitter:data1\" content=\"2 minuty\" \/>\n<script type=\"application\/ld+json\" class=\"yoast-schema-graph\">{\"@context\":\"https:\/\/schema.org\",\"@graph\":[{\"@type\":\"WebPage\",\"@id\":\"https:\/\/pracownieorange.pl\/grabowiec-2\/news\/sieciujemy-i-inspirujemy-sie\/\",\"url\":\"https:\/\/pracownieorange.pl\/grabowiec-2\/news\/sieciujemy-i-inspirujemy-sie\/\",\"name\":\"Sieciujemy i inspirujemy si\u0119 - Pracownia Orange Grabowiec (Dubicze Cerkiewne)\",\"isPartOf\":{\"@id\":\"https:\/\/pracownieorange.pl\/grabowiec-2\/#website\"},\"primaryImageOfPage\":{\"@id\":\"https:\/\/pracownieorange.pl\/grabowiec-2\/news\/sieciujemy-i-inspirujemy-sie\/#primaryimage\"},\"image\":{\"@id\":\"https:\/\/pracownieorange.pl\/grabowiec-2\/news\/sieciujemy-i-inspirujemy-sie\/#primaryimage\"},\"thumbnailUrl\":\"https:\/\/pracownieorange.pl\/app\/uploads\/sites\/93\/2026\/04\/my.jpg\",\"datePublished\":\"2026-04-28T13:55:06+00:00\",\"dateModified\":\"2026-04-29T13:20:07+00:00\",\"breadcrumb\":{\"@id\":\"https:\/\/pracownieorange.pl\/grabowiec-2\/news\/sieciujemy-i-inspirujemy-sie\/#breadcrumb\"},\"inLanguage\":\"pl-PL\",\"potentialAction\":[{\"@type\":\"ReadAction\",\"target\":[\"https:\/\/pracownieorange.pl\/grabowiec-2\/news\/sieciujemy-i-inspirujemy-sie\/\"]}]},{\"@type\":\"ImageObject\",\"inLanguage\":\"pl-PL\",\"@id\":\"https:\/\/pracownieorange.pl\/grabowiec-2\/news\/sieciujemy-i-inspirujemy-sie\/#primaryimage\",\"url\":\"https:\/\/pracownieorange.pl\/app\/uploads\/sites\/93\/2026\/04\/my.jpg\",\"contentUrl\":\"https:\/\/pracownieorange.pl\/app\/uploads\/sites\/93\/2026\/04\/my.jpg\",\"width\":2048,\"height\":1152,\"caption\":\"grupa uczestnik\u00f3w w kr\u0119gu podczas k\u0105pieli le\u015bnej\"},{\"@type\":\"BreadcrumbList\",\"@id\":\"https:\/\/pracownieorange.pl\/grabowiec-2\/news\/sieciujemy-i-inspirujemy-sie\/#breadcrumb\",\"itemListElement\":[{\"@type\":\"ListItem\",\"position\":1,\"name\":\"Home\",\"item\":\"https:\/\/pracownieorange.pl\/grabowiec-2\/\"},{\"@type\":\"ListItem\",\"position\":2,\"name\":\"Aktualno\u015bci\",\"item\":\"https:\/\/pracownieorange.pl\/grabowiec-2\/news\/\"},{\"@type\":\"ListItem\",\"position\":3,\"name\":\"Sieciujemy i inspirujemy si\u0119\"}]},{\"@type\":\"WebSite\",\"@id\":\"https:\/\/pracownieorange.pl\/grabowiec-2\/#website\",\"url\":\"https:\/\/pracownieorange.pl\/grabowiec-2\/\",\"name\":\"Pracownia Orange Grabowiec (Dubicze Cerkiewne)\",\"description\":\"\",\"potentialAction\":[{\"@type\":\"SearchAction\",\"target\":{\"@type\":\"EntryPoint\",\"urlTemplate\":\"https:\/\/pracownieorange.pl\/grabowiec-2\/?s={search_term_string}\"},\"query-input\":{\"@type\":\"PropertyValueSpecification\",\"valueRequired\":true,\"valueName\":\"search_term_string\"}}],\"inLanguage\":\"pl-PL\"}]}<\/script>\n<!-- \/ Yoast SEO plugin. -->","yoast_head_json":{"title":"Sieciujemy i inspirujemy si\u0119 - Pracownia Orange Grabowiec (Dubicze Cerkiewne)","robots":{"index":"index","follow":"follow","max-snippet":"max-snippet:-1","max-image-preview":"max-image-preview:large","max-video-preview":"max-video-preview:-1"},"canonical":"https:\/\/pracownieorange.pl\/grabowiec-2\/news\/sieciujemy-i-inspirujemy-sie\/","og_locale":"pl_PL","og_type":"article","og_title":"Sieciujemy i inspirujemy si\u0119 - Pracownia Orange Grabowiec (Dubicze Cerkiewne)","og_description":"Niezapomniany weekendy w Pracowniach Orange w Niedrzwicy Du\u017cej i Jab\u0142onnie [&hellip;]","og_url":"https:\/\/pracownieorange.pl\/grabowiec-2\/news\/sieciujemy-i-inspirujemy-sie\/","og_site_name":"Pracownia Orange Grabowiec (Dubicze Cerkiewne)","article_modified_time":"2026-04-29T13:20:07+00:00","og_image":[{"width":2048,"height":1152,"url":"https:\/\/pracownieorange.pl\/app\/uploads\/sites\/93\/2026\/04\/my.jpg","type":"image\/jpeg"}],"twitter_card":"summary_large_image","twitter_misc":{"Est. reading time":"2 minuty"},"schema":{"@context":"https:\/\/schema.org","@graph":[{"@type":"WebPage","@id":"https:\/\/pracownieorange.pl\/grabowiec-2\/news\/sieciujemy-i-inspirujemy-sie\/","url":"https:\/\/pracownieorange.pl\/grabowiec-2\/news\/sieciujemy-i-inspirujemy-sie\/","name":"Sieciujemy i inspirujemy si\u0119 - Pracownia Orange Grabowiec (Dubicze Cerkiewne)","isPartOf":{"@id":"https:\/\/pracownieorange.pl\/grabowiec-2\/#website"},"primaryImageOfPage":{"@id":"https:\/\/pracownieorange.pl\/grabowiec-2\/news\/sieciujemy-i-inspirujemy-sie\/#primaryimage"},"image":{"@id":"https:\/\/pracownieorange.pl\/grabowiec-2\/news\/sieciujemy-i-inspirujemy-sie\/#primaryimage"},"thumbnailUrl":"https:\/\/pracownieorange.pl\/app\/uploads\/sites\/93\/2026\/04\/my.jpg","datePublished":"2026-04-28T13:55:06+00:00","dateModified":"2026-04-29T13:20:07+00:00","breadcrumb":{"@id":"https:\/\/pracownieorange.pl\/grabowiec-2\/news\/sieciujemy-i-inspirujemy-sie\/#breadcrumb"},"inLanguage":"pl-PL","potentialAction":[{"@type":"ReadAction","target":["https:\/\/pracownieorange.pl\/grabowiec-2\/news\/sieciujemy-i-inspirujemy-sie\/"]}]},{"@type":"ImageObject","inLanguage":"pl-PL","@id":"https:\/\/pracownieorange.pl\/grabowiec-2\/news\/sieciujemy-i-inspirujemy-sie\/#primaryimage","url":"https:\/\/pracownieorange.pl\/app\/uploads\/sites\/93\/2026\/04\/my.jpg","contentUrl":"https:\/\/pracownieorange.pl\/app\/uploads\/sites\/93\/2026\/04\/my.jpg","width":2048,"height":1152,"caption":"grupa uczestnik\u00f3w w kr\u0119gu podczas k\u0105pieli le\u015bnej"},{"@type":"BreadcrumbList","@id":"https:\/\/pracownieorange.pl\/grabowiec-2\/news\/sieciujemy-i-inspirujemy-sie\/#breadcrumb","itemListElement":[{"@type":"ListItem","position":1,"name":"Home","item":"https:\/\/pracownieorange.pl\/grabowiec-2\/"},{"@type":"ListItem","position":2,"name":"Aktualno\u015bci","item":"https:\/\/pracownieorange.pl\/grabowiec-2\/news\/"},{"@type":"ListItem","position":3,"name":"Sieciujemy i inspirujemy si\u0119"}]},{"@type":"WebSite","@id":"https:\/\/pracownieorange.pl\/grabowiec-2\/#website","url":"https:\/\/pracownieorange.pl\/grabowiec-2\/","name":"Pracownia Orange Grabowiec (Dubicze Cerkiewne)","description":"","potentialAction":[{"@type":"SearchAction","target":{"@type":"EntryPoint","urlTemplate":"https:\/\/pracownieorange.pl\/grabowiec-2\/?s={search_term_string}"},"query-input":{"@type":"PropertyValueSpecification","valueRequired":true,"valueName":"search_term_string"}}],"inLanguage":"pl-PL"}]}},"_links":{"self":[{"href":"https:\/\/pracownieorange.pl\/grabowiec-2\/wp-json\/wp\/v2\/news\/1093","targetHints":{"allow":["GET"]}}],"collection":[{"href":"https:\/\/pracownieorange.pl\/grabowiec-2\/wp-json\/wp\/v2\/news"}],"about":[{"href":"https:\/\/pracownieorange.pl\/grabowiec-2\/wp-json\/wp\/v2\/types\/news"}],"author":[{"embeddable":true,"href":"https:\/\/pracownieorange.pl\/grabowiec-2\/wp-json\/wp\/v2\/users\/136"}],"replies":[{"embeddable":true,"href":"https:\/\/pracownieorange.pl\/grabowiec-2\/wp-json\/wp\/v2\/comments?post=1093"}],"wp:featuredmedia":[{"embeddable":true,"href":"https:\/\/pracownieorange.pl\/grabowiec-2\/wp-json\/wp\/v2\/media\/1108"}],"wp:attachment":[{"href":"https:\/\/pracownieorange.pl\/grabowiec-2\/wp-json\/wp\/v2\/media?parent=1093"}],"curies":[{"name":"wp","href":"https:\/\/api.w.org\/{rel}","templated":true}]}}