

{"id":88,"date":"2024-04-19T09:42:39","date_gmt":"2024-04-19T07:42:39","guid":{"rendered":"https:\/\/pracownieorange.pl\/debrzno\/?p=88"},"modified":"2024-04-19T09:42:39","modified_gmt":"2024-04-19T07:42:39","slug":"naturalne-kosmetyki","status":"publish","type":"post","link":"https:\/\/pracownieorange.pl\/debrzno\/naturalne-kosmetyki\/","title":{"rendered":"Naturalne kosmetyki"},"content":{"rendered":"<div dir=\"auto\">W pi\u0105tek (12.04) odby\u0142y si\u0119 warsztaty dotycz\u0105ce naturalnych kosmetyk\u00f3w. <span class=\"x3nfvp2 x1j61x8r x1fcty0u xdj266r xhhsvwb xat24cr xgzva0m xxymvpz xlup9mm x1kky2od\"><img loading=\"lazy\" decoding=\"async\" class=\"xz74otr\" src=\"https:\/\/static.xx.fbcdn.net\/images\/emoji.php\/v9\/t11\/1.5\/16\/1f486_200d_2640.png\" alt=\"\ud83d\udc86\u200d\u2640\ufe0f\" width=\"16\" height=\"16\" \/><\/span><\/div>\n<div dir=\"auto\">Na pocz\u0105tku nasza prowadz\u0105ca przeprowadzi\u0142a rozmow\u0119 oraz pokaza\u0142a prezentacj\u0119 dotycz\u0105c\u0105 dbania o nasze cia\u0142o. Warto si\u0119ga\u0107 po naturalne sk\u0142adniki, kt\u00f3re utrzymaj\u0105 nasz\u0105 cer\u0119 w dobrej kondycji.<\/div>\n<div dir=\"auto\">Nasze uczestniczki korzystaj\u0105c z produkt\u00f3w \u0142atwo dost\u0119pnych w ka\u017cdym sklepie przygotowa\u0142y:<\/div>\n<div dir=\"auto\">&#8211; Serum do twarzy<\/div>\n<div dir=\"auto\">&#8211; Cukrowy pelling kawowy<\/div>\n<div dir=\"auto\">&#8211; Peelinguj\u0105c\u0105 mask\u0119<\/div>\n<div dir=\"auto\">&#8211; Mask\u0119 do w\u0142os\u00f3w<\/div>\n<div dir=\"auto\">Warsztaty cieszy\u0142y si\u0119 wielkim zainteresowaniem, na koniec Panie poprosi\u0142y o wydrukowane przepisy na kosmetyki \ud83d\ude42<\/div>\n<div dir=\"auto\">Dzi\u0119kujemy za tak liczne zainteresowanie naszymi warsztatami <span class=\"x3nfvp2 x1j61x8r x1fcty0u xdj266r xhhsvwb xat24cr xgzva0m xxymvpz xlup9mm x1kky2od\"><img loading=\"lazy\" decoding=\"async\" class=\"xz74otr\" src=\"https:\/\/static.xx.fbcdn.net\/images\/emoji.php\/v9\/t43\/1.5\/16\/1f970.png\" alt=\"\ud83e\udd70\" width=\"16\" height=\"16\" \/><\/span><\/div>\n","protected":false},"excerpt":{"rendered":"<p>W pi\u0105tek (12.04) odby\u0142y si\u0119 warsztaty dotycz\u0105ce naturalnych kosmetyk\u00f3w. Na [&hellip;]<\/p>\n","protected":false},"author":204,"featured_media":84,"comment_status":"open","ping_status":"open","sticky":false,"template":"","format":"standard","meta":{"footnotes":""},"categories":[1],"tags":[],"class_list":["post-88","post","type-post","status-publish","format-standard","has-post-thumbnail","hentry","category-bez-kategorii"],"acf":[],"yoast_head":"<!-- This site is optimized with the Yoast SEO plugin v24.5 - https:\/\/yoast.com\/wordpress\/plugins\/seo\/ -->\n<title>Naturalne kosmetyki - Pracownia Orange Debrzno<\/title>\n<meta name=\"robots\" content=\"index, follow, max-snippet:-1, max-image-preview:large, max-video-preview:-1\" \/>\n<link rel=\"canonical\" href=\"https:\/\/pracownieorange.pl\/debrzno\/naturalne-kosmetyki\/\" \/>\n<meta property=\"og:locale\" content=\"pl_PL\" \/>\n<meta property=\"og:type\" content=\"article\" \/>\n<meta property=\"og:title\" content=\"Naturalne kosmetyki - Pracownia Orange Debrzno\" \/>\n<meta property=\"og:description\" content=\"W pi\u0105tek (12.04) odby\u0142y si\u0119 warsztaty dotycz\u0105ce naturalnych kosmetyk\u00f3w. Na [&hellip;]\" \/>\n<meta property=\"og:url\" content=\"https:\/\/pracownieorange.pl\/debrzno\/naturalne-kosmetyki\/\" \/>\n<meta property=\"og:site_name\" content=\"Pracownia Orange Debrzno\" \/>\n<meta property=\"article:published_time\" content=\"2024-04-19T07:42:39+00:00\" \/>\n<meta property=\"og:image\" content=\"https:\/\/pracownieorange.pl\/app\/uploads\/sites\/101\/2024\/04\/DSC_0917-scaled.jpg\" \/>\n\t<meta property=\"og:image:width\" content=\"2560\" \/>\n\t<meta property=\"og:image:height\" content=\"1707\" \/>\n\t<meta property=\"og:image:type\" content=\"image\/jpeg\" \/>\n<meta name=\"author\" content=\"Klaudia Bilska\" \/>\n<meta name=\"twitter:card\" content=\"summary_large_image\" \/>\n<meta name=\"twitter:label1\" content=\"Written by\" \/>\n\t<meta name=\"twitter:data1\" content=\"Klaudia Bilska\" \/>\n\t<meta name=\"twitter:label2\" content=\"Est. reading time\" \/>\n\t<meta name=\"twitter:data2\" content=\"1 minuta\" \/>\n<script type=\"application\/ld+json\" class=\"yoast-schema-graph\">{\"@context\":\"https:\/\/schema.org\",\"@graph\":[{\"@type\":\"WebPage\",\"@id\":\"https:\/\/pracownieorange.pl\/debrzno\/naturalne-kosmetyki\/\",\"url\":\"https:\/\/pracownieorange.pl\/debrzno\/naturalne-kosmetyki\/\",\"name\":\"Naturalne kosmetyki - Pracownia Orange Debrzno\",\"isPartOf\":{\"@id\":\"https:\/\/pracownieorange.pl\/debrzno\/#website\"},\"primaryImageOfPage\":{\"@id\":\"https:\/\/pracownieorange.pl\/debrzno\/naturalne-kosmetyki\/#primaryimage\"},\"image\":{\"@id\":\"https:\/\/pracownieorange.pl\/debrzno\/naturalne-kosmetyki\/#primaryimage\"},\"thumbnailUrl\":\"https:\/\/pracownieorange.pl\/app\/uploads\/sites\/101\/2024\/04\/DSC_0917-scaled.jpg\",\"datePublished\":\"2024-04-19T07:42:39+00:00\",\"author\":{\"@id\":\"https:\/\/pracownieorange.pl\/debrzno\/#\/schema\/person\/8f63484a1d36ae56d4997eab1b162f67\"},\"breadcrumb\":{\"@id\":\"https:\/\/pracownieorange.pl\/debrzno\/naturalne-kosmetyki\/#breadcrumb\"},\"inLanguage\":\"pl-PL\",\"potentialAction\":[{\"@type\":\"ReadAction\",\"target\":[\"https:\/\/pracownieorange.pl\/debrzno\/naturalne-kosmetyki\/\"]}]},{\"@type\":\"ImageObject\",\"inLanguage\":\"pl-PL\",\"@id\":\"https:\/\/pracownieorange.pl\/debrzno\/naturalne-kosmetyki\/#primaryimage\",\"url\":\"https:\/\/pracownieorange.pl\/app\/uploads\/sites\/101\/2024\/04\/DSC_0917-scaled.jpg\",\"contentUrl\":\"https:\/\/pracownieorange.pl\/app\/uploads\/sites\/101\/2024\/04\/DSC_0917-scaled.jpg\",\"width\":2560,\"height\":1707,\"caption\":\"grupa kobiet tworzy naturalne kosmetyki z miodu i innych produkt\u00f3w\"},{\"@type\":\"BreadcrumbList\",\"@id\":\"https:\/\/pracownieorange.pl\/debrzno\/naturalne-kosmetyki\/#breadcrumb\",\"itemListElement\":[{\"@type\":\"ListItem\",\"position\":1,\"name\":\"Home\",\"item\":\"https:\/\/pracownieorange.pl\/debrzno\/\"},{\"@type\":\"ListItem\",\"position\":2,\"name\":\"Naturalne kosmetyki\"}]},{\"@type\":\"WebSite\",\"@id\":\"https:\/\/pracownieorange.pl\/debrzno\/#website\",\"url\":\"https:\/\/pracownieorange.pl\/debrzno\/\",\"name\":\"Pracownia Orange Debrzno\",\"description\":\"\",\"potentialAction\":[{\"@type\":\"SearchAction\",\"target\":{\"@type\":\"EntryPoint\",\"urlTemplate\":\"https:\/\/pracownieorange.pl\/debrzno\/?s={search_term_string}\"},\"query-input\":{\"@type\":\"PropertyValueSpecification\",\"valueRequired\":true,\"valueName\":\"search_term_string\"}}],\"inLanguage\":\"pl-PL\"},{\"@type\":\"Person\",\"@id\":\"https:\/\/pracownieorange.pl\/debrzno\/#\/schema\/person\/8f63484a1d36ae56d4997eab1b162f67\",\"name\":\"Klaudia Bilska\",\"image\":{\"@type\":\"ImageObject\",\"inLanguage\":\"pl-PL\",\"@id\":\"https:\/\/pracownieorange.pl\/debrzno\/#\/schema\/person\/image\/\",\"url\":\"https:\/\/secure.gravatar.com\/avatar\/c590f12ff7fad0be537dd093a9af0dd2?s=96&d=mm&r=g\",\"contentUrl\":\"https:\/\/secure.gravatar.com\/avatar\/c590f12ff7fad0be537dd093a9af0dd2?s=96&d=mm&r=g\",\"caption\":\"Klaudia Bilska\"},\"url\":\"https:\/\/pracownieorange.pl\/debrzno\/author\/klaudiabilska\/\"}]}<\/script>\n<!-- \/ Yoast SEO plugin. -->","yoast_head_json":{"title":"Naturalne kosmetyki - Pracownia Orange Debrzno","robots":{"index":"index","follow":"follow","max-snippet":"max-snippet:-1","max-image-preview":"max-image-preview:large","max-video-preview":"max-video-preview:-1"},"canonical":"https:\/\/pracownieorange.pl\/debrzno\/naturalne-kosmetyki\/","og_locale":"pl_PL","og_type":"article","og_title":"Naturalne kosmetyki - Pracownia Orange Debrzno","og_description":"W pi\u0105tek (12.04) odby\u0142y si\u0119 warsztaty dotycz\u0105ce naturalnych kosmetyk\u00f3w. Na [&hellip;]","og_url":"https:\/\/pracownieorange.pl\/debrzno\/naturalne-kosmetyki\/","og_site_name":"Pracownia Orange Debrzno","article_published_time":"2024-04-19T07:42:39+00:00","og_image":[{"width":2560,"height":1707,"url":"https:\/\/pracownieorange.pl\/app\/uploads\/sites\/101\/2024\/04\/DSC_0917-scaled.jpg","type":"image\/jpeg"}],"author":"Klaudia Bilska","twitter_card":"summary_large_image","twitter_misc":{"Written by":"Klaudia Bilska","Est. reading time":"1 minuta"},"schema":{"@context":"https:\/\/schema.org","@graph":[{"@type":"WebPage","@id":"https:\/\/pracownieorange.pl\/debrzno\/naturalne-kosmetyki\/","url":"https:\/\/pracownieorange.pl\/debrzno\/naturalne-kosmetyki\/","name":"Naturalne kosmetyki - Pracownia Orange Debrzno","isPartOf":{"@id":"https:\/\/pracownieorange.pl\/debrzno\/#website"},"primaryImageOfPage":{"@id":"https:\/\/pracownieorange.pl\/debrzno\/naturalne-kosmetyki\/#primaryimage"},"image":{"@id":"https:\/\/pracownieorange.pl\/debrzno\/naturalne-kosmetyki\/#primaryimage"},"thumbnailUrl":"https:\/\/pracownieorange.pl\/app\/uploads\/sites\/101\/2024\/04\/DSC_0917-scaled.jpg","datePublished":"2024-04-19T07:42:39+00:00","author":{"@id":"https:\/\/pracownieorange.pl\/debrzno\/#\/schema\/person\/8f63484a1d36ae56d4997eab1b162f67"},"breadcrumb":{"@id":"https:\/\/pracownieorange.pl\/debrzno\/naturalne-kosmetyki\/#breadcrumb"},"inLanguage":"pl-PL","potentialAction":[{"@type":"ReadAction","target":["https:\/\/pracownieorange.pl\/debrzno\/naturalne-kosmetyki\/"]}]},{"@type":"ImageObject","inLanguage":"pl-PL","@id":"https:\/\/pracownieorange.pl\/debrzno\/naturalne-kosmetyki\/#primaryimage","url":"https:\/\/pracownieorange.pl\/app\/uploads\/sites\/101\/2024\/04\/DSC_0917-scaled.jpg","contentUrl":"https:\/\/pracownieorange.pl\/app\/uploads\/sites\/101\/2024\/04\/DSC_0917-scaled.jpg","width":2560,"height":1707,"caption":"grupa kobiet tworzy naturalne kosmetyki z miodu i innych produkt\u00f3w"},{"@type":"BreadcrumbList","@id":"https:\/\/pracownieorange.pl\/debrzno\/naturalne-kosmetyki\/#breadcrumb","itemListElement":[{"@type":"ListItem","position":1,"name":"Home","item":"https:\/\/pracownieorange.pl\/debrzno\/"},{"@type":"ListItem","position":2,"name":"Naturalne kosmetyki"}]},{"@type":"WebSite","@id":"https:\/\/pracownieorange.pl\/debrzno\/#website","url":"https:\/\/pracownieorange.pl\/debrzno\/","name":"Pracownia Orange Debrzno","description":"","potentialAction":[{"@type":"SearchAction","target":{"@type":"EntryPoint","urlTemplate":"https:\/\/pracownieorange.pl\/debrzno\/?s={search_term_string}"},"query-input":{"@type":"PropertyValueSpecification","valueRequired":true,"valueName":"search_term_string"}}],"inLanguage":"pl-PL"},{"@type":"Person","@id":"https:\/\/pracownieorange.pl\/debrzno\/#\/schema\/person\/8f63484a1d36ae56d4997eab1b162f67","name":"Klaudia Bilska","image":{"@type":"ImageObject","inLanguage":"pl-PL","@id":"https:\/\/pracownieorange.pl\/debrzno\/#\/schema\/person\/image\/","url":"https:\/\/secure.gravatar.com\/avatar\/c590f12ff7fad0be537dd093a9af0dd2?s=96&d=mm&r=g","contentUrl":"https:\/\/secure.gravatar.com\/avatar\/c590f12ff7fad0be537dd093a9af0dd2?s=96&d=mm&r=g","caption":"Klaudia Bilska"},"url":"https:\/\/pracownieorange.pl\/debrzno\/author\/klaudiabilska\/"}]}},"_links":{"self":[{"href":"https:\/\/pracownieorange.pl\/debrzno\/wp-json\/wp\/v2\/posts\/88","targetHints":{"allow":["GET"]}}],"collection":[{"href":"https:\/\/pracownieorange.pl\/debrzno\/wp-json\/wp\/v2\/posts"}],"about":[{"href":"https:\/\/pracownieorange.pl\/debrzno\/wp-json\/wp\/v2\/types\/post"}],"author":[{"embeddable":true,"href":"https:\/\/pracownieorange.pl\/debrzno\/wp-json\/wp\/v2\/users\/204"}],"replies":[{"embeddable":true,"href":"https:\/\/pracownieorange.pl\/debrzno\/wp-json\/wp\/v2\/comments?post=88"}],"version-history":[{"count":2,"href":"https:\/\/pracownieorange.pl\/debrzno\/wp-json\/wp\/v2\/posts\/88\/revisions"}],"predecessor-version":[{"id":90,"href":"https:\/\/pracownieorange.pl\/debrzno\/wp-json\/wp\/v2\/posts\/88\/revisions\/90"}],"wp:featuredmedia":[{"embeddable":true,"href":"https:\/\/pracownieorange.pl\/debrzno\/wp-json\/wp\/v2\/media\/84"}],"wp:attachment":[{"href":"https:\/\/pracownieorange.pl\/debrzno\/wp-json\/wp\/v2\/media?parent=88"}],"wp:term":[{"taxonomy":"category","embeddable":true,"href":"https:\/\/pracownieorange.pl\/debrzno\/wp-json\/wp\/v2\/categories?post=88"},{"taxonomy":"post_tag","embeddable":true,"href":"https:\/\/pracownieorange.pl\/debrzno\/wp-json\/wp\/v2\/tags?post=88"}],"curies":[{"name":"wp","href":"https:\/\/api.w.org\/{rel}","templated":true}]}}