

{"id":154,"date":"2024-12-20T13:45:58","date_gmt":"2024-12-20T12:45:58","guid":{"rendered":"https:\/\/pracownieorange.pl\/debrzno\/?p=154"},"modified":"2024-12-20T13:45:58","modified_gmt":"2024-12-20T12:45:58","slug":"dzialania-w-debrznie","status":"publish","type":"post","link":"https:\/\/pracownieorange.pl\/debrzno\/dzialania-w-debrznie\/","title":{"rendered":"Dzia\u0142ania w Debrznie"},"content":{"rendered":"<p>Ostatnie miesi\u0105ce w naszej Pracowni Orange obfitowa\u0142y w r\u00f3\u017cne warsztaty i zaj\u0119cia.<br \/>\nPowr\u00f3ci\u0142y po przerwie zaj\u0119cia z dziergania, szyde\u0142kowania.<br \/>\nW Pracowni r\u00f3wnie\u017c odbywaj\u0105 si\u0119 cykliczne zaj\u0119cia fabryki smyka. Co \u015brod\u0119 odwiedzaj\u0105 nas dzieci w wieku przedszkolnym, na r\u00f3\u017cnych kreatywnych, ale tak\u017ce ruchowych zaj\u0119ciach.<br \/>\nCa\u0142y czas pracujemy na goglach VR oraz dalej dzia\u0142aj\u0105 zaj\u0119cia multimedialnie. Przez ostatnie miesi\u0105ce prowadzone by\u0142y warsztaty w ramach projektu &#8222;Spotkajmy si\u0119 z kultur\u0105&#8221; (ceramika, stolarskie, filcowanie oraz tworzenie obrazu z mchu). Niestety na dosy\u0107 ma\u0142\u0105 przestrze\u0144 w Pracowni Orange, warsztaty odby\u0142y si\u0119 w innych, wi\u0119kszych salach Centrum Kultury.<br \/>\nTen rok zamykamy z wype\u0142nieniem maksymalnym naszych dzia\u0142a\u0144 i to z nawi\u0105zk\u0105, dzi\u0119ki otrzymanemu grantowi &#8222;EKOGRANTY&#8221;.<br \/>\nDo zobaczenia z nowymi aktywno\u015bciami w przysz\u0142ym roku \ud83d\ude42<\/p>\n","protected":false},"excerpt":{"rendered":"<p>Ostatnie miesi\u0105ce w naszej Pracowni Orange obfitowa\u0142y w r\u00f3\u017cne warsztaty [&hellip;]<\/p>\n","protected":false},"author":204,"featured_media":155,"comment_status":"open","ping_status":"open","sticky":false,"template":"","format":"standard","meta":{"footnotes":""},"categories":[1],"tags":[],"class_list":["post-154","post","type-post","status-publish","format-standard","has-post-thumbnail","hentry","category-bez-kategorii"],"acf":[],"yoast_head":"<!-- This site is optimized with the Yoast SEO plugin v24.5 - https:\/\/yoast.com\/wordpress\/plugins\/seo\/ -->\n<title>Dzia\u0142ania w Debrznie - Pracownia Orange Debrzno<\/title>\n<meta name=\"robots\" content=\"index, follow, max-snippet:-1, max-image-preview:large, max-video-preview:-1\" \/>\n<link rel=\"canonical\" href=\"https:\/\/pracownieorange.pl\/debrzno\/dzialania-w-debrznie\/\" \/>\n<meta property=\"og:locale\" content=\"pl_PL\" \/>\n<meta property=\"og:type\" content=\"article\" \/>\n<meta property=\"og:title\" content=\"Dzia\u0142ania w Debrznie - Pracownia Orange Debrzno\" \/>\n<meta property=\"og:description\" content=\"Ostatnie miesi\u0105ce w naszej Pracowni Orange obfitowa\u0142y w r\u00f3\u017cne warsztaty [&hellip;]\" \/>\n<meta property=\"og:url\" content=\"https:\/\/pracownieorange.pl\/debrzno\/dzialania-w-debrznie\/\" \/>\n<meta property=\"og:site_name\" content=\"Pracownia Orange Debrzno\" \/>\n<meta property=\"article:published_time\" content=\"2024-12-20T12:45:58+00:00\" \/>\n<meta property=\"og:image\" content=\"https:\/\/pracownieorange.pl\/app\/uploads\/sites\/101\/2024\/12\/e528cbb4-f39a-4a64-ad53-4f15cf4f8695.jpg\" \/>\n\t<meta property=\"og:image:width\" content=\"2048\" \/>\n\t<meta property=\"og:image:height\" content=\"1155\" \/>\n\t<meta property=\"og:image:type\" content=\"image\/jpeg\" \/>\n<meta name=\"author\" content=\"Klaudia Bilska\" \/>\n<meta name=\"twitter:card\" content=\"summary_large_image\" \/>\n<meta name=\"twitter:label1\" content=\"Written by\" \/>\n\t<meta name=\"twitter:data1\" content=\"Klaudia Bilska\" \/>\n\t<meta name=\"twitter:label2\" content=\"Est. reading time\" \/>\n\t<meta name=\"twitter:data2\" content=\"1 minuta\" \/>\n<script type=\"application\/ld+json\" class=\"yoast-schema-graph\">{\"@context\":\"https:\/\/schema.org\",\"@graph\":[{\"@type\":\"WebPage\",\"@id\":\"https:\/\/pracownieorange.pl\/debrzno\/dzialania-w-debrznie\/\",\"url\":\"https:\/\/pracownieorange.pl\/debrzno\/dzialania-w-debrznie\/\",\"name\":\"Dzia\u0142ania w Debrznie - Pracownia Orange Debrzno\",\"isPartOf\":{\"@id\":\"https:\/\/pracownieorange.pl\/debrzno\/#website\"},\"primaryImageOfPage\":{\"@id\":\"https:\/\/pracownieorange.pl\/debrzno\/dzialania-w-debrznie\/#primaryimage\"},\"image\":{\"@id\":\"https:\/\/pracownieorange.pl\/debrzno\/dzialania-w-debrznie\/#primaryimage\"},\"thumbnailUrl\":\"https:\/\/pracownieorange.pl\/app\/uploads\/sites\/101\/2024\/12\/e528cbb4-f39a-4a64-ad53-4f15cf4f8695.jpg\",\"datePublished\":\"2024-12-20T12:45:58+00:00\",\"author\":{\"@id\":\"https:\/\/pracownieorange.pl\/debrzno\/#\/schema\/person\/8f63484a1d36ae56d4997eab1b162f67\"},\"breadcrumb\":{\"@id\":\"https:\/\/pracownieorange.pl\/debrzno\/dzialania-w-debrznie\/#breadcrumb\"},\"inLanguage\":\"pl-PL\",\"potentialAction\":[{\"@type\":\"ReadAction\",\"target\":[\"https:\/\/pracownieorange.pl\/debrzno\/dzialania-w-debrznie\/\"]}]},{\"@type\":\"ImageObject\",\"inLanguage\":\"pl-PL\",\"@id\":\"https:\/\/pracownieorange.pl\/debrzno\/dzialania-w-debrznie\/#primaryimage\",\"url\":\"https:\/\/pracownieorange.pl\/app\/uploads\/sites\/101\/2024\/12\/e528cbb4-f39a-4a64-ad53-4f15cf4f8695.jpg\",\"contentUrl\":\"https:\/\/pracownieorange.pl\/app\/uploads\/sites\/101\/2024\/12\/e528cbb4-f39a-4a64-ad53-4f15cf4f8695.jpg\",\"width\":2048,\"height\":1155,\"caption\":\"dwie dziewczynki w goglach vr\"},{\"@type\":\"BreadcrumbList\",\"@id\":\"https:\/\/pracownieorange.pl\/debrzno\/dzialania-w-debrznie\/#breadcrumb\",\"itemListElement\":[{\"@type\":\"ListItem\",\"position\":1,\"name\":\"Home\",\"item\":\"https:\/\/pracownieorange.pl\/debrzno\/\"},{\"@type\":\"ListItem\",\"position\":2,\"name\":\"Dzia\u0142ania w Debrznie\"}]},{\"@type\":\"WebSite\",\"@id\":\"https:\/\/pracownieorange.pl\/debrzno\/#website\",\"url\":\"https:\/\/pracownieorange.pl\/debrzno\/\",\"name\":\"Pracownia Orange Debrzno\",\"description\":\"\",\"potentialAction\":[{\"@type\":\"SearchAction\",\"target\":{\"@type\":\"EntryPoint\",\"urlTemplate\":\"https:\/\/pracownieorange.pl\/debrzno\/?s={search_term_string}\"},\"query-input\":{\"@type\":\"PropertyValueSpecification\",\"valueRequired\":true,\"valueName\":\"search_term_string\"}}],\"inLanguage\":\"pl-PL\"},{\"@type\":\"Person\",\"@id\":\"https:\/\/pracownieorange.pl\/debrzno\/#\/schema\/person\/8f63484a1d36ae56d4997eab1b162f67\",\"name\":\"Klaudia Bilska\",\"image\":{\"@type\":\"ImageObject\",\"inLanguage\":\"pl-PL\",\"@id\":\"https:\/\/pracownieorange.pl\/debrzno\/#\/schema\/person\/image\/\",\"url\":\"https:\/\/secure.gravatar.com\/avatar\/c590f12ff7fad0be537dd093a9af0dd2?s=96&d=mm&r=g\",\"contentUrl\":\"https:\/\/secure.gravatar.com\/avatar\/c590f12ff7fad0be537dd093a9af0dd2?s=96&d=mm&r=g\",\"caption\":\"Klaudia Bilska\"},\"url\":\"https:\/\/pracownieorange.pl\/debrzno\/author\/klaudiabilska\/\"}]}<\/script>\n<!-- \/ Yoast SEO plugin. -->","yoast_head_json":{"title":"Dzia\u0142ania w Debrznie - Pracownia Orange Debrzno","robots":{"index":"index","follow":"follow","max-snippet":"max-snippet:-1","max-image-preview":"max-image-preview:large","max-video-preview":"max-video-preview:-1"},"canonical":"https:\/\/pracownieorange.pl\/debrzno\/dzialania-w-debrznie\/","og_locale":"pl_PL","og_type":"article","og_title":"Dzia\u0142ania w Debrznie - Pracownia Orange Debrzno","og_description":"Ostatnie miesi\u0105ce w naszej Pracowni Orange obfitowa\u0142y w r\u00f3\u017cne warsztaty [&hellip;]","og_url":"https:\/\/pracownieorange.pl\/debrzno\/dzialania-w-debrznie\/","og_site_name":"Pracownia Orange Debrzno","article_published_time":"2024-12-20T12:45:58+00:00","og_image":[{"width":2048,"height":1155,"url":"https:\/\/pracownieorange.pl\/app\/uploads\/sites\/101\/2024\/12\/e528cbb4-f39a-4a64-ad53-4f15cf4f8695.jpg","type":"image\/jpeg"}],"author":"Klaudia Bilska","twitter_card":"summary_large_image","twitter_misc":{"Written by":"Klaudia Bilska","Est. reading time":"1 minuta"},"schema":{"@context":"https:\/\/schema.org","@graph":[{"@type":"WebPage","@id":"https:\/\/pracownieorange.pl\/debrzno\/dzialania-w-debrznie\/","url":"https:\/\/pracownieorange.pl\/debrzno\/dzialania-w-debrznie\/","name":"Dzia\u0142ania w Debrznie - Pracownia Orange Debrzno","isPartOf":{"@id":"https:\/\/pracownieorange.pl\/debrzno\/#website"},"primaryImageOfPage":{"@id":"https:\/\/pracownieorange.pl\/debrzno\/dzialania-w-debrznie\/#primaryimage"},"image":{"@id":"https:\/\/pracownieorange.pl\/debrzno\/dzialania-w-debrznie\/#primaryimage"},"thumbnailUrl":"https:\/\/pracownieorange.pl\/app\/uploads\/sites\/101\/2024\/12\/e528cbb4-f39a-4a64-ad53-4f15cf4f8695.jpg","datePublished":"2024-12-20T12:45:58+00:00","author":{"@id":"https:\/\/pracownieorange.pl\/debrzno\/#\/schema\/person\/8f63484a1d36ae56d4997eab1b162f67"},"breadcrumb":{"@id":"https:\/\/pracownieorange.pl\/debrzno\/dzialania-w-debrznie\/#breadcrumb"},"inLanguage":"pl-PL","potentialAction":[{"@type":"ReadAction","target":["https:\/\/pracownieorange.pl\/debrzno\/dzialania-w-debrznie\/"]}]},{"@type":"ImageObject","inLanguage":"pl-PL","@id":"https:\/\/pracownieorange.pl\/debrzno\/dzialania-w-debrznie\/#primaryimage","url":"https:\/\/pracownieorange.pl\/app\/uploads\/sites\/101\/2024\/12\/e528cbb4-f39a-4a64-ad53-4f15cf4f8695.jpg","contentUrl":"https:\/\/pracownieorange.pl\/app\/uploads\/sites\/101\/2024\/12\/e528cbb4-f39a-4a64-ad53-4f15cf4f8695.jpg","width":2048,"height":1155,"caption":"dwie dziewczynki w goglach vr"},{"@type":"BreadcrumbList","@id":"https:\/\/pracownieorange.pl\/debrzno\/dzialania-w-debrznie\/#breadcrumb","itemListElement":[{"@type":"ListItem","position":1,"name":"Home","item":"https:\/\/pracownieorange.pl\/debrzno\/"},{"@type":"ListItem","position":2,"name":"Dzia\u0142ania w Debrznie"}]},{"@type":"WebSite","@id":"https:\/\/pracownieorange.pl\/debrzno\/#website","url":"https:\/\/pracownieorange.pl\/debrzno\/","name":"Pracownia Orange Debrzno","description":"","potentialAction":[{"@type":"SearchAction","target":{"@type":"EntryPoint","urlTemplate":"https:\/\/pracownieorange.pl\/debrzno\/?s={search_term_string}"},"query-input":{"@type":"PropertyValueSpecification","valueRequired":true,"valueName":"search_term_string"}}],"inLanguage":"pl-PL"},{"@type":"Person","@id":"https:\/\/pracownieorange.pl\/debrzno\/#\/schema\/person\/8f63484a1d36ae56d4997eab1b162f67","name":"Klaudia Bilska","image":{"@type":"ImageObject","inLanguage":"pl-PL","@id":"https:\/\/pracownieorange.pl\/debrzno\/#\/schema\/person\/image\/","url":"https:\/\/secure.gravatar.com\/avatar\/c590f12ff7fad0be537dd093a9af0dd2?s=96&d=mm&r=g","contentUrl":"https:\/\/secure.gravatar.com\/avatar\/c590f12ff7fad0be537dd093a9af0dd2?s=96&d=mm&r=g","caption":"Klaudia Bilska"},"url":"https:\/\/pracownieorange.pl\/debrzno\/author\/klaudiabilska\/"}]}},"_links":{"self":[{"href":"https:\/\/pracownieorange.pl\/debrzno\/wp-json\/wp\/v2\/posts\/154","targetHints":{"allow":["GET"]}}],"collection":[{"href":"https:\/\/pracownieorange.pl\/debrzno\/wp-json\/wp\/v2\/posts"}],"about":[{"href":"https:\/\/pracownieorange.pl\/debrzno\/wp-json\/wp\/v2\/types\/post"}],"author":[{"embeddable":true,"href":"https:\/\/pracownieorange.pl\/debrzno\/wp-json\/wp\/v2\/users\/204"}],"replies":[{"embeddable":true,"href":"https:\/\/pracownieorange.pl\/debrzno\/wp-json\/wp\/v2\/comments?post=154"}],"version-history":[{"count":1,"href":"https:\/\/pracownieorange.pl\/debrzno\/wp-json\/wp\/v2\/posts\/154\/revisions"}],"predecessor-version":[{"id":166,"href":"https:\/\/pracownieorange.pl\/debrzno\/wp-json\/wp\/v2\/posts\/154\/revisions\/166"}],"wp:featuredmedia":[{"embeddable":true,"href":"https:\/\/pracownieorange.pl\/debrzno\/wp-json\/wp\/v2\/media\/155"}],"wp:attachment":[{"href":"https:\/\/pracownieorange.pl\/debrzno\/wp-json\/wp\/v2\/media?parent=154"}],"wp:term":[{"taxonomy":"category","embeddable":true,"href":"https:\/\/pracownieorange.pl\/debrzno\/wp-json\/wp\/v2\/categories?post=154"},{"taxonomy":"post_tag","embeddable":true,"href":"https:\/\/pracownieorange.pl\/debrzno\/wp-json\/wp\/v2\/tags?post=154"}],"curies":[{"name":"wp","href":"https:\/\/api.w.org\/{rel}","templated":true}]}}