

{"id":141,"date":"2024-09-25T12:31:10","date_gmt":"2024-09-25T10:31:10","guid":{"rendered":"https:\/\/pracownieorange.pl\/debrzno\/?p=141"},"modified":"2024-09-25T12:31:10","modified_gmt":"2024-09-25T10:31:10","slug":"konferencja-o-tematyce-ekologicznej","status":"publish","type":"post","link":"https:\/\/pracownieorange.pl\/debrzno\/konferencja-o-tematyce-ekologicznej\/","title":{"rendered":"Konferencja o tematyce ekologicznej"},"content":{"rendered":"<p>We wtorkowe przedpo\u0142udnie (24 wrze\u015bnia) odby\u0142a si\u0119 w ramach ekogrant\u00f3w konferencja o tematyce ekologicznej.<br \/>\nPrelegentem naszej konferencji by\u0142a Pani Dominika, pracownik Nadle\u015bnictwa Lipka, a widowni\u0105 by\u0142a grupa senior\u00f3w z Klubu Wsparcia Dziennego.<br \/>\nTego dnia przenie\u015bli\u015bmy si\u0119 z naszymi go\u015b\u0107mi pi\u0119tro ni\u017cej z naszej Pracowni Orange, czyli do Kina za Rogiem.<br \/>\nTam wygodnie w fotelach mogli\u015bmy wys\u0142ucha\u0107 wyk\u0142adu.<br \/>\nPrzez dobre dwie godziny rozmawiali\u015bmy i s\u0142uchali\u015bmy informacji na tematy jak mo\u017cemy by\u0107 bardziej przyja\u017ani w swoich dzia\u0142aniach dla przyrody, jakie korzy\u015bci daje nam przyroda, jak wp\u0142ywa na dobrostan psychofizyczny cz\u0142owieka.<br \/>\nTo by\u0142o ostatnie dzia\u0142anie w ramach ekogrant\u00f3w. Cieszymy si\u0119, \u017ce mogli\u015bmy w\u0142\u0105czy\u0107 do dzia\u0142a\u0144 r\u00f3\u017cne grupy wiekowe.<br \/>\nPrzyroda ma wielki wp\u0142yw na nasze \u017cycie, warto o ni\u0105 dba\u0107 aby nam \u017cy\u0142o si\u0119 r\u00f3wnie dobrze.<\/p>\n<p>&nbsp;<\/p>\n<p>Projekt &#8222;Masz wp\u0142yw. Przyroda i cz\u0142owiek&#8221; jest realizowany w ramach programu Pracowni Orange<\/p>\n","protected":false},"excerpt":{"rendered":"<p>We wtorkowe przedpo\u0142udnie (24 wrze\u015bnia) odby\u0142a si\u0119 w ramach ekogrant\u00f3w [&hellip;]<\/p>\n","protected":false},"author":204,"featured_media":142,"comment_status":"open","ping_status":"open","sticky":false,"template":"","format":"standard","meta":{"footnotes":""},"categories":[1],"tags":[8,6,9,7],"class_list":["post-141","post","type-post","status-publish","format-standard","has-post-thumbnail","hentry","category-bez-kategorii","tag-dorosli","tag-ekologia","tag-konferencja","tag-seniorzy"],"acf":[],"yoast_head":"<!-- This site is optimized with the Yoast SEO plugin v24.5 - https:\/\/yoast.com\/wordpress\/plugins\/seo\/ -->\n<title>Konferencja o tematyce ekologicznej - Pracownia Orange Debrzno<\/title>\n<meta name=\"robots\" content=\"index, follow, max-snippet:-1, max-image-preview:large, max-video-preview:-1\" \/>\n<link rel=\"canonical\" href=\"https:\/\/pracownieorange.pl\/debrzno\/konferencja-o-tematyce-ekologicznej\/\" \/>\n<meta property=\"og:locale\" content=\"pl_PL\" \/>\n<meta property=\"og:type\" content=\"article\" \/>\n<meta property=\"og:title\" content=\"Konferencja o tematyce ekologicznej - Pracownia Orange Debrzno\" \/>\n<meta property=\"og:description\" content=\"We wtorkowe przedpo\u0142udnie (24 wrze\u015bnia) odby\u0142a si\u0119 w ramach ekogrant\u00f3w [&hellip;]\" \/>\n<meta property=\"og:url\" content=\"https:\/\/pracownieorange.pl\/debrzno\/konferencja-o-tematyce-ekologicznej\/\" \/>\n<meta property=\"og:site_name\" content=\"Pracownia Orange Debrzno\" \/>\n<meta property=\"article:published_time\" content=\"2024-09-25T10:31:10+00:00\" \/>\n<meta property=\"og:image\" content=\"https:\/\/pracownieorange.pl\/app\/uploads\/sites\/101\/2024\/09\/7175be3b-7f66-49cc-848a-b5cd206b9a26-scaled.jpg\" \/>\n\t<meta property=\"og:image:width\" content=\"2560\" \/>\n\t<meta property=\"og:image:height\" content=\"1920\" \/>\n\t<meta property=\"og:image:type\" content=\"image\/jpeg\" \/>\n<meta name=\"author\" content=\"Klaudia Bilska\" \/>\n<meta name=\"twitter:card\" content=\"summary_large_image\" \/>\n<meta name=\"twitter:label1\" content=\"Written by\" \/>\n\t<meta name=\"twitter:data1\" content=\"Klaudia Bilska\" \/>\n\t<meta name=\"twitter:label2\" content=\"Est. reading time\" \/>\n\t<meta name=\"twitter:data2\" content=\"2 minuty\" \/>\n<script type=\"application\/ld+json\" class=\"yoast-schema-graph\">{\"@context\":\"https:\/\/schema.org\",\"@graph\":[{\"@type\":\"WebPage\",\"@id\":\"https:\/\/pracownieorange.pl\/debrzno\/konferencja-o-tematyce-ekologicznej\/\",\"url\":\"https:\/\/pracownieorange.pl\/debrzno\/konferencja-o-tematyce-ekologicznej\/\",\"name\":\"Konferencja o tematyce ekologicznej - Pracownia Orange Debrzno\",\"isPartOf\":{\"@id\":\"https:\/\/pracownieorange.pl\/debrzno\/#website\"},\"primaryImageOfPage\":{\"@id\":\"https:\/\/pracownieorange.pl\/debrzno\/konferencja-o-tematyce-ekologicznej\/#primaryimage\"},\"image\":{\"@id\":\"https:\/\/pracownieorange.pl\/debrzno\/konferencja-o-tematyce-ekologicznej\/#primaryimage\"},\"thumbnailUrl\":\"https:\/\/pracownieorange.pl\/app\/uploads\/sites\/101\/2024\/09\/7175be3b-7f66-49cc-848a-b5cd206b9a26-scaled.jpg\",\"datePublished\":\"2024-09-25T10:31:10+00:00\",\"author\":{\"@id\":\"https:\/\/pracownieorange.pl\/debrzno\/#\/schema\/person\/8f63484a1d36ae56d4997eab1b162f67\"},\"breadcrumb\":{\"@id\":\"https:\/\/pracownieorange.pl\/debrzno\/konferencja-o-tematyce-ekologicznej\/#breadcrumb\"},\"inLanguage\":\"pl-PL\",\"potentialAction\":[{\"@type\":\"ReadAction\",\"target\":[\"https:\/\/pracownieorange.pl\/debrzno\/konferencja-o-tematyce-ekologicznej\/\"]}]},{\"@type\":\"ImageObject\",\"inLanguage\":\"pl-PL\",\"@id\":\"https:\/\/pracownieorange.pl\/debrzno\/konferencja-o-tematyce-ekologicznej\/#primaryimage\",\"url\":\"https:\/\/pracownieorange.pl\/app\/uploads\/sites\/101\/2024\/09\/7175be3b-7f66-49cc-848a-b5cd206b9a26-scaled.jpg\",\"contentUrl\":\"https:\/\/pracownieorange.pl\/app\/uploads\/sites\/101\/2024\/09\/7175be3b-7f66-49cc-848a-b5cd206b9a26-scaled.jpg\",\"width\":2560,\"height\":1920,\"caption\":\"Kobieta wy\u015bwietla prezentacj\u0119 na ekranie kinowym, na fotelach siedzi publiczno\u015b\u0107.\"},{\"@type\":\"BreadcrumbList\",\"@id\":\"https:\/\/pracownieorange.pl\/debrzno\/konferencja-o-tematyce-ekologicznej\/#breadcrumb\",\"itemListElement\":[{\"@type\":\"ListItem\",\"position\":1,\"name\":\"Home\",\"item\":\"https:\/\/pracownieorange.pl\/debrzno\/\"},{\"@type\":\"ListItem\",\"position\":2,\"name\":\"Konferencja o tematyce ekologicznej\"}]},{\"@type\":\"WebSite\",\"@id\":\"https:\/\/pracownieorange.pl\/debrzno\/#website\",\"url\":\"https:\/\/pracownieorange.pl\/debrzno\/\",\"name\":\"Pracownia Orange Debrzno\",\"description\":\"\",\"potentialAction\":[{\"@type\":\"SearchAction\",\"target\":{\"@type\":\"EntryPoint\",\"urlTemplate\":\"https:\/\/pracownieorange.pl\/debrzno\/?s={search_term_string}\"},\"query-input\":{\"@type\":\"PropertyValueSpecification\",\"valueRequired\":true,\"valueName\":\"search_term_string\"}}],\"inLanguage\":\"pl-PL\"},{\"@type\":\"Person\",\"@id\":\"https:\/\/pracownieorange.pl\/debrzno\/#\/schema\/person\/8f63484a1d36ae56d4997eab1b162f67\",\"name\":\"Klaudia Bilska\",\"image\":{\"@type\":\"ImageObject\",\"inLanguage\":\"pl-PL\",\"@id\":\"https:\/\/pracownieorange.pl\/debrzno\/#\/schema\/person\/image\/\",\"url\":\"https:\/\/secure.gravatar.com\/avatar\/c590f12ff7fad0be537dd093a9af0dd2?s=96&d=mm&r=g\",\"contentUrl\":\"https:\/\/secure.gravatar.com\/avatar\/c590f12ff7fad0be537dd093a9af0dd2?s=96&d=mm&r=g\",\"caption\":\"Klaudia Bilska\"},\"url\":\"https:\/\/pracownieorange.pl\/debrzno\/author\/klaudiabilska\/\"}]}<\/script>\n<!-- \/ Yoast SEO plugin. -->","yoast_head_json":{"title":"Konferencja o tematyce ekologicznej - Pracownia Orange Debrzno","robots":{"index":"index","follow":"follow","max-snippet":"max-snippet:-1","max-image-preview":"max-image-preview:large","max-video-preview":"max-video-preview:-1"},"canonical":"https:\/\/pracownieorange.pl\/debrzno\/konferencja-o-tematyce-ekologicznej\/","og_locale":"pl_PL","og_type":"article","og_title":"Konferencja o tematyce ekologicznej - Pracownia Orange Debrzno","og_description":"We wtorkowe przedpo\u0142udnie (24 wrze\u015bnia) odby\u0142a si\u0119 w ramach ekogrant\u00f3w [&hellip;]","og_url":"https:\/\/pracownieorange.pl\/debrzno\/konferencja-o-tematyce-ekologicznej\/","og_site_name":"Pracownia Orange Debrzno","article_published_time":"2024-09-25T10:31:10+00:00","og_image":[{"width":2560,"height":1920,"url":"https:\/\/pracownieorange.pl\/app\/uploads\/sites\/101\/2024\/09\/7175be3b-7f66-49cc-848a-b5cd206b9a26-scaled.jpg","type":"image\/jpeg"}],"author":"Klaudia Bilska","twitter_card":"summary_large_image","twitter_misc":{"Written by":"Klaudia Bilska","Est. reading time":"2 minuty"},"schema":{"@context":"https:\/\/schema.org","@graph":[{"@type":"WebPage","@id":"https:\/\/pracownieorange.pl\/debrzno\/konferencja-o-tematyce-ekologicznej\/","url":"https:\/\/pracownieorange.pl\/debrzno\/konferencja-o-tematyce-ekologicznej\/","name":"Konferencja o tematyce ekologicznej - Pracownia Orange Debrzno","isPartOf":{"@id":"https:\/\/pracownieorange.pl\/debrzno\/#website"},"primaryImageOfPage":{"@id":"https:\/\/pracownieorange.pl\/debrzno\/konferencja-o-tematyce-ekologicznej\/#primaryimage"},"image":{"@id":"https:\/\/pracownieorange.pl\/debrzno\/konferencja-o-tematyce-ekologicznej\/#primaryimage"},"thumbnailUrl":"https:\/\/pracownieorange.pl\/app\/uploads\/sites\/101\/2024\/09\/7175be3b-7f66-49cc-848a-b5cd206b9a26-scaled.jpg","datePublished":"2024-09-25T10:31:10+00:00","author":{"@id":"https:\/\/pracownieorange.pl\/debrzno\/#\/schema\/person\/8f63484a1d36ae56d4997eab1b162f67"},"breadcrumb":{"@id":"https:\/\/pracownieorange.pl\/debrzno\/konferencja-o-tematyce-ekologicznej\/#breadcrumb"},"inLanguage":"pl-PL","potentialAction":[{"@type":"ReadAction","target":["https:\/\/pracownieorange.pl\/debrzno\/konferencja-o-tematyce-ekologicznej\/"]}]},{"@type":"ImageObject","inLanguage":"pl-PL","@id":"https:\/\/pracownieorange.pl\/debrzno\/konferencja-o-tematyce-ekologicznej\/#primaryimage","url":"https:\/\/pracownieorange.pl\/app\/uploads\/sites\/101\/2024\/09\/7175be3b-7f66-49cc-848a-b5cd206b9a26-scaled.jpg","contentUrl":"https:\/\/pracownieorange.pl\/app\/uploads\/sites\/101\/2024\/09\/7175be3b-7f66-49cc-848a-b5cd206b9a26-scaled.jpg","width":2560,"height":1920,"caption":"Kobieta wy\u015bwietla prezentacj\u0119 na ekranie kinowym, na fotelach siedzi publiczno\u015b\u0107."},{"@type":"BreadcrumbList","@id":"https:\/\/pracownieorange.pl\/debrzno\/konferencja-o-tematyce-ekologicznej\/#breadcrumb","itemListElement":[{"@type":"ListItem","position":1,"name":"Home","item":"https:\/\/pracownieorange.pl\/debrzno\/"},{"@type":"ListItem","position":2,"name":"Konferencja o tematyce ekologicznej"}]},{"@type":"WebSite","@id":"https:\/\/pracownieorange.pl\/debrzno\/#website","url":"https:\/\/pracownieorange.pl\/debrzno\/","name":"Pracownia Orange Debrzno","description":"","potentialAction":[{"@type":"SearchAction","target":{"@type":"EntryPoint","urlTemplate":"https:\/\/pracownieorange.pl\/debrzno\/?s={search_term_string}"},"query-input":{"@type":"PropertyValueSpecification","valueRequired":true,"valueName":"search_term_string"}}],"inLanguage":"pl-PL"},{"@type":"Person","@id":"https:\/\/pracownieorange.pl\/debrzno\/#\/schema\/person\/8f63484a1d36ae56d4997eab1b162f67","name":"Klaudia Bilska","image":{"@type":"ImageObject","inLanguage":"pl-PL","@id":"https:\/\/pracownieorange.pl\/debrzno\/#\/schema\/person\/image\/","url":"https:\/\/secure.gravatar.com\/avatar\/c590f12ff7fad0be537dd093a9af0dd2?s=96&d=mm&r=g","contentUrl":"https:\/\/secure.gravatar.com\/avatar\/c590f12ff7fad0be537dd093a9af0dd2?s=96&d=mm&r=g","caption":"Klaudia Bilska"},"url":"https:\/\/pracownieorange.pl\/debrzno\/author\/klaudiabilska\/"}]}},"_links":{"self":[{"href":"https:\/\/pracownieorange.pl\/debrzno\/wp-json\/wp\/v2\/posts\/141","targetHints":{"allow":["GET"]}}],"collection":[{"href":"https:\/\/pracownieorange.pl\/debrzno\/wp-json\/wp\/v2\/posts"}],"about":[{"href":"https:\/\/pracownieorange.pl\/debrzno\/wp-json\/wp\/v2\/types\/post"}],"author":[{"embeddable":true,"href":"https:\/\/pracownieorange.pl\/debrzno\/wp-json\/wp\/v2\/users\/204"}],"replies":[{"embeddable":true,"href":"https:\/\/pracownieorange.pl\/debrzno\/wp-json\/wp\/v2\/comments?post=141"}],"version-history":[{"count":1,"href":"https:\/\/pracownieorange.pl\/debrzno\/wp-json\/wp\/v2\/posts\/141\/revisions"}],"predecessor-version":[{"id":147,"href":"https:\/\/pracownieorange.pl\/debrzno\/wp-json\/wp\/v2\/posts\/141\/revisions\/147"}],"wp:featuredmedia":[{"embeddable":true,"href":"https:\/\/pracownieorange.pl\/debrzno\/wp-json\/wp\/v2\/media\/142"}],"wp:attachment":[{"href":"https:\/\/pracownieorange.pl\/debrzno\/wp-json\/wp\/v2\/media?parent=141"}],"wp:term":[{"taxonomy":"category","embeddable":true,"href":"https:\/\/pracownieorange.pl\/debrzno\/wp-json\/wp\/v2\/categories?post=141"},{"taxonomy":"post_tag","embeddable":true,"href":"https:\/\/pracownieorange.pl\/debrzno\/wp-json\/wp\/v2\/tags?post=141"}],"curies":[{"name":"wp","href":"https:\/\/api.w.org\/{rel}","templated":true}]}}