

{"id":91,"date":"2024-04-19T09:44:50","date_gmt":"2024-04-19T07:44:50","guid":{"rendered":"https:\/\/pracownieorange.pl\/debrzno\/?post_type=news&#038;p=91"},"modified":"2024-04-22T13:52:28","modified_gmt":"2024-04-22T11:52:28","slug":"naturalne-kosmetyki","status":"publish","type":"news","link":"https:\/\/pracownieorange.pl\/debrzno\/news\/naturalne-kosmetyki\/","title":{"rendered":"Naturalne kosmetyki"},"content":{"rendered":"<div dir=\"auto\">W pi\u0105tek (12 kwietnia) odby\u0142y si\u0119 warsztaty dotycz\u0105ce naturalnych kosmetyk\u00f3w.<\/div>\n<div dir=\"auto\"><\/div>\n<div dir=\"auto\">Na pocz\u0105tku nasza prowadz\u0105ca przeprowadzi\u0142a rozmow\u0119 oraz pokaza\u0142a prezentacj\u0119 dotycz\u0105c\u0105 dbania o nasze cia\u0142o. Warto si\u0119ga\u0107 po naturalne sk\u0142adniki, kt\u00f3re utrzymaj\u0105 nasz\u0105 cer\u0119 w dobrej kondycji.<\/div>\n<div dir=\"auto\"><\/div>\n<div dir=\"auto\">Nasze uczestniczki korzystaj\u0105c z produkt\u00f3w \u0142atwo dost\u0119pnych w ka\u017cdym sklepie przygotowa\u0142y:<\/div>\n<ul>\n<li dir=\"auto\">Serum do twarzy<\/li>\n<li dir=\"auto\">Cukrowy pelling kawowy<\/li>\n<li dir=\"auto\">Peelinguj\u0105c\u0105 mask\u0119<\/li>\n<li dir=\"auto\">Mask\u0119 do w\u0142os\u00f3w<\/li>\n<\/ul>\n<div dir=\"auto\">Warsztaty cieszy\u0142y si\u0119 wielkim zainteresowaniem, na koniec Panie poprosi\u0142y o wydrukowane przepisy na kosmetyki \ud83d\ude42<\/div>\n<div dir=\"auto\">Dzi\u0119kujemy za tak liczne zainteresowanie naszymi warsztatami.<\/div>\n","protected":false},"excerpt":{"rendered":"<p>W pi\u0105tek (12 kwietnia) odby\u0142y si\u0119 warsztaty dotycz\u0105ce naturalnych kosmetyk\u00f3w. [&hellip;]<\/p>\n","protected":false},"author":204,"featured_media":84,"comment_status":"open","ping_status":"closed","template":"","class_list":["post-91","news","type-news","status-publish","has-post-thumbnail","hentry"],"acf":[],"yoast_head":"<!-- This site is optimized with the Yoast SEO plugin v24.5 - https:\/\/yoast.com\/wordpress\/plugins\/seo\/ -->\n<title>Naturalne kosmetyki - Pracownia Orange Debrzno<\/title>\n<meta name=\"robots\" content=\"index, follow, max-snippet:-1, max-image-preview:large, max-video-preview:-1\" \/>\n<link rel=\"canonical\" href=\"https:\/\/pracownieorange.pl\/debrzno\/news\/naturalne-kosmetyki\/\" \/>\n<meta property=\"og:locale\" content=\"pl_PL\" \/>\n<meta property=\"og:type\" content=\"article\" \/>\n<meta property=\"og:title\" content=\"Naturalne kosmetyki - Pracownia Orange Debrzno\" \/>\n<meta property=\"og:description\" content=\"W pi\u0105tek (12 kwietnia) odby\u0142y si\u0119 warsztaty dotycz\u0105ce naturalnych kosmetyk\u00f3w. [&hellip;]\" \/>\n<meta property=\"og:url\" content=\"https:\/\/pracownieorange.pl\/debrzno\/news\/naturalne-kosmetyki\/\" \/>\n<meta property=\"og:site_name\" content=\"Pracownia Orange Debrzno\" \/>\n<meta property=\"article:modified_time\" content=\"2024-04-22T11:52:28+00:00\" \/>\n<meta property=\"og:image\" content=\"https:\/\/pracownieorange.pl\/app\/uploads\/sites\/101\/2024\/04\/DSC_0917-scaled.jpg\" \/>\n\t<meta property=\"og:image:width\" content=\"2560\" \/>\n\t<meta property=\"og:image:height\" content=\"1707\" \/>\n\t<meta property=\"og:image:type\" content=\"image\/jpeg\" \/>\n<meta name=\"twitter:card\" content=\"summary_large_image\" \/>\n<meta name=\"twitter:label1\" content=\"Est. reading time\" \/>\n\t<meta name=\"twitter:data1\" content=\"1 minuta\" \/>\n<script type=\"application\/ld+json\" class=\"yoast-schema-graph\">{\"@context\":\"https:\/\/schema.org\",\"@graph\":[{\"@type\":\"WebPage\",\"@id\":\"https:\/\/pracownieorange.pl\/debrzno\/news\/naturalne-kosmetyki\/\",\"url\":\"https:\/\/pracownieorange.pl\/debrzno\/news\/naturalne-kosmetyki\/\",\"name\":\"Naturalne kosmetyki - Pracownia Orange Debrzno\",\"isPartOf\":{\"@id\":\"https:\/\/pracownieorange.pl\/debrzno\/#website\"},\"primaryImageOfPage\":{\"@id\":\"https:\/\/pracownieorange.pl\/debrzno\/news\/naturalne-kosmetyki\/#primaryimage\"},\"image\":{\"@id\":\"https:\/\/pracownieorange.pl\/debrzno\/news\/naturalne-kosmetyki\/#primaryimage\"},\"thumbnailUrl\":\"https:\/\/pracownieorange.pl\/app\/uploads\/sites\/101\/2024\/04\/DSC_0917-scaled.jpg\",\"datePublished\":\"2024-04-19T07:44:50+00:00\",\"dateModified\":\"2024-04-22T11:52:28+00:00\",\"breadcrumb\":{\"@id\":\"https:\/\/pracownieorange.pl\/debrzno\/news\/naturalne-kosmetyki\/#breadcrumb\"},\"inLanguage\":\"pl-PL\",\"potentialAction\":[{\"@type\":\"ReadAction\",\"target\":[\"https:\/\/pracownieorange.pl\/debrzno\/news\/naturalne-kosmetyki\/\"]}]},{\"@type\":\"ImageObject\",\"inLanguage\":\"pl-PL\",\"@id\":\"https:\/\/pracownieorange.pl\/debrzno\/news\/naturalne-kosmetyki\/#primaryimage\",\"url\":\"https:\/\/pracownieorange.pl\/app\/uploads\/sites\/101\/2024\/04\/DSC_0917-scaled.jpg\",\"contentUrl\":\"https:\/\/pracownieorange.pl\/app\/uploads\/sites\/101\/2024\/04\/DSC_0917-scaled.jpg\",\"width\":2560,\"height\":1707,\"caption\":\"grupa kobiet tworzy naturalne kosmetyki z miodu i innych produkt\u00f3w\"},{\"@type\":\"BreadcrumbList\",\"@id\":\"https:\/\/pracownieorange.pl\/debrzno\/news\/naturalne-kosmetyki\/#breadcrumb\",\"itemListElement\":[{\"@type\":\"ListItem\",\"position\":1,\"name\":\"Home\",\"item\":\"https:\/\/pracownieorange.pl\/debrzno\/\"},{\"@type\":\"ListItem\",\"position\":2,\"name\":\"Aktualno\u015bci\",\"item\":\"https:\/\/pracownieorange.pl\/debrzno\/news\/\"},{\"@type\":\"ListItem\",\"position\":3,\"name\":\"Naturalne kosmetyki\"}]},{\"@type\":\"WebSite\",\"@id\":\"https:\/\/pracownieorange.pl\/debrzno\/#website\",\"url\":\"https:\/\/pracownieorange.pl\/debrzno\/\",\"name\":\"Pracownia Orange Debrzno\",\"description\":\"\",\"potentialAction\":[{\"@type\":\"SearchAction\",\"target\":{\"@type\":\"EntryPoint\",\"urlTemplate\":\"https:\/\/pracownieorange.pl\/debrzno\/?s={search_term_string}\"},\"query-input\":{\"@type\":\"PropertyValueSpecification\",\"valueRequired\":true,\"valueName\":\"search_term_string\"}}],\"inLanguage\":\"pl-PL\"}]}<\/script>\n<!-- \/ Yoast SEO plugin. -->","yoast_head_json":{"title":"Naturalne kosmetyki - Pracownia Orange Debrzno","robots":{"index":"index","follow":"follow","max-snippet":"max-snippet:-1","max-image-preview":"max-image-preview:large","max-video-preview":"max-video-preview:-1"},"canonical":"https:\/\/pracownieorange.pl\/debrzno\/news\/naturalne-kosmetyki\/","og_locale":"pl_PL","og_type":"article","og_title":"Naturalne kosmetyki - Pracownia Orange Debrzno","og_description":"W pi\u0105tek (12 kwietnia) odby\u0142y si\u0119 warsztaty dotycz\u0105ce naturalnych kosmetyk\u00f3w. [&hellip;]","og_url":"https:\/\/pracownieorange.pl\/debrzno\/news\/naturalne-kosmetyki\/","og_site_name":"Pracownia Orange Debrzno","article_modified_time":"2024-04-22T11:52:28+00:00","og_image":[{"width":2560,"height":1707,"url":"https:\/\/pracownieorange.pl\/app\/uploads\/sites\/101\/2024\/04\/DSC_0917-scaled.jpg","type":"image\/jpeg"}],"twitter_card":"summary_large_image","twitter_misc":{"Est. reading time":"1 minuta"},"schema":{"@context":"https:\/\/schema.org","@graph":[{"@type":"WebPage","@id":"https:\/\/pracownieorange.pl\/debrzno\/news\/naturalne-kosmetyki\/","url":"https:\/\/pracownieorange.pl\/debrzno\/news\/naturalne-kosmetyki\/","name":"Naturalne kosmetyki - Pracownia Orange Debrzno","isPartOf":{"@id":"https:\/\/pracownieorange.pl\/debrzno\/#website"},"primaryImageOfPage":{"@id":"https:\/\/pracownieorange.pl\/debrzno\/news\/naturalne-kosmetyki\/#primaryimage"},"image":{"@id":"https:\/\/pracownieorange.pl\/debrzno\/news\/naturalne-kosmetyki\/#primaryimage"},"thumbnailUrl":"https:\/\/pracownieorange.pl\/app\/uploads\/sites\/101\/2024\/04\/DSC_0917-scaled.jpg","datePublished":"2024-04-19T07:44:50+00:00","dateModified":"2024-04-22T11:52:28+00:00","breadcrumb":{"@id":"https:\/\/pracownieorange.pl\/debrzno\/news\/naturalne-kosmetyki\/#breadcrumb"},"inLanguage":"pl-PL","potentialAction":[{"@type":"ReadAction","target":["https:\/\/pracownieorange.pl\/debrzno\/news\/naturalne-kosmetyki\/"]}]},{"@type":"ImageObject","inLanguage":"pl-PL","@id":"https:\/\/pracownieorange.pl\/debrzno\/news\/naturalne-kosmetyki\/#primaryimage","url":"https:\/\/pracownieorange.pl\/app\/uploads\/sites\/101\/2024\/04\/DSC_0917-scaled.jpg","contentUrl":"https:\/\/pracownieorange.pl\/app\/uploads\/sites\/101\/2024\/04\/DSC_0917-scaled.jpg","width":2560,"height":1707,"caption":"grupa kobiet tworzy naturalne kosmetyki z miodu i innych produkt\u00f3w"},{"@type":"BreadcrumbList","@id":"https:\/\/pracownieorange.pl\/debrzno\/news\/naturalne-kosmetyki\/#breadcrumb","itemListElement":[{"@type":"ListItem","position":1,"name":"Home","item":"https:\/\/pracownieorange.pl\/debrzno\/"},{"@type":"ListItem","position":2,"name":"Aktualno\u015bci","item":"https:\/\/pracownieorange.pl\/debrzno\/news\/"},{"@type":"ListItem","position":3,"name":"Naturalne kosmetyki"}]},{"@type":"WebSite","@id":"https:\/\/pracownieorange.pl\/debrzno\/#website","url":"https:\/\/pracownieorange.pl\/debrzno\/","name":"Pracownia Orange Debrzno","description":"","potentialAction":[{"@type":"SearchAction","target":{"@type":"EntryPoint","urlTemplate":"https:\/\/pracownieorange.pl\/debrzno\/?s={search_term_string}"},"query-input":{"@type":"PropertyValueSpecification","valueRequired":true,"valueName":"search_term_string"}}],"inLanguage":"pl-PL"}]}},"_links":{"self":[{"href":"https:\/\/pracownieorange.pl\/debrzno\/wp-json\/wp\/v2\/news\/91","targetHints":{"allow":["GET"]}}],"collection":[{"href":"https:\/\/pracownieorange.pl\/debrzno\/wp-json\/wp\/v2\/news"}],"about":[{"href":"https:\/\/pracownieorange.pl\/debrzno\/wp-json\/wp\/v2\/types\/news"}],"author":[{"embeddable":true,"href":"https:\/\/pracownieorange.pl\/debrzno\/wp-json\/wp\/v2\/users\/204"}],"replies":[{"embeddable":true,"href":"https:\/\/pracownieorange.pl\/debrzno\/wp-json\/wp\/v2\/comments?post=91"}],"wp:featuredmedia":[{"embeddable":true,"href":"https:\/\/pracownieorange.pl\/debrzno\/wp-json\/wp\/v2\/media\/84"}],"wp:attachment":[{"href":"https:\/\/pracownieorange.pl\/debrzno\/wp-json\/wp\/v2\/media?parent=91"}],"curies":[{"name":"wp","href":"https:\/\/api.w.org\/{rel}","templated":true}]}}