

{"id":75,"date":"2024-03-26T11:24:06","date_gmt":"2024-03-26T10:24:06","guid":{"rendered":"https:\/\/pracownieorange.pl\/debrzno\/?post_type=news&#038;p=75"},"modified":"2024-03-28T13:13:07","modified_gmt":"2024-03-28T12:13:07","slug":"wiosna","status":"publish","type":"news","link":"https:\/\/pracownieorange.pl\/debrzno\/news\/wiosna\/","title":{"rendered":"Wiosna!"},"content":{"rendered":"<p>11 marca w naszej pracowni zorganizowali\u015bmy zaj\u0119cia pt. Wiosna z ozobotami.<\/p>\n<p>By\u0142 to czas przede wszystkim dla dzieci, kt\u00f3re nie ucz\u0119szczaj\u0105 w cotygodniowych zaj\u0119ciach multimedialnych. Mogli\u015bmy pokaza\u0107 im, jak mo\u017cna sp\u0119dzi\u0107 czas przy kodowaniu i wsp\u00f3lnej edukacji. Tym razem postawili\u015bmy na niezawodne ozoboty. Malutkie robociki, ale dzia\u0142aj\u0105ce cuda. Koduj\u0105c tras\u0119, nasze ma\u0142e urz\u0105dzenia przemierzy\u0142y drog\u0119 od zimy do wiosny, wykorzystuj\u0105c kody pr\u0119dko\u015bci.<\/p>\n<p>Jak witali\u015bmy jeszcze wiosn\u0119 w pracowni?<br \/>\nOdby\u0142y si\u0119 tak\u017ce warsztaty kreatywne &#8211; niebawem poka\u017cemy Wam nasze prace. W tym miesi\u0105cu osi\u0105gn\u0119li\u015bmy dodatkowo ma\u0142y sukces. Dla naszej m\u0142odzie\u017cy stworzyli\u015bmy miejsce spotka\u0144. Dzi\u0119ki wsp\u00f3\u0142pracy z M\u0142odzie\u017cow\u0105 Rad\u0105 Miasta chcemy przyci\u0105gn\u0105\u0107 jak najwi\u0119ksze grono m\u0142odych ludzi. Mamy nadziej\u0119, \u017ce nam si\u0119 uda i ju\u017c niebawem podzielimy si\u0119 z Wami naszym dzia\u0142aniem&#8230;. a jeste\u015bmy ju\u017c po pierwszym wsp\u00f3lnym spotkaniu \ud83d\ude42<\/p>\n","protected":false},"excerpt":{"rendered":"<p>11 marca w naszej pracowni zorganizowali\u015bmy zaj\u0119cia pt. Wiosna z [&hellip;]<\/p>\n","protected":false},"author":204,"featured_media":76,"comment_status":"open","ping_status":"closed","template":"","class_list":["post-75","news","type-news","status-publish","has-post-thumbnail","hentry"],"acf":[],"yoast_head":"<!-- This site is optimized with the Yoast SEO plugin v24.5 - https:\/\/yoast.com\/wordpress\/plugins\/seo\/ -->\n<title>Wiosna! - Pracownia Orange Debrzno<\/title>\n<meta name=\"robots\" content=\"index, follow, max-snippet:-1, max-image-preview:large, max-video-preview:-1\" \/>\n<link rel=\"canonical\" href=\"https:\/\/pracownieorange.pl\/debrzno\/news\/wiosna\/\" \/>\n<meta property=\"og:locale\" content=\"pl_PL\" \/>\n<meta property=\"og:type\" content=\"article\" \/>\n<meta property=\"og:title\" content=\"Wiosna! - Pracownia Orange Debrzno\" \/>\n<meta property=\"og:description\" content=\"11 marca w naszej pracowni zorganizowali\u015bmy zaj\u0119cia pt. Wiosna z [&hellip;]\" \/>\n<meta property=\"og:url\" content=\"https:\/\/pracownieorange.pl\/debrzno\/news\/wiosna\/\" \/>\n<meta property=\"og:site_name\" content=\"Pracownia Orange Debrzno\" \/>\n<meta property=\"article:modified_time\" content=\"2024-03-28T12:13:07+00:00\" \/>\n<meta property=\"og:image\" content=\"https:\/\/pracownieorange.pl\/app\/uploads\/sites\/101\/2024\/03\/f61ebf1f-b0a2-4660-9605-84fd674c46ed.jpg\" \/>\n\t<meta property=\"og:image:width\" content=\"2000\" \/>\n\t<meta property=\"og:image:height\" content=\"1128\" \/>\n\t<meta property=\"og:image:type\" content=\"image\/jpeg\" \/>\n<meta name=\"twitter:card\" content=\"summary_large_image\" \/>\n<meta name=\"twitter:label1\" content=\"Est. reading time\" \/>\n\t<meta name=\"twitter:data1\" content=\"1 minuta\" \/>\n<script type=\"application\/ld+json\" class=\"yoast-schema-graph\">{\"@context\":\"https:\/\/schema.org\",\"@graph\":[{\"@type\":\"WebPage\",\"@id\":\"https:\/\/pracownieorange.pl\/debrzno\/news\/wiosna\/\",\"url\":\"https:\/\/pracownieorange.pl\/debrzno\/news\/wiosna\/\",\"name\":\"Wiosna! - Pracownia Orange Debrzno\",\"isPartOf\":{\"@id\":\"https:\/\/pracownieorange.pl\/debrzno\/#website\"},\"primaryImageOfPage\":{\"@id\":\"https:\/\/pracownieorange.pl\/debrzno\/news\/wiosna\/#primaryimage\"},\"image\":{\"@id\":\"https:\/\/pracownieorange.pl\/debrzno\/news\/wiosna\/#primaryimage\"},\"thumbnailUrl\":\"https:\/\/pracownieorange.pl\/app\/uploads\/sites\/101\/2024\/03\/f61ebf1f-b0a2-4660-9605-84fd674c46ed.jpg\",\"datePublished\":\"2024-03-26T10:24:06+00:00\",\"dateModified\":\"2024-03-28T12:13:07+00:00\",\"breadcrumb\":{\"@id\":\"https:\/\/pracownieorange.pl\/debrzno\/news\/wiosna\/#breadcrumb\"},\"inLanguage\":\"pl-PL\",\"potentialAction\":[{\"@type\":\"ReadAction\",\"target\":[\"https:\/\/pracownieorange.pl\/debrzno\/news\/wiosna\/\"]}]},{\"@type\":\"ImageObject\",\"inLanguage\":\"pl-PL\",\"@id\":\"https:\/\/pracownieorange.pl\/debrzno\/news\/wiosna\/#primaryimage\",\"url\":\"https:\/\/pracownieorange.pl\/app\/uploads\/sites\/101\/2024\/03\/f61ebf1f-b0a2-4660-9605-84fd674c46ed.jpg\",\"contentUrl\":\"https:\/\/pracownieorange.pl\/app\/uploads\/sites\/101\/2024\/03\/f61ebf1f-b0a2-4660-9605-84fd674c46ed.jpg\",\"width\":2000,\"height\":1128,\"caption\":\"Malowanie trasy dla ozobot\u00f3w.\"},{\"@type\":\"BreadcrumbList\",\"@id\":\"https:\/\/pracownieorange.pl\/debrzno\/news\/wiosna\/#breadcrumb\",\"itemListElement\":[{\"@type\":\"ListItem\",\"position\":1,\"name\":\"Home\",\"item\":\"https:\/\/pracownieorange.pl\/debrzno\/\"},{\"@type\":\"ListItem\",\"position\":2,\"name\":\"Aktualno\u015bci\",\"item\":\"https:\/\/pracownieorange.pl\/debrzno\/news\/\"},{\"@type\":\"ListItem\",\"position\":3,\"name\":\"Wiosna!\"}]},{\"@type\":\"WebSite\",\"@id\":\"https:\/\/pracownieorange.pl\/debrzno\/#website\",\"url\":\"https:\/\/pracownieorange.pl\/debrzno\/\",\"name\":\"Pracownia Orange Debrzno\",\"description\":\"\",\"potentialAction\":[{\"@type\":\"SearchAction\",\"target\":{\"@type\":\"EntryPoint\",\"urlTemplate\":\"https:\/\/pracownieorange.pl\/debrzno\/?s={search_term_string}\"},\"query-input\":{\"@type\":\"PropertyValueSpecification\",\"valueRequired\":true,\"valueName\":\"search_term_string\"}}],\"inLanguage\":\"pl-PL\"}]}<\/script>\n<!-- \/ Yoast SEO plugin. -->","yoast_head_json":{"title":"Wiosna! - Pracownia Orange Debrzno","robots":{"index":"index","follow":"follow","max-snippet":"max-snippet:-1","max-image-preview":"max-image-preview:large","max-video-preview":"max-video-preview:-1"},"canonical":"https:\/\/pracownieorange.pl\/debrzno\/news\/wiosna\/","og_locale":"pl_PL","og_type":"article","og_title":"Wiosna! - Pracownia Orange Debrzno","og_description":"11 marca w naszej pracowni zorganizowali\u015bmy zaj\u0119cia pt. Wiosna z [&hellip;]","og_url":"https:\/\/pracownieorange.pl\/debrzno\/news\/wiosna\/","og_site_name":"Pracownia Orange Debrzno","article_modified_time":"2024-03-28T12:13:07+00:00","og_image":[{"width":2000,"height":1128,"url":"https:\/\/pracownieorange.pl\/app\/uploads\/sites\/101\/2024\/03\/f61ebf1f-b0a2-4660-9605-84fd674c46ed.jpg","type":"image\/jpeg"}],"twitter_card":"summary_large_image","twitter_misc":{"Est. reading time":"1 minuta"},"schema":{"@context":"https:\/\/schema.org","@graph":[{"@type":"WebPage","@id":"https:\/\/pracownieorange.pl\/debrzno\/news\/wiosna\/","url":"https:\/\/pracownieorange.pl\/debrzno\/news\/wiosna\/","name":"Wiosna! - Pracownia Orange Debrzno","isPartOf":{"@id":"https:\/\/pracownieorange.pl\/debrzno\/#website"},"primaryImageOfPage":{"@id":"https:\/\/pracownieorange.pl\/debrzno\/news\/wiosna\/#primaryimage"},"image":{"@id":"https:\/\/pracownieorange.pl\/debrzno\/news\/wiosna\/#primaryimage"},"thumbnailUrl":"https:\/\/pracownieorange.pl\/app\/uploads\/sites\/101\/2024\/03\/f61ebf1f-b0a2-4660-9605-84fd674c46ed.jpg","datePublished":"2024-03-26T10:24:06+00:00","dateModified":"2024-03-28T12:13:07+00:00","breadcrumb":{"@id":"https:\/\/pracownieorange.pl\/debrzno\/news\/wiosna\/#breadcrumb"},"inLanguage":"pl-PL","potentialAction":[{"@type":"ReadAction","target":["https:\/\/pracownieorange.pl\/debrzno\/news\/wiosna\/"]}]},{"@type":"ImageObject","inLanguage":"pl-PL","@id":"https:\/\/pracownieorange.pl\/debrzno\/news\/wiosna\/#primaryimage","url":"https:\/\/pracownieorange.pl\/app\/uploads\/sites\/101\/2024\/03\/f61ebf1f-b0a2-4660-9605-84fd674c46ed.jpg","contentUrl":"https:\/\/pracownieorange.pl\/app\/uploads\/sites\/101\/2024\/03\/f61ebf1f-b0a2-4660-9605-84fd674c46ed.jpg","width":2000,"height":1128,"caption":"Malowanie trasy dla ozobot\u00f3w."},{"@type":"BreadcrumbList","@id":"https:\/\/pracownieorange.pl\/debrzno\/news\/wiosna\/#breadcrumb","itemListElement":[{"@type":"ListItem","position":1,"name":"Home","item":"https:\/\/pracownieorange.pl\/debrzno\/"},{"@type":"ListItem","position":2,"name":"Aktualno\u015bci","item":"https:\/\/pracownieorange.pl\/debrzno\/news\/"},{"@type":"ListItem","position":3,"name":"Wiosna!"}]},{"@type":"WebSite","@id":"https:\/\/pracownieorange.pl\/debrzno\/#website","url":"https:\/\/pracownieorange.pl\/debrzno\/","name":"Pracownia Orange Debrzno","description":"","potentialAction":[{"@type":"SearchAction","target":{"@type":"EntryPoint","urlTemplate":"https:\/\/pracownieorange.pl\/debrzno\/?s={search_term_string}"},"query-input":{"@type":"PropertyValueSpecification","valueRequired":true,"valueName":"search_term_string"}}],"inLanguage":"pl-PL"}]}},"_links":{"self":[{"href":"https:\/\/pracownieorange.pl\/debrzno\/wp-json\/wp\/v2\/news\/75","targetHints":{"allow":["GET"]}}],"collection":[{"href":"https:\/\/pracownieorange.pl\/debrzno\/wp-json\/wp\/v2\/news"}],"about":[{"href":"https:\/\/pracownieorange.pl\/debrzno\/wp-json\/wp\/v2\/types\/news"}],"author":[{"embeddable":true,"href":"https:\/\/pracownieorange.pl\/debrzno\/wp-json\/wp\/v2\/users\/204"}],"replies":[{"embeddable":true,"href":"https:\/\/pracownieorange.pl\/debrzno\/wp-json\/wp\/v2\/comments?post=75"}],"wp:featuredmedia":[{"embeddable":true,"href":"https:\/\/pracownieorange.pl\/debrzno\/wp-json\/wp\/v2\/media\/76"}],"wp:attachment":[{"href":"https:\/\/pracownieorange.pl\/debrzno\/wp-json\/wp\/v2\/media?parent=75"}],"curies":[{"name":"wp","href":"https:\/\/api.w.org\/{rel}","templated":true}]}}