

{"id":201,"date":"2025-12-09T08:51:21","date_gmt":"2025-12-09T07:51:21","guid":{"rendered":"https:\/\/pracownieorange.pl\/debrzno\/?post_type=news&#038;p=201"},"modified":"2025-12-09T11:05:12","modified_gmt":"2025-12-09T10:05:12","slug":"warsztaty-swiateczne","status":"publish","type":"news","link":"https:\/\/pracownieorange.pl\/debrzno\/news\/warsztaty-swiateczne\/","title":{"rendered":"Warsztaty \u015awi\u0105teczne"},"content":{"rendered":"<p data-start=\"0\" data-end=\"54\"><span class=\"html-span xexx8yu xyri2b x18d9i69 x1c1uobl x1hl2dhg x16tdsg8 x1vvkbs x3nfvp2 x1j61x8r x1fcty0u xdj266r xat24cr xm2jcoa x1mpyi22 xxymvpz xlup9mm x1kky2od\"><img loading=\"lazy\" decoding=\"async\" class=\"xz74otr x15mokao x1ga7v0g x16uus16 xbiv7yw\" src=\"https:\/\/static.xx.fbcdn.net\/images\/emoji.php\/v9\/t7\/1\/16\/1f384.png\" alt=\"\ud83c\udf84\" width=\"16\" height=\"16\" \/><\/span><span class=\"html-span xexx8yu xyri2b x18d9i69 x1c1uobl x1hl2dhg x16tdsg8 x1vvkbs x3nfvp2 x1j61x8r x1fcty0u xdj266r xat24cr xm2jcoa x1mpyi22 xxymvpz xlup9mm x1kky2od\"><img loading=\"lazy\" decoding=\"async\" class=\"xz74otr x15mokao x1ga7v0g x16uus16 xbiv7yw\" src=\"https:\/\/static.xx.fbcdn.net\/images\/emoji.php\/v9\/tf4\/1\/16\/2728.png\" alt=\"\u2728\" width=\"16\" height=\"16\" \/><\/span>Warsztaty \u015awi\u0105teczne \u2013 Tworzenie Pachn\u0105cych Wiank\u00f3w!<span class=\"html-span xexx8yu xyri2b x18d9i69 x1c1uobl x1hl2dhg x16tdsg8 x1vvkbs x3nfvp2 x1j61x8r x1fcty0u xdj266r xat24cr xm2jcoa x1mpyi22 xxymvpz xlup9mm x1kky2od\"><img loading=\"lazy\" decoding=\"async\" class=\"xz74otr x15mokao x1ga7v0g x16uus16 xbiv7yw\" src=\"https:\/\/static.xx.fbcdn.net\/images\/emoji.php\/v9\/t7\/1\/16\/1f384.png\" alt=\"\ud83c\udf84\" width=\"16\" height=\"16\" \/><\/span><span class=\"html-span xexx8yu xyri2b x18d9i69 x1c1uobl x1hl2dhg x16tdsg8 x1vvkbs x3nfvp2 x1j61x8r x1fcty0u xdj266r xat24cr xm2jcoa x1mpyi22 xxymvpz xlup9mm x1kky2od\"><img loading=\"lazy\" decoding=\"async\" class=\"xz74otr x15mokao x1ga7v0g x16uus16 xbiv7yw\" src=\"https:\/\/static.xx.fbcdn.net\/images\/emoji.php\/v9\/tf4\/1\/16\/2728.png\" alt=\"\u2728\" width=\"16\" height=\"16\" \/><\/span><\/p>\n<p data-start=\"56\" data-end=\"601\" data-is-last-node=\"\" data-is-only-node=\"\">Zapraszamy wszystkie rodziny z dzie\u0107mi na wyj\u0105tkowe, bezp\u0142atne warsztaty, podczas kt\u00f3rych wsp\u00f3lnie stworzymy w\u0142asne \u015bwi\u0105teczne, aromatyczne wianki. W otoczeniu zapachu igliwia, suszonych owoc\u00f3w i korzennych przypraw wyczarujemy pi\u0119kne dekoracje, kt\u00f3re wprowadz\u0105 do dom\u00f3w prawdziwie \u015bwi\u0105teczny klimat. To idealna okazja, aby na chwil\u0119 zwolni\u0107 tempo, oderwa\u0107 si\u0119 od przed\u015bwi\u0105tecznego zgie\u0142ku i sp\u0119dzi\u0107 warto\u015bciowy czas razem \u2013 kreatywnie, rado\u015bnie i w rodzinnej atmosferze. Wszystkie materia\u0142y zapewniamy, a u\u015bmiech i dobra zabawa s\u0105 gwarantowane!<span class=\"html-span xexx8yu xyri2b x18d9i69 x1c1uobl x1hl2dhg x16tdsg8 x1vvkbs x3nfvp2 x1j61x8r x1fcty0u xdj266r xat24cr xm2jcoa x1mpyi22 xxymvpz xlup9mm x1kky2od\"><img loading=\"lazy\" decoding=\"async\" class=\"xz74otr x15mokao x1ga7v0g x16uus16 xbiv7yw\" src=\"https:\/\/static.xx.fbcdn.net\/images\/emoji.php\/v9\/t88\/1\/16\/1f385.png\" alt=\"\ud83c\udf85\" width=\"16\" height=\"16\" \/><\/span><span class=\"html-span xexx8yu xyri2b x18d9i69 x1c1uobl x1hl2dhg x16tdsg8 x1vvkbs x3nfvp2 x1j61x8r x1fcty0u xdj266r xat24cr xm2jcoa x1mpyi22 xxymvpz xlup9mm x1kky2od\"><img loading=\"lazy\" decoding=\"async\" class=\"xz74otr x15mokao x1ga7v0g x16uus16 xbiv7yw\" src=\"https:\/\/static.xx.fbcdn.net\/images\/emoji.php\/v9\/t88\/1\/16\/1f385.png\" alt=\"\ud83c\udf85\" width=\"16\" height=\"16\" \/><\/span><\/p>\n<p>&nbsp;<\/p>\n<p>Liczba miejsc jest ograniczona \u2014 zapisy pod numerem: 537 052 776.<br class=\"html-br\" \/>Warsztaty poprowadzi\u00a0 <span class=\"html-span xdj266r x14z9mp xat24cr x1lziwak xexx8yu xyri2b x18d9i69 x1c1uobl x1hl2dhg x16tdsg8 x1vvkbs\"><a class=\"x1i10hfl xjbqb8w x1ejq31n x18oe1m7 x1sy0etr xstzfhl x972fbf x10w94by x1qhh985 x14e42zd x9f619 x1ypdohk xt0psk2 x3ct3a4 xdj266r x14z9mp xat24cr x1lziwak xexx8yu xyri2b x18d9i69 x1c1uobl x16tdsg8 x1hl2dhg xggy1nq x1a2a7pz xkrqix3 x1sur9pj xzsf02u x1s688f\" role=\"link\" href=\"https:\/\/www.facebook.com\/profile.php?id=61550831932847&amp;__cft__[0]=AZWEP0XOs2CFBA4aFZkEjiobu57LfoTOMd4Vp63iaO4KTNnaGOHBwZhS0jZ5s-8ikKOFG7p1FekdNKCThbmPlkFySp7W_zYu2zqHvNtCb6k9nXZ9Dj8YGedXD1Pl9xgoVBBu_jSWnIPtkoEZrm2slBTLrvtpFbp-5v42oLoJOVpI5ALQ7gxChFzKY5KcKaes6og&amp;__tn__=-]K*F\"><span class=\"xt0psk2\"><span class=\"xjp7ctv\">Zielona Pracownia. Z mi\u0142o\u015bci do dziko\u015bci.<\/span><\/span><\/a><\/span><\/p>\n<p>&nbsp;<\/p>\n","protected":false},"excerpt":{"rendered":"<p>Warsztaty \u015awi\u0105teczne \u2013 Tworzenie Pachn\u0105cych Wiank\u00f3w! Zapraszamy wszystkie rodziny z [&hellip;]<\/p>\n","protected":false},"author":204,"featured_media":202,"comment_status":"open","ping_status":"closed","template":"","class_list":["post-201","news","type-news","status-publish","has-post-thumbnail","hentry"],"acf":[],"yoast_head":"<!-- This site is optimized with the Yoast SEO plugin v24.5 - https:\/\/yoast.com\/wordpress\/plugins\/seo\/ -->\n<title>Warsztaty \u015awi\u0105teczne - Pracownia Orange Debrzno<\/title>\n<meta name=\"robots\" content=\"index, follow, max-snippet:-1, max-image-preview:large, max-video-preview:-1\" \/>\n<link rel=\"canonical\" href=\"https:\/\/pracownieorange.pl\/debrzno\/news\/warsztaty-swiateczne\/\" \/>\n<meta property=\"og:locale\" content=\"pl_PL\" \/>\n<meta property=\"og:type\" content=\"article\" \/>\n<meta property=\"og:title\" content=\"Warsztaty \u015awi\u0105teczne - Pracownia Orange Debrzno\" \/>\n<meta property=\"og:description\" content=\"Warsztaty \u015awi\u0105teczne \u2013 Tworzenie Pachn\u0105cych Wiank\u00f3w! Zapraszamy wszystkie rodziny z [&hellip;]\" \/>\n<meta property=\"og:url\" content=\"https:\/\/pracownieorange.pl\/debrzno\/news\/warsztaty-swiateczne\/\" \/>\n<meta property=\"og:site_name\" content=\"Pracownia Orange Debrzno\" \/>\n<meta property=\"article:modified_time\" content=\"2025-12-09T10:05:12+00:00\" \/>\n<meta property=\"og:image\" content=\"https:\/\/pracownieorange.pl\/app\/uploads\/sites\/101\/2025\/12\/594013464_1428104405987241_332463878633585423_n.jpg\" \/>\n\t<meta property=\"og:image:width\" content=\"2000\" \/>\n\t<meta property=\"og:image:height\" content=\"1414\" \/>\n\t<meta property=\"og:image:type\" content=\"image\/jpeg\" \/>\n<meta name=\"twitter:card\" content=\"summary_large_image\" \/>\n<meta name=\"twitter:label1\" content=\"Est. reading time\" \/>\n\t<meta name=\"twitter:data1\" content=\"2 minuty\" \/>\n<script type=\"application\/ld+json\" class=\"yoast-schema-graph\">{\"@context\":\"https:\/\/schema.org\",\"@graph\":[{\"@type\":\"WebPage\",\"@id\":\"https:\/\/pracownieorange.pl\/debrzno\/news\/warsztaty-swiateczne\/\",\"url\":\"https:\/\/pracownieorange.pl\/debrzno\/news\/warsztaty-swiateczne\/\",\"name\":\"Warsztaty \u015awi\u0105teczne - Pracownia Orange Debrzno\",\"isPartOf\":{\"@id\":\"https:\/\/pracownieorange.pl\/debrzno\/#website\"},\"primaryImageOfPage\":{\"@id\":\"https:\/\/pracownieorange.pl\/debrzno\/news\/warsztaty-swiateczne\/#primaryimage\"},\"image\":{\"@id\":\"https:\/\/pracownieorange.pl\/debrzno\/news\/warsztaty-swiateczne\/#primaryimage\"},\"thumbnailUrl\":\"https:\/\/pracownieorange.pl\/app\/uploads\/sites\/101\/2025\/12\/594013464_1428104405987241_332463878633585423_n.jpg\",\"datePublished\":\"2025-12-09T07:51:21+00:00\",\"dateModified\":\"2025-12-09T10:05:12+00:00\",\"breadcrumb\":{\"@id\":\"https:\/\/pracownieorange.pl\/debrzno\/news\/warsztaty-swiateczne\/#breadcrumb\"},\"inLanguage\":\"pl-PL\",\"potentialAction\":[{\"@type\":\"ReadAction\",\"target\":[\"https:\/\/pracownieorange.pl\/debrzno\/news\/warsztaty-swiateczne\/\"]}]},{\"@type\":\"ImageObject\",\"inLanguage\":\"pl-PL\",\"@id\":\"https:\/\/pracownieorange.pl\/debrzno\/news\/warsztaty-swiateczne\/#primaryimage\",\"url\":\"https:\/\/pracownieorange.pl\/app\/uploads\/sites\/101\/2025\/12\/594013464_1428104405987241_332463878633585423_n.jpg\",\"contentUrl\":\"https:\/\/pracownieorange.pl\/app\/uploads\/sites\/101\/2025\/12\/594013464_1428104405987241_332463878633585423_n.jpg\",\"width\":2000,\"height\":1414,\"caption\":\"Plakat promocyjny w \u015bwi\u0105tecznej oprawie\"},{\"@type\":\"BreadcrumbList\",\"@id\":\"https:\/\/pracownieorange.pl\/debrzno\/news\/warsztaty-swiateczne\/#breadcrumb\",\"itemListElement\":[{\"@type\":\"ListItem\",\"position\":1,\"name\":\"Home\",\"item\":\"https:\/\/pracownieorange.pl\/debrzno\/\"},{\"@type\":\"ListItem\",\"position\":2,\"name\":\"Aktualno\u015bci\",\"item\":\"https:\/\/pracownieorange.pl\/debrzno\/news\/\"},{\"@type\":\"ListItem\",\"position\":3,\"name\":\"Warsztaty \u015awi\u0105teczne\"}]},{\"@type\":\"WebSite\",\"@id\":\"https:\/\/pracownieorange.pl\/debrzno\/#website\",\"url\":\"https:\/\/pracownieorange.pl\/debrzno\/\",\"name\":\"Pracownia Orange Debrzno\",\"description\":\"\",\"potentialAction\":[{\"@type\":\"SearchAction\",\"target\":{\"@type\":\"EntryPoint\",\"urlTemplate\":\"https:\/\/pracownieorange.pl\/debrzno\/?s={search_term_string}\"},\"query-input\":{\"@type\":\"PropertyValueSpecification\",\"valueRequired\":true,\"valueName\":\"search_term_string\"}}],\"inLanguage\":\"pl-PL\"}]}<\/script>\n<!-- \/ Yoast SEO plugin. -->","yoast_head_json":{"title":"Warsztaty \u015awi\u0105teczne - Pracownia Orange Debrzno","robots":{"index":"index","follow":"follow","max-snippet":"max-snippet:-1","max-image-preview":"max-image-preview:large","max-video-preview":"max-video-preview:-1"},"canonical":"https:\/\/pracownieorange.pl\/debrzno\/news\/warsztaty-swiateczne\/","og_locale":"pl_PL","og_type":"article","og_title":"Warsztaty \u015awi\u0105teczne - Pracownia Orange Debrzno","og_description":"Warsztaty \u015awi\u0105teczne \u2013 Tworzenie Pachn\u0105cych Wiank\u00f3w! Zapraszamy wszystkie rodziny z [&hellip;]","og_url":"https:\/\/pracownieorange.pl\/debrzno\/news\/warsztaty-swiateczne\/","og_site_name":"Pracownia Orange Debrzno","article_modified_time":"2025-12-09T10:05:12+00:00","og_image":[{"width":2000,"height":1414,"url":"https:\/\/pracownieorange.pl\/app\/uploads\/sites\/101\/2025\/12\/594013464_1428104405987241_332463878633585423_n.jpg","type":"image\/jpeg"}],"twitter_card":"summary_large_image","twitter_misc":{"Est. reading time":"2 minuty"},"schema":{"@context":"https:\/\/schema.org","@graph":[{"@type":"WebPage","@id":"https:\/\/pracownieorange.pl\/debrzno\/news\/warsztaty-swiateczne\/","url":"https:\/\/pracownieorange.pl\/debrzno\/news\/warsztaty-swiateczne\/","name":"Warsztaty \u015awi\u0105teczne - Pracownia Orange Debrzno","isPartOf":{"@id":"https:\/\/pracownieorange.pl\/debrzno\/#website"},"primaryImageOfPage":{"@id":"https:\/\/pracownieorange.pl\/debrzno\/news\/warsztaty-swiateczne\/#primaryimage"},"image":{"@id":"https:\/\/pracownieorange.pl\/debrzno\/news\/warsztaty-swiateczne\/#primaryimage"},"thumbnailUrl":"https:\/\/pracownieorange.pl\/app\/uploads\/sites\/101\/2025\/12\/594013464_1428104405987241_332463878633585423_n.jpg","datePublished":"2025-12-09T07:51:21+00:00","dateModified":"2025-12-09T10:05:12+00:00","breadcrumb":{"@id":"https:\/\/pracownieorange.pl\/debrzno\/news\/warsztaty-swiateczne\/#breadcrumb"},"inLanguage":"pl-PL","potentialAction":[{"@type":"ReadAction","target":["https:\/\/pracownieorange.pl\/debrzno\/news\/warsztaty-swiateczne\/"]}]},{"@type":"ImageObject","inLanguage":"pl-PL","@id":"https:\/\/pracownieorange.pl\/debrzno\/news\/warsztaty-swiateczne\/#primaryimage","url":"https:\/\/pracownieorange.pl\/app\/uploads\/sites\/101\/2025\/12\/594013464_1428104405987241_332463878633585423_n.jpg","contentUrl":"https:\/\/pracownieorange.pl\/app\/uploads\/sites\/101\/2025\/12\/594013464_1428104405987241_332463878633585423_n.jpg","width":2000,"height":1414,"caption":"Plakat promocyjny w \u015bwi\u0105tecznej oprawie"},{"@type":"BreadcrumbList","@id":"https:\/\/pracownieorange.pl\/debrzno\/news\/warsztaty-swiateczne\/#breadcrumb","itemListElement":[{"@type":"ListItem","position":1,"name":"Home","item":"https:\/\/pracownieorange.pl\/debrzno\/"},{"@type":"ListItem","position":2,"name":"Aktualno\u015bci","item":"https:\/\/pracownieorange.pl\/debrzno\/news\/"},{"@type":"ListItem","position":3,"name":"Warsztaty \u015awi\u0105teczne"}]},{"@type":"WebSite","@id":"https:\/\/pracownieorange.pl\/debrzno\/#website","url":"https:\/\/pracownieorange.pl\/debrzno\/","name":"Pracownia Orange Debrzno","description":"","potentialAction":[{"@type":"SearchAction","target":{"@type":"EntryPoint","urlTemplate":"https:\/\/pracownieorange.pl\/debrzno\/?s={search_term_string}"},"query-input":{"@type":"PropertyValueSpecification","valueRequired":true,"valueName":"search_term_string"}}],"inLanguage":"pl-PL"}]}},"_links":{"self":[{"href":"https:\/\/pracownieorange.pl\/debrzno\/wp-json\/wp\/v2\/news\/201","targetHints":{"allow":["GET"]}}],"collection":[{"href":"https:\/\/pracownieorange.pl\/debrzno\/wp-json\/wp\/v2\/news"}],"about":[{"href":"https:\/\/pracownieorange.pl\/debrzno\/wp-json\/wp\/v2\/types\/news"}],"author":[{"embeddable":true,"href":"https:\/\/pracownieorange.pl\/debrzno\/wp-json\/wp\/v2\/users\/204"}],"replies":[{"embeddable":true,"href":"https:\/\/pracownieorange.pl\/debrzno\/wp-json\/wp\/v2\/comments?post=201"}],"wp:featuredmedia":[{"embeddable":true,"href":"https:\/\/pracownieorange.pl\/debrzno\/wp-json\/wp\/v2\/media\/202"}],"wp:attachment":[{"href":"https:\/\/pracownieorange.pl\/debrzno\/wp-json\/wp\/v2\/media?parent=201"}],"curies":[{"name":"wp","href":"https:\/\/api.w.org\/{rel}","templated":true}]}}