

{"id":167,"date":"2024-12-20T13:49:37","date_gmt":"2024-12-20T12:49:37","guid":{"rendered":"https:\/\/pracownieorange.pl\/debrzno\/?post_type=news&#038;p=167"},"modified":"2024-12-20T20:09:02","modified_gmt":"2024-12-20T19:09:02","slug":"dzialania-w-debrznie","status":"publish","type":"news","link":"https:\/\/pracownieorange.pl\/debrzno\/news\/dzialania-w-debrznie\/","title":{"rendered":"Dzia\u0142ania w Debrznie"},"content":{"rendered":"<p>Ostatnie miesi\u0105ce w naszej Pracowni Orange obfitowa\u0142y w r\u00f3\u017cne warsztaty i zaj\u0119cia. Powr\u00f3ci\u0142y po przerwie zaj\u0119cia z dziergania, szyde\u0142kowania.<\/p>\n<p>W Pracowni r\u00f3wnie\u017c odbywaj\u0105 si\u0119 cykliczne zaj\u0119cia fabryki smyka. Co \u015brod\u0119 odwiedzaj\u0105 nas dzieci w wieku przedszkolnym, na r\u00f3\u017cnych kreatywnych, ale tak\u017ce ruchowych zaj\u0119ciach.<\/p>\n<p>Ca\u0142y czas pracujemy na goglach VR oraz dalej dzia\u0142aj\u0105 zaj\u0119cia multimedialnie. Przez ostatnie miesi\u0105ce prowadzone by\u0142y warsztaty w ramach projektu &#8222;Spotkajmy si\u0119 z kultur\u0105&#8221;. Niestety na dosy\u0107 ma\u0142\u0105 przestrze\u0144 w Pracowni Orange, warsztaty odby\u0142y si\u0119 w innych, wi\u0119kszych salach Centrum Kultury.<\/p>\n<p>Ten rok zamykamy z wype\u0142nieniem maksymalnym naszych dzia\u0142a\u0144 i to z nawi\u0105zk\u0105, dzi\u0119ki otrzymanemu grantowi &#8222;EKOGRANTY&#8221;.<br \/>\nDo zobaczenia z nowymi aktywno\u015bciami w przysz\u0142ym roku \ud83d\ude42<\/p>\n","protected":false},"excerpt":{"rendered":"<p>Ostatnie miesi\u0105ce w naszej Pracowni Orange obfitowa\u0142y w r\u00f3\u017cne warsztaty [&hellip;]<\/p>\n","protected":false},"author":204,"featured_media":156,"comment_status":"open","ping_status":"closed","template":"","class_list":["post-167","news","type-news","status-publish","has-post-thumbnail","hentry"],"acf":[],"yoast_head":"<!-- This site is optimized with the Yoast SEO plugin v24.5 - https:\/\/yoast.com\/wordpress\/plugins\/seo\/ -->\n<title>Dzia\u0142ania w Debrznie - Pracownia Orange Debrzno<\/title>\n<meta name=\"robots\" content=\"index, follow, max-snippet:-1, max-image-preview:large, max-video-preview:-1\" \/>\n<link rel=\"canonical\" href=\"https:\/\/pracownieorange.pl\/debrzno\/news\/dzialania-w-debrznie\/\" \/>\n<meta property=\"og:locale\" content=\"pl_PL\" \/>\n<meta property=\"og:type\" content=\"article\" \/>\n<meta property=\"og:title\" content=\"Dzia\u0142ania w Debrznie - Pracownia Orange Debrzno\" \/>\n<meta property=\"og:description\" content=\"Ostatnie miesi\u0105ce w naszej Pracowni Orange obfitowa\u0142y w r\u00f3\u017cne warsztaty [&hellip;]\" \/>\n<meta property=\"og:url\" content=\"https:\/\/pracownieorange.pl\/debrzno\/news\/dzialania-w-debrznie\/\" \/>\n<meta property=\"og:site_name\" content=\"Pracownia Orange Debrzno\" \/>\n<meta property=\"article:modified_time\" content=\"2024-12-20T19:09:02+00:00\" \/>\n<meta property=\"og:image\" content=\"https:\/\/pracownieorange.pl\/app\/uploads\/sites\/101\/2024\/12\/956cf0e0-2e06-4b24-bb6f-00b96853b930.jpg\" \/>\n\t<meta property=\"og:image:width\" content=\"2048\" \/>\n\t<meta property=\"og:image:height\" content=\"1155\" \/>\n\t<meta property=\"og:image:type\" content=\"image\/jpeg\" \/>\n<meta name=\"twitter:card\" content=\"summary_large_image\" \/>\n<meta name=\"twitter:label1\" content=\"Est. reading time\" \/>\n\t<meta name=\"twitter:data1\" content=\"1 minuta\" \/>\n<script type=\"application\/ld+json\" class=\"yoast-schema-graph\">{\"@context\":\"https:\/\/schema.org\",\"@graph\":[{\"@type\":\"WebPage\",\"@id\":\"https:\/\/pracownieorange.pl\/debrzno\/news\/dzialania-w-debrznie\/\",\"url\":\"https:\/\/pracownieorange.pl\/debrzno\/news\/dzialania-w-debrznie\/\",\"name\":\"Dzia\u0142ania w Debrznie - Pracownia Orange Debrzno\",\"isPartOf\":{\"@id\":\"https:\/\/pracownieorange.pl\/debrzno\/#website\"},\"primaryImageOfPage\":{\"@id\":\"https:\/\/pracownieorange.pl\/debrzno\/news\/dzialania-w-debrznie\/#primaryimage\"},\"image\":{\"@id\":\"https:\/\/pracownieorange.pl\/debrzno\/news\/dzialania-w-debrznie\/#primaryimage\"},\"thumbnailUrl\":\"https:\/\/pracownieorange.pl\/app\/uploads\/sites\/101\/2024\/12\/956cf0e0-2e06-4b24-bb6f-00b96853b930.jpg\",\"datePublished\":\"2024-12-20T12:49:37+00:00\",\"dateModified\":\"2024-12-20T19:09:02+00:00\",\"breadcrumb\":{\"@id\":\"https:\/\/pracownieorange.pl\/debrzno\/news\/dzialania-w-debrznie\/#breadcrumb\"},\"inLanguage\":\"pl-PL\",\"potentialAction\":[{\"@type\":\"ReadAction\",\"target\":[\"https:\/\/pracownieorange.pl\/debrzno\/news\/dzialania-w-debrznie\/\"]}]},{\"@type\":\"ImageObject\",\"inLanguage\":\"pl-PL\",\"@id\":\"https:\/\/pracownieorange.pl\/debrzno\/news\/dzialania-w-debrznie\/#primaryimage\",\"url\":\"https:\/\/pracownieorange.pl\/app\/uploads\/sites\/101\/2024\/12\/956cf0e0-2e06-4b24-bb6f-00b96853b930.jpg\",\"contentUrl\":\"https:\/\/pracownieorange.pl\/app\/uploads\/sites\/101\/2024\/12\/956cf0e0-2e06-4b24-bb6f-00b96853b930.jpg\",\"width\":2048,\"height\":1155,\"caption\":\"grupa dzieci bawi\u0105ca si\u0119 ozobotami\"},{\"@type\":\"BreadcrumbList\",\"@id\":\"https:\/\/pracownieorange.pl\/debrzno\/news\/dzialania-w-debrznie\/#breadcrumb\",\"itemListElement\":[{\"@type\":\"ListItem\",\"position\":1,\"name\":\"Home\",\"item\":\"https:\/\/pracownieorange.pl\/debrzno\/\"},{\"@type\":\"ListItem\",\"position\":2,\"name\":\"Aktualno\u015bci\",\"item\":\"https:\/\/pracownieorange.pl\/debrzno\/news\/\"},{\"@type\":\"ListItem\",\"position\":3,\"name\":\"Dzia\u0142ania w Debrznie\"}]},{\"@type\":\"WebSite\",\"@id\":\"https:\/\/pracownieorange.pl\/debrzno\/#website\",\"url\":\"https:\/\/pracownieorange.pl\/debrzno\/\",\"name\":\"Pracownia Orange Debrzno\",\"description\":\"\",\"potentialAction\":[{\"@type\":\"SearchAction\",\"target\":{\"@type\":\"EntryPoint\",\"urlTemplate\":\"https:\/\/pracownieorange.pl\/debrzno\/?s={search_term_string}\"},\"query-input\":{\"@type\":\"PropertyValueSpecification\",\"valueRequired\":true,\"valueName\":\"search_term_string\"}}],\"inLanguage\":\"pl-PL\"}]}<\/script>\n<!-- \/ Yoast SEO plugin. -->","yoast_head_json":{"title":"Dzia\u0142ania w Debrznie - Pracownia Orange Debrzno","robots":{"index":"index","follow":"follow","max-snippet":"max-snippet:-1","max-image-preview":"max-image-preview:large","max-video-preview":"max-video-preview:-1"},"canonical":"https:\/\/pracownieorange.pl\/debrzno\/news\/dzialania-w-debrznie\/","og_locale":"pl_PL","og_type":"article","og_title":"Dzia\u0142ania w Debrznie - Pracownia Orange Debrzno","og_description":"Ostatnie miesi\u0105ce w naszej Pracowni Orange obfitowa\u0142y w r\u00f3\u017cne warsztaty [&hellip;]","og_url":"https:\/\/pracownieorange.pl\/debrzno\/news\/dzialania-w-debrznie\/","og_site_name":"Pracownia Orange Debrzno","article_modified_time":"2024-12-20T19:09:02+00:00","og_image":[{"width":2048,"height":1155,"url":"https:\/\/pracownieorange.pl\/app\/uploads\/sites\/101\/2024\/12\/956cf0e0-2e06-4b24-bb6f-00b96853b930.jpg","type":"image\/jpeg"}],"twitter_card":"summary_large_image","twitter_misc":{"Est. reading time":"1 minuta"},"schema":{"@context":"https:\/\/schema.org","@graph":[{"@type":"WebPage","@id":"https:\/\/pracownieorange.pl\/debrzno\/news\/dzialania-w-debrznie\/","url":"https:\/\/pracownieorange.pl\/debrzno\/news\/dzialania-w-debrznie\/","name":"Dzia\u0142ania w Debrznie - Pracownia Orange Debrzno","isPartOf":{"@id":"https:\/\/pracownieorange.pl\/debrzno\/#website"},"primaryImageOfPage":{"@id":"https:\/\/pracownieorange.pl\/debrzno\/news\/dzialania-w-debrznie\/#primaryimage"},"image":{"@id":"https:\/\/pracownieorange.pl\/debrzno\/news\/dzialania-w-debrznie\/#primaryimage"},"thumbnailUrl":"https:\/\/pracownieorange.pl\/app\/uploads\/sites\/101\/2024\/12\/956cf0e0-2e06-4b24-bb6f-00b96853b930.jpg","datePublished":"2024-12-20T12:49:37+00:00","dateModified":"2024-12-20T19:09:02+00:00","breadcrumb":{"@id":"https:\/\/pracownieorange.pl\/debrzno\/news\/dzialania-w-debrznie\/#breadcrumb"},"inLanguage":"pl-PL","potentialAction":[{"@type":"ReadAction","target":["https:\/\/pracownieorange.pl\/debrzno\/news\/dzialania-w-debrznie\/"]}]},{"@type":"ImageObject","inLanguage":"pl-PL","@id":"https:\/\/pracownieorange.pl\/debrzno\/news\/dzialania-w-debrznie\/#primaryimage","url":"https:\/\/pracownieorange.pl\/app\/uploads\/sites\/101\/2024\/12\/956cf0e0-2e06-4b24-bb6f-00b96853b930.jpg","contentUrl":"https:\/\/pracownieorange.pl\/app\/uploads\/sites\/101\/2024\/12\/956cf0e0-2e06-4b24-bb6f-00b96853b930.jpg","width":2048,"height":1155,"caption":"grupa dzieci bawi\u0105ca si\u0119 ozobotami"},{"@type":"BreadcrumbList","@id":"https:\/\/pracownieorange.pl\/debrzno\/news\/dzialania-w-debrznie\/#breadcrumb","itemListElement":[{"@type":"ListItem","position":1,"name":"Home","item":"https:\/\/pracownieorange.pl\/debrzno\/"},{"@type":"ListItem","position":2,"name":"Aktualno\u015bci","item":"https:\/\/pracownieorange.pl\/debrzno\/news\/"},{"@type":"ListItem","position":3,"name":"Dzia\u0142ania w Debrznie"}]},{"@type":"WebSite","@id":"https:\/\/pracownieorange.pl\/debrzno\/#website","url":"https:\/\/pracownieorange.pl\/debrzno\/","name":"Pracownia Orange Debrzno","description":"","potentialAction":[{"@type":"SearchAction","target":{"@type":"EntryPoint","urlTemplate":"https:\/\/pracownieorange.pl\/debrzno\/?s={search_term_string}"},"query-input":{"@type":"PropertyValueSpecification","valueRequired":true,"valueName":"search_term_string"}}],"inLanguage":"pl-PL"}]}},"_links":{"self":[{"href":"https:\/\/pracownieorange.pl\/debrzno\/wp-json\/wp\/v2\/news\/167","targetHints":{"allow":["GET"]}}],"collection":[{"href":"https:\/\/pracownieorange.pl\/debrzno\/wp-json\/wp\/v2\/news"}],"about":[{"href":"https:\/\/pracownieorange.pl\/debrzno\/wp-json\/wp\/v2\/types\/news"}],"author":[{"embeddable":true,"href":"https:\/\/pracownieorange.pl\/debrzno\/wp-json\/wp\/v2\/users\/204"}],"replies":[{"embeddable":true,"href":"https:\/\/pracownieorange.pl\/debrzno\/wp-json\/wp\/v2\/comments?post=167"}],"wp:featuredmedia":[{"embeddable":true,"href":"https:\/\/pracownieorange.pl\/debrzno\/wp-json\/wp\/v2\/media\/156"}],"wp:attachment":[{"href":"https:\/\/pracownieorange.pl\/debrzno\/wp-json\/wp\/v2\/media?parent=167"}],"curies":[{"name":"wp","href":"https:\/\/api.w.org\/{rel}","templated":true}]}}