

{"id":133,"date":"2024-09-05T09:37:51","date_gmt":"2024-09-05T07:37:51","guid":{"rendered":"https:\/\/pracownieorange.pl\/debrzno\/?post_type=news&#038;p=133"},"modified":"2024-09-07T14:37:26","modified_gmt":"2024-09-07T12:37:26","slug":"zielony-kacik-w-pracowni-orange-2","status":"publish","type":"news","link":"https:\/\/pracownieorange.pl\/debrzno\/news\/zielony-kacik-w-pracowni-orange-2\/","title":{"rendered":"Zielony K\u0105cik w Pracowni Orange"},"content":{"rendered":"<p>Wczoraj w Pracowni Orange odby\u0142y si\u0119 praktyczne zaj\u0119cia, kt\u00f3re mia\u0142y na celu stworzenie miejsca wyciszenia. Razem z dzie\u0107mi stworzyli\u015bmy Zielony K\u0105cik odpoczynku.<\/p>\n<p>Nasi uczestnicy samodzielnie przesadzali kwiatki doniczkowe. Nie da si\u0119 ukry\u0107, \u017ce dzieciom te zadanie bardzo si\u0119 spodoba\u0142o. Teraz obiecali, \u017ce jak tylko czas pozwoli, b\u0119d\u0105 nas odwiedza\u0107 i w naszym magicznym k\u0105ciku odpoczywa\u0107 oraz czyta\u0107 ksi\u0105\u017cki.<br \/>\nTrzymamy Was za s\u0142owo!<\/p>\n<p>Dodatkowo ka\u017cdy stworzy\u0142 sw\u00f3j ekologiczny worek. G\u00f3rowa\u0142a przede wszystkim ziele\u0144 &#8211; kolor, kt\u00f3ry dzia\u0142a na nas relaksuj\u0105co.<br \/>\nProjekt &#8222;Masz wp\u0142yw. Przyroda i cz\u0142owiek&#8221; jest realizowany w ramach programu Pracowni Orange<\/p>\n","protected":false},"excerpt":{"rendered":"<p>Wczoraj w Pracowni Orange odby\u0142y si\u0119 praktyczne zaj\u0119cia, kt\u00f3re mia\u0142y [&hellip;]<\/p>\n","protected":false},"author":204,"featured_media":139,"comment_status":"open","ping_status":"closed","template":"","class_list":["post-133","news","type-news","status-publish","has-post-thumbnail","hentry"],"acf":[],"yoast_head":"<!-- This site is optimized with the Yoast SEO plugin v24.5 - https:\/\/yoast.com\/wordpress\/plugins\/seo\/ -->\n<title>Zielony K\u0105cik w Pracowni Orange - Pracownia Orange Debrzno<\/title>\n<meta name=\"robots\" content=\"index, follow, max-snippet:-1, max-image-preview:large, max-video-preview:-1\" \/>\n<link rel=\"canonical\" href=\"https:\/\/pracownieorange.pl\/debrzno\/news\/zielony-kacik-w-pracowni-orange-2\/\" \/>\n<meta property=\"og:locale\" content=\"pl_PL\" \/>\n<meta property=\"og:type\" content=\"article\" \/>\n<meta property=\"og:title\" content=\"Zielony K\u0105cik w Pracowni Orange - Pracownia Orange Debrzno\" \/>\n<meta property=\"og:description\" content=\"Wczoraj w Pracowni Orange odby\u0142y si\u0119 praktyczne zaj\u0119cia, kt\u00f3re mia\u0142y [&hellip;]\" \/>\n<meta property=\"og:url\" content=\"https:\/\/pracownieorange.pl\/debrzno\/news\/zielony-kacik-w-pracowni-orange-2\/\" \/>\n<meta property=\"og:site_name\" content=\"Pracownia Orange Debrzno\" \/>\n<meta property=\"article:modified_time\" content=\"2024-09-07T12:37:26+00:00\" \/>\n<meta property=\"og:image\" content=\"https:\/\/pracownieorange.pl\/app\/uploads\/sites\/101\/2024\/09\/5077bb71-b1a6-4738-8239-55a16c9d5606.jpg\" \/>\n\t<meta property=\"og:image:width\" content=\"2000\" \/>\n\t<meta property=\"og:image:height\" content=\"1128\" \/>\n\t<meta property=\"og:image:type\" content=\"image\/jpeg\" \/>\n<meta name=\"twitter:card\" content=\"summary_large_image\" \/>\n<meta name=\"twitter:label1\" content=\"Est. reading time\" \/>\n\t<meta name=\"twitter:data1\" content=\"1 minuta\" \/>\n<script type=\"application\/ld+json\" class=\"yoast-schema-graph\">{\"@context\":\"https:\/\/schema.org\",\"@graph\":[{\"@type\":\"WebPage\",\"@id\":\"https:\/\/pracownieorange.pl\/debrzno\/news\/zielony-kacik-w-pracowni-orange-2\/\",\"url\":\"https:\/\/pracownieorange.pl\/debrzno\/news\/zielony-kacik-w-pracowni-orange-2\/\",\"name\":\"Zielony K\u0105cik w Pracowni Orange - Pracownia Orange Debrzno\",\"isPartOf\":{\"@id\":\"https:\/\/pracownieorange.pl\/debrzno\/#website\"},\"primaryImageOfPage\":{\"@id\":\"https:\/\/pracownieorange.pl\/debrzno\/news\/zielony-kacik-w-pracowni-orange-2\/#primaryimage\"},\"image\":{\"@id\":\"https:\/\/pracownieorange.pl\/debrzno\/news\/zielony-kacik-w-pracowni-orange-2\/#primaryimage\"},\"thumbnailUrl\":\"https:\/\/pracownieorange.pl\/app\/uploads\/sites\/101\/2024\/09\/5077bb71-b1a6-4738-8239-55a16c9d5606.jpg\",\"datePublished\":\"2024-09-05T07:37:51+00:00\",\"dateModified\":\"2024-09-07T12:37:26+00:00\",\"breadcrumb\":{\"@id\":\"https:\/\/pracownieorange.pl\/debrzno\/news\/zielony-kacik-w-pracowni-orange-2\/#breadcrumb\"},\"inLanguage\":\"pl-PL\",\"potentialAction\":[{\"@type\":\"ReadAction\",\"target\":[\"https:\/\/pracownieorange.pl\/debrzno\/news\/zielony-kacik-w-pracowni-orange-2\/\"]}]},{\"@type\":\"ImageObject\",\"inLanguage\":\"pl-PL\",\"@id\":\"https:\/\/pracownieorange.pl\/debrzno\/news\/zielony-kacik-w-pracowni-orange-2\/#primaryimage\",\"url\":\"https:\/\/pracownieorange.pl\/app\/uploads\/sites\/101\/2024\/09\/5077bb71-b1a6-4738-8239-55a16c9d5606.jpg\",\"contentUrl\":\"https:\/\/pracownieorange.pl\/app\/uploads\/sites\/101\/2024\/09\/5077bb71-b1a6-4738-8239-55a16c9d5606.jpg\",\"width\":2000,\"height\":1128,\"caption\":\"Sadzenie kwiat\u00f3w w doniczkach.\"},{\"@type\":\"BreadcrumbList\",\"@id\":\"https:\/\/pracownieorange.pl\/debrzno\/news\/zielony-kacik-w-pracowni-orange-2\/#breadcrumb\",\"itemListElement\":[{\"@type\":\"ListItem\",\"position\":1,\"name\":\"Home\",\"item\":\"https:\/\/pracownieorange.pl\/debrzno\/\"},{\"@type\":\"ListItem\",\"position\":2,\"name\":\"Aktualno\u015bci\",\"item\":\"https:\/\/pracownieorange.pl\/debrzno\/news\/\"},{\"@type\":\"ListItem\",\"position\":3,\"name\":\"Zielony K\u0105cik w Pracowni Orange\"}]},{\"@type\":\"WebSite\",\"@id\":\"https:\/\/pracownieorange.pl\/debrzno\/#website\",\"url\":\"https:\/\/pracownieorange.pl\/debrzno\/\",\"name\":\"Pracownia Orange Debrzno\",\"description\":\"\",\"potentialAction\":[{\"@type\":\"SearchAction\",\"target\":{\"@type\":\"EntryPoint\",\"urlTemplate\":\"https:\/\/pracownieorange.pl\/debrzno\/?s={search_term_string}\"},\"query-input\":{\"@type\":\"PropertyValueSpecification\",\"valueRequired\":true,\"valueName\":\"search_term_string\"}}],\"inLanguage\":\"pl-PL\"}]}<\/script>\n<!-- \/ Yoast SEO plugin. -->","yoast_head_json":{"title":"Zielony K\u0105cik w Pracowni Orange - Pracownia Orange Debrzno","robots":{"index":"index","follow":"follow","max-snippet":"max-snippet:-1","max-image-preview":"max-image-preview:large","max-video-preview":"max-video-preview:-1"},"canonical":"https:\/\/pracownieorange.pl\/debrzno\/news\/zielony-kacik-w-pracowni-orange-2\/","og_locale":"pl_PL","og_type":"article","og_title":"Zielony K\u0105cik w Pracowni Orange - Pracownia Orange Debrzno","og_description":"Wczoraj w Pracowni Orange odby\u0142y si\u0119 praktyczne zaj\u0119cia, kt\u00f3re mia\u0142y [&hellip;]","og_url":"https:\/\/pracownieorange.pl\/debrzno\/news\/zielony-kacik-w-pracowni-orange-2\/","og_site_name":"Pracownia Orange Debrzno","article_modified_time":"2024-09-07T12:37:26+00:00","og_image":[{"width":2000,"height":1128,"url":"https:\/\/pracownieorange.pl\/app\/uploads\/sites\/101\/2024\/09\/5077bb71-b1a6-4738-8239-55a16c9d5606.jpg","type":"image\/jpeg"}],"twitter_card":"summary_large_image","twitter_misc":{"Est. reading time":"1 minuta"},"schema":{"@context":"https:\/\/schema.org","@graph":[{"@type":"WebPage","@id":"https:\/\/pracownieorange.pl\/debrzno\/news\/zielony-kacik-w-pracowni-orange-2\/","url":"https:\/\/pracownieorange.pl\/debrzno\/news\/zielony-kacik-w-pracowni-orange-2\/","name":"Zielony K\u0105cik w Pracowni Orange - Pracownia Orange Debrzno","isPartOf":{"@id":"https:\/\/pracownieorange.pl\/debrzno\/#website"},"primaryImageOfPage":{"@id":"https:\/\/pracownieorange.pl\/debrzno\/news\/zielony-kacik-w-pracowni-orange-2\/#primaryimage"},"image":{"@id":"https:\/\/pracownieorange.pl\/debrzno\/news\/zielony-kacik-w-pracowni-orange-2\/#primaryimage"},"thumbnailUrl":"https:\/\/pracownieorange.pl\/app\/uploads\/sites\/101\/2024\/09\/5077bb71-b1a6-4738-8239-55a16c9d5606.jpg","datePublished":"2024-09-05T07:37:51+00:00","dateModified":"2024-09-07T12:37:26+00:00","breadcrumb":{"@id":"https:\/\/pracownieorange.pl\/debrzno\/news\/zielony-kacik-w-pracowni-orange-2\/#breadcrumb"},"inLanguage":"pl-PL","potentialAction":[{"@type":"ReadAction","target":["https:\/\/pracownieorange.pl\/debrzno\/news\/zielony-kacik-w-pracowni-orange-2\/"]}]},{"@type":"ImageObject","inLanguage":"pl-PL","@id":"https:\/\/pracownieorange.pl\/debrzno\/news\/zielony-kacik-w-pracowni-orange-2\/#primaryimage","url":"https:\/\/pracownieorange.pl\/app\/uploads\/sites\/101\/2024\/09\/5077bb71-b1a6-4738-8239-55a16c9d5606.jpg","contentUrl":"https:\/\/pracownieorange.pl\/app\/uploads\/sites\/101\/2024\/09\/5077bb71-b1a6-4738-8239-55a16c9d5606.jpg","width":2000,"height":1128,"caption":"Sadzenie kwiat\u00f3w w doniczkach."},{"@type":"BreadcrumbList","@id":"https:\/\/pracownieorange.pl\/debrzno\/news\/zielony-kacik-w-pracowni-orange-2\/#breadcrumb","itemListElement":[{"@type":"ListItem","position":1,"name":"Home","item":"https:\/\/pracownieorange.pl\/debrzno\/"},{"@type":"ListItem","position":2,"name":"Aktualno\u015bci","item":"https:\/\/pracownieorange.pl\/debrzno\/news\/"},{"@type":"ListItem","position":3,"name":"Zielony K\u0105cik w Pracowni Orange"}]},{"@type":"WebSite","@id":"https:\/\/pracownieorange.pl\/debrzno\/#website","url":"https:\/\/pracownieorange.pl\/debrzno\/","name":"Pracownia Orange Debrzno","description":"","potentialAction":[{"@type":"SearchAction","target":{"@type":"EntryPoint","urlTemplate":"https:\/\/pracownieorange.pl\/debrzno\/?s={search_term_string}"},"query-input":{"@type":"PropertyValueSpecification","valueRequired":true,"valueName":"search_term_string"}}],"inLanguage":"pl-PL"}]}},"_links":{"self":[{"href":"https:\/\/pracownieorange.pl\/debrzno\/wp-json\/wp\/v2\/news\/133","targetHints":{"allow":["GET"]}}],"collection":[{"href":"https:\/\/pracownieorange.pl\/debrzno\/wp-json\/wp\/v2\/news"}],"about":[{"href":"https:\/\/pracownieorange.pl\/debrzno\/wp-json\/wp\/v2\/types\/news"}],"author":[{"embeddable":true,"href":"https:\/\/pracownieorange.pl\/debrzno\/wp-json\/wp\/v2\/users\/204"}],"replies":[{"embeddable":true,"href":"https:\/\/pracownieorange.pl\/debrzno\/wp-json\/wp\/v2\/comments?post=133"}],"wp:featuredmedia":[{"embeddable":true,"href":"https:\/\/pracownieorange.pl\/debrzno\/wp-json\/wp\/v2\/media\/139"}],"wp:attachment":[{"href":"https:\/\/pracownieorange.pl\/debrzno\/wp-json\/wp\/v2\/media?parent=133"}],"curies":[{"name":"wp","href":"https:\/\/api.w.org\/{rel}","templated":true}]}}