

{"id":130,"date":"2024-08-28T14:02:33","date_gmt":"2024-08-28T12:02:33","guid":{"rendered":"https:\/\/pracownieorange.pl\/debrzno\/?post_type=news&#038;p=130"},"modified":"2024-08-30T21:35:54","modified_gmt":"2024-08-30T19:35:54","slug":"zielony-kacik-w-pracowni-orange","status":"publish","type":"news","link":"https:\/\/pracownieorange.pl\/debrzno\/news\/zielony-kacik-w-pracowni-orange\/","title":{"rendered":"Zielony K\u0105cik w Pracowni Orange"},"content":{"rendered":"<p>Wracamy\u00a0 z kolejn\u0105 aktywno\u015bci\u0105 w ramach projektu &#8222;Masz wp\u0142yw. Przyroda i cz\u0142owiek&#8221;.<\/p>\n<p>Zapraszamy dzieci i m\u0142odzie\u017c ju\u017c 4 wrze\u015bnia o godzinie 16:00 do Pracowni Orange. Wsp\u00f3lnie stworzymy zielony k\u0105cik &#8211; miejsce wyciszenia. W naszej Pracowni pojawi si\u0119 ziele\u0144, poduszki do odpoczynku, porozmawiamy na temat wp\u0142ywu ro\u015blin na cz\u0142owieka. Dodatkowo ka\u017cdy uczestnik stworzy sw\u00f3j w\u0142asny ekologiczny worek, kt\u00f3ry zabierze ze sob\u0105 do domu Worki na pewno przydadz\u0105 si\u0119 naszym dzieciom do szko\u0142y, b\u0119dzie to \u015bwietna pami\u0105tka z zaj\u0119\u0107.<\/p>\n<p>Projekt &#8222;Masz wp\u0142yw. Przyroda i cz\u0142owiek&#8221; jest realizowany w ramach programu Pracowni Orange.<\/p>\n","protected":false},"excerpt":{"rendered":"<p>Wracamy\u00a0 z kolejn\u0105 aktywno\u015bci\u0105 w ramach projektu &#8222;Masz wp\u0142yw. Przyroda [&hellip;]<\/p>\n","protected":false},"author":204,"featured_media":131,"comment_status":"open","ping_status":"closed","template":"","class_list":["post-130","news","type-news","status-publish","has-post-thumbnail","hentry"],"acf":[],"yoast_head":"<!-- This site is optimized with the Yoast SEO plugin v24.5 - https:\/\/yoast.com\/wordpress\/plugins\/seo\/ -->\n<title>Zielony K\u0105cik w Pracowni Orange - Pracownia Orange Debrzno<\/title>\n<meta name=\"robots\" content=\"index, follow, max-snippet:-1, max-image-preview:large, max-video-preview:-1\" \/>\n<link rel=\"canonical\" href=\"https:\/\/pracownieorange.pl\/debrzno\/news\/zielony-kacik-w-pracowni-orange\/\" \/>\n<meta property=\"og:locale\" content=\"pl_PL\" \/>\n<meta property=\"og:type\" content=\"article\" \/>\n<meta property=\"og:title\" content=\"Zielony K\u0105cik w Pracowni Orange - Pracownia Orange Debrzno\" \/>\n<meta property=\"og:description\" content=\"Wracamy\u00a0 z kolejn\u0105 aktywno\u015bci\u0105 w ramach projektu &#8222;Masz wp\u0142yw. Przyroda [&hellip;]\" \/>\n<meta property=\"og:url\" content=\"https:\/\/pracownieorange.pl\/debrzno\/news\/zielony-kacik-w-pracowni-orange\/\" \/>\n<meta property=\"og:site_name\" content=\"Pracownia Orange Debrzno\" \/>\n<meta property=\"article:modified_time\" content=\"2024-08-30T19:35:54+00:00\" \/>\n<meta property=\"og:image\" content=\"https:\/\/pracownieorange.pl\/app\/uploads\/sites\/101\/2024\/08\/different-fresh-beautiful-potted-flowers-scaled.jpg\" \/>\n\t<meta property=\"og:image:width\" content=\"2560\" \/>\n\t<meta property=\"og:image:height\" content=\"1707\" \/>\n\t<meta property=\"og:image:type\" content=\"image\/jpeg\" \/>\n<meta name=\"twitter:card\" content=\"summary_large_image\" \/>\n<meta name=\"twitter:label1\" content=\"Est. reading time\" \/>\n\t<meta name=\"twitter:data1\" content=\"1 minuta\" \/>\n<script type=\"application\/ld+json\" class=\"yoast-schema-graph\">{\"@context\":\"https:\/\/schema.org\",\"@graph\":[{\"@type\":\"WebPage\",\"@id\":\"https:\/\/pracownieorange.pl\/debrzno\/news\/zielony-kacik-w-pracowni-orange\/\",\"url\":\"https:\/\/pracownieorange.pl\/debrzno\/news\/zielony-kacik-w-pracowni-orange\/\",\"name\":\"Zielony K\u0105cik w Pracowni Orange - Pracownia Orange Debrzno\",\"isPartOf\":{\"@id\":\"https:\/\/pracownieorange.pl\/debrzno\/#website\"},\"primaryImageOfPage\":{\"@id\":\"https:\/\/pracownieorange.pl\/debrzno\/news\/zielony-kacik-w-pracowni-orange\/#primaryimage\"},\"image\":{\"@id\":\"https:\/\/pracownieorange.pl\/debrzno\/news\/zielony-kacik-w-pracowni-orange\/#primaryimage\"},\"thumbnailUrl\":\"https:\/\/pracownieorange.pl\/app\/uploads\/sites\/101\/2024\/08\/different-fresh-beautiful-potted-flowers-scaled.jpg\",\"datePublished\":\"2024-08-28T12:02:33+00:00\",\"dateModified\":\"2024-08-30T19:35:54+00:00\",\"breadcrumb\":{\"@id\":\"https:\/\/pracownieorange.pl\/debrzno\/news\/zielony-kacik-w-pracowni-orange\/#breadcrumb\"},\"inLanguage\":\"pl-PL\",\"potentialAction\":[{\"@type\":\"ReadAction\",\"target\":[\"https:\/\/pracownieorange.pl\/debrzno\/news\/zielony-kacik-w-pracowni-orange\/\"]}]},{\"@type\":\"ImageObject\",\"inLanguage\":\"pl-PL\",\"@id\":\"https:\/\/pracownieorange.pl\/debrzno\/news\/zielony-kacik-w-pracowni-orange\/#primaryimage\",\"url\":\"https:\/\/pracownieorange.pl\/app\/uploads\/sites\/101\/2024\/08\/different-fresh-beautiful-potted-flowers-scaled.jpg\",\"contentUrl\":\"https:\/\/pracownieorange.pl\/app\/uploads\/sites\/101\/2024\/08\/different-fresh-beautiful-potted-flowers-scaled.jpg\",\"width\":2560,\"height\":1707,\"caption\":\"ro\u015bliny w metalowych doniczkach\"},{\"@type\":\"BreadcrumbList\",\"@id\":\"https:\/\/pracownieorange.pl\/debrzno\/news\/zielony-kacik-w-pracowni-orange\/#breadcrumb\",\"itemListElement\":[{\"@type\":\"ListItem\",\"position\":1,\"name\":\"Home\",\"item\":\"https:\/\/pracownieorange.pl\/debrzno\/\"},{\"@type\":\"ListItem\",\"position\":2,\"name\":\"Aktualno\u015bci\",\"item\":\"https:\/\/pracownieorange.pl\/debrzno\/news\/\"},{\"@type\":\"ListItem\",\"position\":3,\"name\":\"Zielony K\u0105cik w Pracowni Orange\"}]},{\"@type\":\"WebSite\",\"@id\":\"https:\/\/pracownieorange.pl\/debrzno\/#website\",\"url\":\"https:\/\/pracownieorange.pl\/debrzno\/\",\"name\":\"Pracownia Orange Debrzno\",\"description\":\"\",\"potentialAction\":[{\"@type\":\"SearchAction\",\"target\":{\"@type\":\"EntryPoint\",\"urlTemplate\":\"https:\/\/pracownieorange.pl\/debrzno\/?s={search_term_string}\"},\"query-input\":{\"@type\":\"PropertyValueSpecification\",\"valueRequired\":true,\"valueName\":\"search_term_string\"}}],\"inLanguage\":\"pl-PL\"}]}<\/script>\n<!-- \/ Yoast SEO plugin. -->","yoast_head_json":{"title":"Zielony K\u0105cik w Pracowni Orange - Pracownia Orange Debrzno","robots":{"index":"index","follow":"follow","max-snippet":"max-snippet:-1","max-image-preview":"max-image-preview:large","max-video-preview":"max-video-preview:-1"},"canonical":"https:\/\/pracownieorange.pl\/debrzno\/news\/zielony-kacik-w-pracowni-orange\/","og_locale":"pl_PL","og_type":"article","og_title":"Zielony K\u0105cik w Pracowni Orange - Pracownia Orange Debrzno","og_description":"Wracamy\u00a0 z kolejn\u0105 aktywno\u015bci\u0105 w ramach projektu &#8222;Masz wp\u0142yw. Przyroda [&hellip;]","og_url":"https:\/\/pracownieorange.pl\/debrzno\/news\/zielony-kacik-w-pracowni-orange\/","og_site_name":"Pracownia Orange Debrzno","article_modified_time":"2024-08-30T19:35:54+00:00","og_image":[{"width":2560,"height":1707,"url":"https:\/\/pracownieorange.pl\/app\/uploads\/sites\/101\/2024\/08\/different-fresh-beautiful-potted-flowers-scaled.jpg","type":"image\/jpeg"}],"twitter_card":"summary_large_image","twitter_misc":{"Est. reading time":"1 minuta"},"schema":{"@context":"https:\/\/schema.org","@graph":[{"@type":"WebPage","@id":"https:\/\/pracownieorange.pl\/debrzno\/news\/zielony-kacik-w-pracowni-orange\/","url":"https:\/\/pracownieorange.pl\/debrzno\/news\/zielony-kacik-w-pracowni-orange\/","name":"Zielony K\u0105cik w Pracowni Orange - Pracownia Orange Debrzno","isPartOf":{"@id":"https:\/\/pracownieorange.pl\/debrzno\/#website"},"primaryImageOfPage":{"@id":"https:\/\/pracownieorange.pl\/debrzno\/news\/zielony-kacik-w-pracowni-orange\/#primaryimage"},"image":{"@id":"https:\/\/pracownieorange.pl\/debrzno\/news\/zielony-kacik-w-pracowni-orange\/#primaryimage"},"thumbnailUrl":"https:\/\/pracownieorange.pl\/app\/uploads\/sites\/101\/2024\/08\/different-fresh-beautiful-potted-flowers-scaled.jpg","datePublished":"2024-08-28T12:02:33+00:00","dateModified":"2024-08-30T19:35:54+00:00","breadcrumb":{"@id":"https:\/\/pracownieorange.pl\/debrzno\/news\/zielony-kacik-w-pracowni-orange\/#breadcrumb"},"inLanguage":"pl-PL","potentialAction":[{"@type":"ReadAction","target":["https:\/\/pracownieorange.pl\/debrzno\/news\/zielony-kacik-w-pracowni-orange\/"]}]},{"@type":"ImageObject","inLanguage":"pl-PL","@id":"https:\/\/pracownieorange.pl\/debrzno\/news\/zielony-kacik-w-pracowni-orange\/#primaryimage","url":"https:\/\/pracownieorange.pl\/app\/uploads\/sites\/101\/2024\/08\/different-fresh-beautiful-potted-flowers-scaled.jpg","contentUrl":"https:\/\/pracownieorange.pl\/app\/uploads\/sites\/101\/2024\/08\/different-fresh-beautiful-potted-flowers-scaled.jpg","width":2560,"height":1707,"caption":"ro\u015bliny w metalowych doniczkach"},{"@type":"BreadcrumbList","@id":"https:\/\/pracownieorange.pl\/debrzno\/news\/zielony-kacik-w-pracowni-orange\/#breadcrumb","itemListElement":[{"@type":"ListItem","position":1,"name":"Home","item":"https:\/\/pracownieorange.pl\/debrzno\/"},{"@type":"ListItem","position":2,"name":"Aktualno\u015bci","item":"https:\/\/pracownieorange.pl\/debrzno\/news\/"},{"@type":"ListItem","position":3,"name":"Zielony K\u0105cik w Pracowni Orange"}]},{"@type":"WebSite","@id":"https:\/\/pracownieorange.pl\/debrzno\/#website","url":"https:\/\/pracownieorange.pl\/debrzno\/","name":"Pracownia Orange Debrzno","description":"","potentialAction":[{"@type":"SearchAction","target":{"@type":"EntryPoint","urlTemplate":"https:\/\/pracownieorange.pl\/debrzno\/?s={search_term_string}"},"query-input":{"@type":"PropertyValueSpecification","valueRequired":true,"valueName":"search_term_string"}}],"inLanguage":"pl-PL"}]}},"_links":{"self":[{"href":"https:\/\/pracownieorange.pl\/debrzno\/wp-json\/wp\/v2\/news\/130","targetHints":{"allow":["GET"]}}],"collection":[{"href":"https:\/\/pracownieorange.pl\/debrzno\/wp-json\/wp\/v2\/news"}],"about":[{"href":"https:\/\/pracownieorange.pl\/debrzno\/wp-json\/wp\/v2\/types\/news"}],"author":[{"embeddable":true,"href":"https:\/\/pracownieorange.pl\/debrzno\/wp-json\/wp\/v2\/users\/204"}],"replies":[{"embeddable":true,"href":"https:\/\/pracownieorange.pl\/debrzno\/wp-json\/wp\/v2\/comments?post=130"}],"wp:featuredmedia":[{"embeddable":true,"href":"https:\/\/pracownieorange.pl\/debrzno\/wp-json\/wp\/v2\/media\/131"}],"wp:attachment":[{"href":"https:\/\/pracownieorange.pl\/debrzno\/wp-json\/wp\/v2\/media?parent=130"}],"curies":[{"name":"wp","href":"https:\/\/api.w.org\/{rel}","templated":true}]}}