

{"id":110,"date":"2024-07-10T08:51:53","date_gmt":"2024-07-10T06:51:53","guid":{"rendered":"https:\/\/pracownieorange.pl\/debrzno\/?post_type=news&#038;p=110"},"modified":"2024-07-14T21:35:23","modified_gmt":"2024-07-14T19:35:23","slug":"w-debrznie-powstala-zielona-wyspa","status":"publish","type":"news","link":"https:\/\/pracownieorange.pl\/debrzno\/news\/w-debrznie-powstala-zielona-wyspa\/","title":{"rendered":"W Debrznie powsta\u0142a Zielona Wyspa"},"content":{"rendered":"<p>Nasza\u00a0 IDEALNA dzika kwietna \u0142\u0105ka W Debrznie!<\/p>\n<p>Wi\u0119kszo\u015b\u0107 nasadze\u0144 to ro\u015bliny zielne m.in. sza\u0142wia, je\u017c\u00f3wki, melisa, lawenda, mi\u0119ta, kocimi\u0119tka, macierzanka oraz wiele innych bylin (ok. 30 r\u00f3\u017cnych gatunk\u00f3w, ponad 200 ro\u015blin!). Powsta\u0142o miejsce przyjazne owadom zapylaj\u0105cym i ludziom. Uda\u0142o nam si\u0119 zmniejszy\u0107 betonow\u0105 przestrze\u0144 o oko\u0142o 10 m2. Z czasem, gdy ro\u015bliny urosn\u0105 b\u0119dzie te\u017c troch\u0119 bardziej ch\u0142odno i wilgotno. I ziele\u0144 b\u0119dzie cieszy\u0107 i oko i zmys\u0142 w\u0119chu oraz uspokaja\u0107 umys\u0142<\/p>\n<p>Wszystko to praca naszej m\u0142odszej i starszej m\u0142odzie\u017cy, kt\u00f3ra cho\u0107 pogoda by\u0142a do\u015b\u0107 upalna &#8211; da\u0142a rad\u0119! Nie uda\u0142o by si\u0119 to r\u00f3wnie\u017c bez naszej niezast\u0105pionej Pani Gosi, kt\u00f3ra prowadzi Zielon\u0105 Pracownie w gospodarstwie sadowniczym.<br \/>\nOdbi\u00f3r naszego przedsi\u0119wzi\u0119cia na WIELKI +.<\/p>\n<p>Projekt &#8222;Masz wp\u0142yw. Przyroda i cz\u0142owiek&#8221; jest realizowany w ramach programu Pracowni Orange.<\/p>\n","protected":false},"excerpt":{"rendered":"<p>Nasza\u00a0 IDEALNA dzika kwietna \u0142\u0105ka W Debrznie! Wi\u0119kszo\u015b\u0107 nasadze\u0144 to [&hellip;]<\/p>\n","protected":false},"author":204,"featured_media":111,"comment_status":"open","ping_status":"closed","template":"","class_list":["post-110","news","type-news","status-publish","has-post-thumbnail","hentry"],"acf":[],"yoast_head":"<!-- This site is optimized with the Yoast SEO plugin v24.5 - https:\/\/yoast.com\/wordpress\/plugins\/seo\/ -->\n<title>W Debrznie powsta\u0142a Zielona Wyspa - Pracownia Orange Debrzno<\/title>\n<meta name=\"robots\" content=\"index, follow, max-snippet:-1, max-image-preview:large, max-video-preview:-1\" \/>\n<link rel=\"canonical\" href=\"https:\/\/pracownieorange.pl\/debrzno\/news\/w-debrznie-powstala-zielona-wyspa\/\" \/>\n<meta property=\"og:locale\" content=\"pl_PL\" \/>\n<meta property=\"og:type\" content=\"article\" \/>\n<meta property=\"og:title\" content=\"W Debrznie powsta\u0142a Zielona Wyspa - Pracownia Orange Debrzno\" \/>\n<meta property=\"og:description\" content=\"Nasza\u00a0 IDEALNA dzika kwietna \u0142\u0105ka W Debrznie! Wi\u0119kszo\u015b\u0107 nasadze\u0144 to [&hellip;]\" \/>\n<meta property=\"og:url\" content=\"https:\/\/pracownieorange.pl\/debrzno\/news\/w-debrznie-powstala-zielona-wyspa\/\" \/>\n<meta property=\"og:site_name\" content=\"Pracownia Orange Debrzno\" \/>\n<meta property=\"article:modified_time\" content=\"2024-07-14T19:35:23+00:00\" \/>\n<meta property=\"og:image\" content=\"https:\/\/pracownieorange.pl\/app\/uploads\/sites\/101\/2024\/07\/ef6e6714-4db4-4d7f-9f1c-899a4dd6218c.jpg\" \/>\n\t<meta property=\"og:image:width\" content=\"1764\" \/>\n\t<meta property=\"og:image:height\" content=\"952\" \/>\n\t<meta property=\"og:image:type\" content=\"image\/jpeg\" \/>\n<meta name=\"twitter:card\" content=\"summary_large_image\" \/>\n<meta name=\"twitter:label1\" content=\"Est. reading time\" \/>\n\t<meta name=\"twitter:data1\" content=\"1 minuta\" \/>\n<script type=\"application\/ld+json\" class=\"yoast-schema-graph\">{\"@context\":\"https:\/\/schema.org\",\"@graph\":[{\"@type\":\"WebPage\",\"@id\":\"https:\/\/pracownieorange.pl\/debrzno\/news\/w-debrznie-powstala-zielona-wyspa\/\",\"url\":\"https:\/\/pracownieorange.pl\/debrzno\/news\/w-debrznie-powstala-zielona-wyspa\/\",\"name\":\"W Debrznie powsta\u0142a Zielona Wyspa - Pracownia Orange Debrzno\",\"isPartOf\":{\"@id\":\"https:\/\/pracownieorange.pl\/debrzno\/#website\"},\"primaryImageOfPage\":{\"@id\":\"https:\/\/pracownieorange.pl\/debrzno\/news\/w-debrznie-powstala-zielona-wyspa\/#primaryimage\"},\"image\":{\"@id\":\"https:\/\/pracownieorange.pl\/debrzno\/news\/w-debrznie-powstala-zielona-wyspa\/#primaryimage\"},\"thumbnailUrl\":\"https:\/\/pracownieorange.pl\/app\/uploads\/sites\/101\/2024\/07\/ef6e6714-4db4-4d7f-9f1c-899a4dd6218c.jpg\",\"datePublished\":\"2024-07-10T06:51:53+00:00\",\"dateModified\":\"2024-07-14T19:35:23+00:00\",\"breadcrumb\":{\"@id\":\"https:\/\/pracownieorange.pl\/debrzno\/news\/w-debrznie-powstala-zielona-wyspa\/#breadcrumb\"},\"inLanguage\":\"pl-PL\",\"potentialAction\":[{\"@type\":\"ReadAction\",\"target\":[\"https:\/\/pracownieorange.pl\/debrzno\/news\/w-debrznie-powstala-zielona-wyspa\/\"]}]},{\"@type\":\"ImageObject\",\"inLanguage\":\"pl-PL\",\"@id\":\"https:\/\/pracownieorange.pl\/debrzno\/news\/w-debrznie-powstala-zielona-wyspa\/#primaryimage\",\"url\":\"https:\/\/pracownieorange.pl\/app\/uploads\/sites\/101\/2024\/07\/ef6e6714-4db4-4d7f-9f1c-899a4dd6218c.jpg\",\"contentUrl\":\"https:\/\/pracownieorange.pl\/app\/uploads\/sites\/101\/2024\/07\/ef6e6714-4db4-4d7f-9f1c-899a4dd6218c.jpg\",\"width\":1764,\"height\":952,\"caption\":\"posadzone kwiaty w starej fontannie\"},{\"@type\":\"BreadcrumbList\",\"@id\":\"https:\/\/pracownieorange.pl\/debrzno\/news\/w-debrznie-powstala-zielona-wyspa\/#breadcrumb\",\"itemListElement\":[{\"@type\":\"ListItem\",\"position\":1,\"name\":\"Home\",\"item\":\"https:\/\/pracownieorange.pl\/debrzno\/\"},{\"@type\":\"ListItem\",\"position\":2,\"name\":\"Aktualno\u015bci\",\"item\":\"https:\/\/pracownieorange.pl\/debrzno\/news\/\"},{\"@type\":\"ListItem\",\"position\":3,\"name\":\"W Debrznie powsta\u0142a Zielona Wyspa\"}]},{\"@type\":\"WebSite\",\"@id\":\"https:\/\/pracownieorange.pl\/debrzno\/#website\",\"url\":\"https:\/\/pracownieorange.pl\/debrzno\/\",\"name\":\"Pracownia Orange Debrzno\",\"description\":\"\",\"potentialAction\":[{\"@type\":\"SearchAction\",\"target\":{\"@type\":\"EntryPoint\",\"urlTemplate\":\"https:\/\/pracownieorange.pl\/debrzno\/?s={search_term_string}\"},\"query-input\":{\"@type\":\"PropertyValueSpecification\",\"valueRequired\":true,\"valueName\":\"search_term_string\"}}],\"inLanguage\":\"pl-PL\"}]}<\/script>\n<!-- \/ Yoast SEO plugin. -->","yoast_head_json":{"title":"W Debrznie powsta\u0142a Zielona Wyspa - Pracownia Orange Debrzno","robots":{"index":"index","follow":"follow","max-snippet":"max-snippet:-1","max-image-preview":"max-image-preview:large","max-video-preview":"max-video-preview:-1"},"canonical":"https:\/\/pracownieorange.pl\/debrzno\/news\/w-debrznie-powstala-zielona-wyspa\/","og_locale":"pl_PL","og_type":"article","og_title":"W Debrznie powsta\u0142a Zielona Wyspa - Pracownia Orange Debrzno","og_description":"Nasza\u00a0 IDEALNA dzika kwietna \u0142\u0105ka W Debrznie! Wi\u0119kszo\u015b\u0107 nasadze\u0144 to [&hellip;]","og_url":"https:\/\/pracownieorange.pl\/debrzno\/news\/w-debrznie-powstala-zielona-wyspa\/","og_site_name":"Pracownia Orange Debrzno","article_modified_time":"2024-07-14T19:35:23+00:00","og_image":[{"width":1764,"height":952,"url":"https:\/\/pracownieorange.pl\/app\/uploads\/sites\/101\/2024\/07\/ef6e6714-4db4-4d7f-9f1c-899a4dd6218c.jpg","type":"image\/jpeg"}],"twitter_card":"summary_large_image","twitter_misc":{"Est. reading time":"1 minuta"},"schema":{"@context":"https:\/\/schema.org","@graph":[{"@type":"WebPage","@id":"https:\/\/pracownieorange.pl\/debrzno\/news\/w-debrznie-powstala-zielona-wyspa\/","url":"https:\/\/pracownieorange.pl\/debrzno\/news\/w-debrznie-powstala-zielona-wyspa\/","name":"W Debrznie powsta\u0142a Zielona Wyspa - Pracownia Orange Debrzno","isPartOf":{"@id":"https:\/\/pracownieorange.pl\/debrzno\/#website"},"primaryImageOfPage":{"@id":"https:\/\/pracownieorange.pl\/debrzno\/news\/w-debrznie-powstala-zielona-wyspa\/#primaryimage"},"image":{"@id":"https:\/\/pracownieorange.pl\/debrzno\/news\/w-debrznie-powstala-zielona-wyspa\/#primaryimage"},"thumbnailUrl":"https:\/\/pracownieorange.pl\/app\/uploads\/sites\/101\/2024\/07\/ef6e6714-4db4-4d7f-9f1c-899a4dd6218c.jpg","datePublished":"2024-07-10T06:51:53+00:00","dateModified":"2024-07-14T19:35:23+00:00","breadcrumb":{"@id":"https:\/\/pracownieorange.pl\/debrzno\/news\/w-debrznie-powstala-zielona-wyspa\/#breadcrumb"},"inLanguage":"pl-PL","potentialAction":[{"@type":"ReadAction","target":["https:\/\/pracownieorange.pl\/debrzno\/news\/w-debrznie-powstala-zielona-wyspa\/"]}]},{"@type":"ImageObject","inLanguage":"pl-PL","@id":"https:\/\/pracownieorange.pl\/debrzno\/news\/w-debrznie-powstala-zielona-wyspa\/#primaryimage","url":"https:\/\/pracownieorange.pl\/app\/uploads\/sites\/101\/2024\/07\/ef6e6714-4db4-4d7f-9f1c-899a4dd6218c.jpg","contentUrl":"https:\/\/pracownieorange.pl\/app\/uploads\/sites\/101\/2024\/07\/ef6e6714-4db4-4d7f-9f1c-899a4dd6218c.jpg","width":1764,"height":952,"caption":"posadzone kwiaty w starej fontannie"},{"@type":"BreadcrumbList","@id":"https:\/\/pracownieorange.pl\/debrzno\/news\/w-debrznie-powstala-zielona-wyspa\/#breadcrumb","itemListElement":[{"@type":"ListItem","position":1,"name":"Home","item":"https:\/\/pracownieorange.pl\/debrzno\/"},{"@type":"ListItem","position":2,"name":"Aktualno\u015bci","item":"https:\/\/pracownieorange.pl\/debrzno\/news\/"},{"@type":"ListItem","position":3,"name":"W Debrznie powsta\u0142a Zielona Wyspa"}]},{"@type":"WebSite","@id":"https:\/\/pracownieorange.pl\/debrzno\/#website","url":"https:\/\/pracownieorange.pl\/debrzno\/","name":"Pracownia Orange Debrzno","description":"","potentialAction":[{"@type":"SearchAction","target":{"@type":"EntryPoint","urlTemplate":"https:\/\/pracownieorange.pl\/debrzno\/?s={search_term_string}"},"query-input":{"@type":"PropertyValueSpecification","valueRequired":true,"valueName":"search_term_string"}}],"inLanguage":"pl-PL"}]}},"_links":{"self":[{"href":"https:\/\/pracownieorange.pl\/debrzno\/wp-json\/wp\/v2\/news\/110","targetHints":{"allow":["GET"]}}],"collection":[{"href":"https:\/\/pracownieorange.pl\/debrzno\/wp-json\/wp\/v2\/news"}],"about":[{"href":"https:\/\/pracownieorange.pl\/debrzno\/wp-json\/wp\/v2\/types\/news"}],"author":[{"embeddable":true,"href":"https:\/\/pracownieorange.pl\/debrzno\/wp-json\/wp\/v2\/users\/204"}],"replies":[{"embeddable":true,"href":"https:\/\/pracownieorange.pl\/debrzno\/wp-json\/wp\/v2\/comments?post=110"}],"wp:featuredmedia":[{"embeddable":true,"href":"https:\/\/pracownieorange.pl\/debrzno\/wp-json\/wp\/v2\/media\/111"}],"wp:attachment":[{"href":"https:\/\/pracownieorange.pl\/debrzno\/wp-json\/wp\/v2\/media?parent=110"}],"curies":[{"name":"wp","href":"https:\/\/api.w.org\/{rel}","templated":true}]}}