

{"id":92,"date":"2024-04-09T22:04:56","date_gmt":"2024-04-09T20:04:56","guid":{"rendered":"https:\/\/pracownieorange.pl\/debowakloda\/?post_type=news&#038;p=92"},"modified":"2024-04-10T18:36:36","modified_gmt":"2024-04-10T16:36:36","slug":"dla-dobra-ziemi-w-pracowni-orange-w-debowej-klodzie","status":"publish","type":"news","link":"https:\/\/pracownieorange.pl\/debowakloda\/news\/dla-dobra-ziemi-w-pracowni-orange-w-debowej-klodzie\/","title":{"rendered":"Dla dobra ZIEMI w Pracowni Orange w D\u0119bowej K\u0142odzie"},"content":{"rendered":"<p>22 kwietnia \u015bwi\u0119tujemy Dzie\u0144 Ziemi. Z tej okazji zapraszamy wszystkich ch\u0119tnych do wzi\u0119cia udzia\u0142u w obchodach tego \u015bwi\u0119ta w Pracowni Orange dzia\u0142aj\u0105cej w Szkole Podstawowej im. Armii Krajowej w D\u0119bowej K\u0142odzie. B\u0119d\u0105 gry, zabawy i kreatywne warsztaty. Zaczynamy 22 kwietnia 2024 roku o godzinie 15:30. Mo\u017cecie przynie\u015b\u0107 ze sob\u0105 butelki plastikowe (mile widziane zielone, ale nie tylko).<\/p>\n<p>Dlaczego warto \u015bwi\u0119towa\u0107 ten dzie\u0144? Odpowied\u017a jest prosta.<\/p>\n<p>Dbanie o nasz\u0105 planet\u0119 to nie tylko obowi\u0105zek, ale r\u00f3wnie\u017c nasza wsp\u00f3lna odpowiedzialno\u015b\u0107. Oto kilka powod\u00f3w, dlaczego warto o ni\u0105 dba\u0107:<\/p>\n<ol>\n<li>Bior\u00f3\u017cnorodno\u015b\u0107: Nasza planeta jest domem dla milion\u00f3w gatunk\u00f3w ro\u015blin, zwierz\u0105t i mikroorganizm\u00f3w. Dbanie o \u015brodowisko naturalne pomaga zachowa\u0107 t\u0119 r\u00f3\u017cnorodno\u015b\u0107 i chroni\u0107 zagro\u017cone gatunki.<\/li>\n<li>Zmiany klimatyczne: Nasze dzia\u0142ania wp\u0142ywaj\u0105 na klimat. Emisja gaz\u00f3w cieplarnianych, wylesianie i zanieczyszczenie powietrza przyczyniaj\u0105 si\u0119 do globalnego ocieplenia. Dbanie o planet\u0119 to walka z tymi zmianami.<\/li>\n<li>Zasoby naturalne: Nasza planeta dostarcza nam surowc\u00f3w, \u017cywno\u015bci i wody. Odpowiedzialne zarz\u0105dzanie zasobami naturalnymi pozwala na ich zachowanie dla przysz\u0142ych pokole\u0144.<\/li>\n<li>Ochrona ekosystem\u00f3w: Ekosystemy, takie jak lasy, oceany i bagna, pe\u0142ni\u0105 kluczow\u0105 rol\u0119 w regulacji klimatu, oczyszczaniu powietrza i wodzie oraz zapewnianiu schronienia dla dzikich zwierz\u0105t.<\/li>\n<li>Zdrowie ludzi: Czyste powietrze, woda i \u017cywno\u015b\u0107 s\u0105 niezb\u0119dne dla naszego zdrowia. Dbanie o planet\u0119 to dbanie o nas samych.<\/li>\n<\/ol>\n<p>Jak mo\u017cemy dzia\u0142a\u0107? Oto kilka prostych krok\u00f3w:<\/p>\n<ol>\n<li>Segregacja odpad\u00f3w: Wydzielajmy plastik, papier, szk\u0142o i inne materia\u0142y. To pomaga w recyklingu i ogranicza ilo\u015b\u0107 odpad\u00f3w.<\/li>\n<li>Oszcz\u0119dzanie energii: Wy\u0142\u0105czajmy \u015bwiat\u0142o i urz\u0105dzenia elektryczne, gdy ich nie u\u017cywamy. Wybierajmy energooszcz\u0119dne \u017ar\u00f3d\u0142a energii.<\/li>\n<li>Zr\u00f3wnowa\u017cona konsumpcja: Kupujmy produkty lokalne, unikajmy plastikowych opakowa\u0144 i wybierajmy produkty oznaczone jako ekologiczne.<\/li>\n<li>Droga do ochrony planety zaczyna si\u0119 od naszych codziennych wybor\u00f3w. Ka\u017cdy ma wp\u0142yw, a ma\u0142e kroki prowadz\u0105 do wielkich zmian!<\/li>\n<\/ol>\n","protected":false},"excerpt":{"rendered":"<p>22 kwietnia \u015bwi\u0119tujemy Dzie\u0144 Ziemi. Z tej okazji zapraszamy wszystkich [&hellip;]<\/p>\n","protected":false},"author":205,"featured_media":93,"comment_status":"open","ping_status":"closed","template":"","class_list":["post-92","news","type-news","status-publish","has-post-thumbnail","hentry"],"acf":[],"yoast_head":"<!-- This site is optimized with the Yoast SEO plugin v24.5 - https:\/\/yoast.com\/wordpress\/plugins\/seo\/ -->\n<title>Dla dobra ZIEMI w Pracowni Orange w D\u0119bowej K\u0142odzie - Pracownia Orange D\u0119bowa K\u0142oda<\/title>\n<meta name=\"robots\" content=\"index, follow, max-snippet:-1, max-image-preview:large, max-video-preview:-1\" \/>\n<link rel=\"canonical\" href=\"https:\/\/pracownieorange.pl\/debowakloda\/news\/dla-dobra-ziemi-w-pracowni-orange-w-debowej-klodzie\/\" \/>\n<meta property=\"og:locale\" content=\"pl_PL\" \/>\n<meta property=\"og:type\" content=\"article\" \/>\n<meta property=\"og:title\" content=\"Dla dobra ZIEMI w Pracowni Orange w D\u0119bowej K\u0142odzie - Pracownia Orange D\u0119bowa K\u0142oda\" \/>\n<meta property=\"og:description\" content=\"22 kwietnia \u015bwi\u0119tujemy Dzie\u0144 Ziemi. Z tej okazji zapraszamy wszystkich [&hellip;]\" \/>\n<meta property=\"og:url\" content=\"https:\/\/pracownieorange.pl\/debowakloda\/news\/dla-dobra-ziemi-w-pracowni-orange-w-debowej-klodzie\/\" \/>\n<meta property=\"og:site_name\" content=\"Pracownia Orange D\u0119bowa K\u0142oda\" \/>\n<meta property=\"article:modified_time\" content=\"2024-04-10T16:36:36+00:00\" \/>\n<meta property=\"og:image\" content=\"https:\/\/pracownieorange.pl\/app\/uploads\/sites\/102\/2024\/04\/1.png\" \/>\n\t<meta property=\"og:image:width\" content=\"2000\" \/>\n\t<meta property=\"og:image:height\" content=\"1414\" \/>\n\t<meta property=\"og:image:type\" content=\"image\/png\" \/>\n<meta name=\"twitter:card\" content=\"summary_large_image\" \/>\n<meta name=\"twitter:label1\" content=\"Est. reading time\" \/>\n\t<meta name=\"twitter:data1\" content=\"2 minuty\" \/>\n<script type=\"application\/ld+json\" class=\"yoast-schema-graph\">{\"@context\":\"https:\/\/schema.org\",\"@graph\":[{\"@type\":\"WebPage\",\"@id\":\"https:\/\/pracownieorange.pl\/debowakloda\/news\/dla-dobra-ziemi-w-pracowni-orange-w-debowej-klodzie\/\",\"url\":\"https:\/\/pracownieorange.pl\/debowakloda\/news\/dla-dobra-ziemi-w-pracowni-orange-w-debowej-klodzie\/\",\"name\":\"Dla dobra ZIEMI w Pracowni Orange w D\u0119bowej K\u0142odzie - Pracownia Orange D\u0119bowa K\u0142oda\",\"isPartOf\":{\"@id\":\"https:\/\/pracownieorange.pl\/debowakloda\/#website\"},\"primaryImageOfPage\":{\"@id\":\"https:\/\/pracownieorange.pl\/debowakloda\/news\/dla-dobra-ziemi-w-pracowni-orange-w-debowej-klodzie\/#primaryimage\"},\"image\":{\"@id\":\"https:\/\/pracownieorange.pl\/debowakloda\/news\/dla-dobra-ziemi-w-pracowni-orange-w-debowej-klodzie\/#primaryimage\"},\"thumbnailUrl\":\"https:\/\/pracownieorange.pl\/app\/uploads\/sites\/102\/2024\/04\/1.png\",\"datePublished\":\"2024-04-09T20:04:56+00:00\",\"dateModified\":\"2024-04-10T16:36:36+00:00\",\"breadcrumb\":{\"@id\":\"https:\/\/pracownieorange.pl\/debowakloda\/news\/dla-dobra-ziemi-w-pracowni-orange-w-debowej-klodzie\/#breadcrumb\"},\"inLanguage\":\"pl-PL\",\"potentialAction\":[{\"@type\":\"ReadAction\",\"target\":[\"https:\/\/pracownieorange.pl\/debowakloda\/news\/dla-dobra-ziemi-w-pracowni-orange-w-debowej-klodzie\/\"]}]},{\"@type\":\"ImageObject\",\"inLanguage\":\"pl-PL\",\"@id\":\"https:\/\/pracownieorange.pl\/debowakloda\/news\/dla-dobra-ziemi-w-pracowni-orange-w-debowej-klodzie\/#primaryimage\",\"url\":\"https:\/\/pracownieorange.pl\/app\/uploads\/sites\/102\/2024\/04\/1.png\",\"contentUrl\":\"https:\/\/pracownieorange.pl\/app\/uploads\/sites\/102\/2024\/04\/1.png\",\"width\":2000,\"height\":1414,\"caption\":\"Zaproszenie do wsp\u00f3lnego \u015bwi\u0119towania Dnia Ziemi w Pracowni Orange w D\u0119bowej K\u0142odzie\"},{\"@type\":\"BreadcrumbList\",\"@id\":\"https:\/\/pracownieorange.pl\/debowakloda\/news\/dla-dobra-ziemi-w-pracowni-orange-w-debowej-klodzie\/#breadcrumb\",\"itemListElement\":[{\"@type\":\"ListItem\",\"position\":1,\"name\":\"Home\",\"item\":\"https:\/\/pracownieorange.pl\/debowakloda\/\"},{\"@type\":\"ListItem\",\"position\":2,\"name\":\"Aktualno\u015bci\",\"item\":\"https:\/\/pracownieorange.pl\/debowakloda\/news\/\"},{\"@type\":\"ListItem\",\"position\":3,\"name\":\"Dla dobra ZIEMI w Pracowni Orange w D\u0119bowej K\u0142odzie\"}]},{\"@type\":\"WebSite\",\"@id\":\"https:\/\/pracownieorange.pl\/debowakloda\/#website\",\"url\":\"https:\/\/pracownieorange.pl\/debowakloda\/\",\"name\":\"Pracownia Orange D\u0119bowa K\u0142oda\",\"description\":\"\",\"potentialAction\":[{\"@type\":\"SearchAction\",\"target\":{\"@type\":\"EntryPoint\",\"urlTemplate\":\"https:\/\/pracownieorange.pl\/debowakloda\/?s={search_term_string}\"},\"query-input\":{\"@type\":\"PropertyValueSpecification\",\"valueRequired\":true,\"valueName\":\"search_term_string\"}}],\"inLanguage\":\"pl-PL\"}]}<\/script>\n<!-- \/ Yoast SEO plugin. -->","yoast_head_json":{"title":"Dla dobra ZIEMI w Pracowni Orange w D\u0119bowej K\u0142odzie - Pracownia Orange D\u0119bowa K\u0142oda","robots":{"index":"index","follow":"follow","max-snippet":"max-snippet:-1","max-image-preview":"max-image-preview:large","max-video-preview":"max-video-preview:-1"},"canonical":"https:\/\/pracownieorange.pl\/debowakloda\/news\/dla-dobra-ziemi-w-pracowni-orange-w-debowej-klodzie\/","og_locale":"pl_PL","og_type":"article","og_title":"Dla dobra ZIEMI w Pracowni Orange w D\u0119bowej K\u0142odzie - Pracownia Orange D\u0119bowa K\u0142oda","og_description":"22 kwietnia \u015bwi\u0119tujemy Dzie\u0144 Ziemi. Z tej okazji zapraszamy wszystkich [&hellip;]","og_url":"https:\/\/pracownieorange.pl\/debowakloda\/news\/dla-dobra-ziemi-w-pracowni-orange-w-debowej-klodzie\/","og_site_name":"Pracownia Orange D\u0119bowa K\u0142oda","article_modified_time":"2024-04-10T16:36:36+00:00","og_image":[{"width":2000,"height":1414,"url":"https:\/\/pracownieorange.pl\/app\/uploads\/sites\/102\/2024\/04\/1.png","type":"image\/png"}],"twitter_card":"summary_large_image","twitter_misc":{"Est. reading time":"2 minuty"},"schema":{"@context":"https:\/\/schema.org","@graph":[{"@type":"WebPage","@id":"https:\/\/pracownieorange.pl\/debowakloda\/news\/dla-dobra-ziemi-w-pracowni-orange-w-debowej-klodzie\/","url":"https:\/\/pracownieorange.pl\/debowakloda\/news\/dla-dobra-ziemi-w-pracowni-orange-w-debowej-klodzie\/","name":"Dla dobra ZIEMI w Pracowni Orange w D\u0119bowej K\u0142odzie - Pracownia Orange D\u0119bowa K\u0142oda","isPartOf":{"@id":"https:\/\/pracownieorange.pl\/debowakloda\/#website"},"primaryImageOfPage":{"@id":"https:\/\/pracownieorange.pl\/debowakloda\/news\/dla-dobra-ziemi-w-pracowni-orange-w-debowej-klodzie\/#primaryimage"},"image":{"@id":"https:\/\/pracownieorange.pl\/debowakloda\/news\/dla-dobra-ziemi-w-pracowni-orange-w-debowej-klodzie\/#primaryimage"},"thumbnailUrl":"https:\/\/pracownieorange.pl\/app\/uploads\/sites\/102\/2024\/04\/1.png","datePublished":"2024-04-09T20:04:56+00:00","dateModified":"2024-04-10T16:36:36+00:00","breadcrumb":{"@id":"https:\/\/pracownieorange.pl\/debowakloda\/news\/dla-dobra-ziemi-w-pracowni-orange-w-debowej-klodzie\/#breadcrumb"},"inLanguage":"pl-PL","potentialAction":[{"@type":"ReadAction","target":["https:\/\/pracownieorange.pl\/debowakloda\/news\/dla-dobra-ziemi-w-pracowni-orange-w-debowej-klodzie\/"]}]},{"@type":"ImageObject","inLanguage":"pl-PL","@id":"https:\/\/pracownieorange.pl\/debowakloda\/news\/dla-dobra-ziemi-w-pracowni-orange-w-debowej-klodzie\/#primaryimage","url":"https:\/\/pracownieorange.pl\/app\/uploads\/sites\/102\/2024\/04\/1.png","contentUrl":"https:\/\/pracownieorange.pl\/app\/uploads\/sites\/102\/2024\/04\/1.png","width":2000,"height":1414,"caption":"Zaproszenie do wsp\u00f3lnego \u015bwi\u0119towania Dnia Ziemi w Pracowni Orange w D\u0119bowej K\u0142odzie"},{"@type":"BreadcrumbList","@id":"https:\/\/pracownieorange.pl\/debowakloda\/news\/dla-dobra-ziemi-w-pracowni-orange-w-debowej-klodzie\/#breadcrumb","itemListElement":[{"@type":"ListItem","position":1,"name":"Home","item":"https:\/\/pracownieorange.pl\/debowakloda\/"},{"@type":"ListItem","position":2,"name":"Aktualno\u015bci","item":"https:\/\/pracownieorange.pl\/debowakloda\/news\/"},{"@type":"ListItem","position":3,"name":"Dla dobra ZIEMI w Pracowni Orange w D\u0119bowej K\u0142odzie"}]},{"@type":"WebSite","@id":"https:\/\/pracownieorange.pl\/debowakloda\/#website","url":"https:\/\/pracownieorange.pl\/debowakloda\/","name":"Pracownia Orange D\u0119bowa K\u0142oda","description":"","potentialAction":[{"@type":"SearchAction","target":{"@type":"EntryPoint","urlTemplate":"https:\/\/pracownieorange.pl\/debowakloda\/?s={search_term_string}"},"query-input":{"@type":"PropertyValueSpecification","valueRequired":true,"valueName":"search_term_string"}}],"inLanguage":"pl-PL"}]}},"_links":{"self":[{"href":"https:\/\/pracownieorange.pl\/debowakloda\/wp-json\/wp\/v2\/news\/92","targetHints":{"allow":["GET"]}}],"collection":[{"href":"https:\/\/pracownieorange.pl\/debowakloda\/wp-json\/wp\/v2\/news"}],"about":[{"href":"https:\/\/pracownieorange.pl\/debowakloda\/wp-json\/wp\/v2\/types\/news"}],"author":[{"embeddable":true,"href":"https:\/\/pracownieorange.pl\/debowakloda\/wp-json\/wp\/v2\/users\/205"}],"replies":[{"embeddable":true,"href":"https:\/\/pracownieorange.pl\/debowakloda\/wp-json\/wp\/v2\/comments?post=92"}],"wp:featuredmedia":[{"embeddable":true,"href":"https:\/\/pracownieorange.pl\/debowakloda\/wp-json\/wp\/v2\/media\/93"}],"wp:attachment":[{"href":"https:\/\/pracownieorange.pl\/debowakloda\/wp-json\/wp\/v2\/media?parent=92"}],"curies":[{"name":"wp","href":"https:\/\/api.w.org\/{rel}","templated":true}]}}