

{"id":88,"date":"2024-04-04T09:37:54","date_gmt":"2024-04-04T07:37:54","guid":{"rendered":"https:\/\/pracownieorange.pl\/debowakloda\/?post_type=news&#038;p=88"},"modified":"2024-04-05T15:29:27","modified_gmt":"2024-04-05T13:29:27","slug":"marzec-w-pracowni-orange-w-debowej-klodzie","status":"publish","type":"news","link":"https:\/\/pracownieorange.pl\/debowakloda\/news\/marzec-w-pracowni-orange-w-debowej-klodzie\/","title":{"rendered":"Marzec w Pracowni Orange w D\u0119bowej K\u0142odzie"},"content":{"rendered":"<p>Za nami marzec, kt\u00f3ry obfitowa\u0142 w wydarzenia na Pracowni Orange dzia\u0142aj\u0105cej w Szkole Podstawowej im. Armii Krajowej w D\u0119bowej K\u0142odzie.<\/p>\n<p>6 marca odby\u0142y si\u0119 warsztaty dotycz\u0105ce wykorzystywania LOFI Robot\u00f3w w dzia\u0142aniach edukacyjnych. Szkolenie poprowadzi\u0142 Maciej Wojnicki &#8211; \u00a0projektant, konstruktor oraz programista z LOFI Robot. Szkolenie zosta\u0142o zrealizowane dzi\u0119ki Fundacji Orange. By\u0142 to tw\u00f3rczy czas, pe\u0142en inspiracji i dzia\u0142ania.<\/p>\n<p>8 marca w naszej Pracowni Orange pojawi\u0142a si\u0119 przestrze\u0144 do \u015bwi\u0119towania Dnia Kobiet. Na nasze zaproszenie odpowiedzia\u0142a du\u017ca grupa pa\u0144, co nas niezmiernie ucieszy\u0142o. W trakcie wsp\u00f3lnego \u015bwi\u0119towania odby\u0142y si\u0119 warsztaty z tworzenia bi\u017cuterii, kt\u00f3re poprowadzi\u0142a \u0141ucja Furmaniuk. Ten punkt programu skierowany by\u0142 do najm\u0142odszych uczestniczek wydarzenia, ale okaza\u0142o si\u0119, \u017ce tworzenie koralik\u00f3w, bransoletek czy zawieszek do telefon\u00f3w jest zaj\u0119ciem wci\u0105gaj\u0105cym, niezale\u017cnie od wieku. Du\u017ce uznanie, brawa i podzi\u0119kowania nale\u017c\u0105 si\u0119 \u0141ucji Uss, kt\u00f3ra podzieli\u0142a si\u0119 swoj\u0105 wiedz\u0105, do\u015bwiadczeniem i umiej\u0119tno\u015bciami dotycz\u0105cymi tajnik\u00f3w makija\u017cu. Spod jej kosmetycznego p\u0119dzla wysz\u0142y przepi\u0119kne makija\u017ce wieczorowe, karnawa\u0142owe b\u0105d\u017a subtelnie podkre\u015blaj\u0105ce pi\u0119kno kobiecej twarzy, makija\u017ce dzienne. Kolejka na \u201emakeupowe krzes\u0142o\u201d wydawa\u0142a si\u0119 nie mie\u0107 ko\u0144ca. Ka\u017cda z uczestniczek spotkania mog\u0142a poczu\u0107 si\u0119 te\u017c jak fotomodelka i stan\u0105\u0107 przed obiektywem aparatu, podczas sesji fotograficznej wykonanej przez Ann\u0119 Kozak. By\u0142 to dobry czas, pe\u0142en kobiecej rado\u015bci, \u017cyczliwo\u015bci i wsp\u00f3\u0142dzia\u0142ania.<\/p>\n<p>21\u00a0marca w Pracowni Orange w D\u0119bowej K\u0142odzie odby\u0142y si\u0119 Warsztaty Wielkanocne. Uczestnicy warsztat\u00f3w odkrywali swoje tw\u00f3rcze talenty, a radosna atmosfera udziela\u0142a si\u0119 ka\u017cdemu. Powsta\u0142e kompozycje mog\u0142y cieszy\u0107 domownik\u00f3w przy \u015bwi\u0105tecznym stole.<\/p>\n","protected":false},"excerpt":{"rendered":"<p>Za nami marzec, kt\u00f3ry obfitowa\u0142 w wydarzenia na Pracowni Orange [&hellip;]<\/p>\n","protected":false},"author":205,"featured_media":89,"comment_status":"open","ping_status":"closed","template":"","class_list":["post-88","news","type-news","status-publish","has-post-thumbnail","hentry"],"acf":[],"yoast_head":"<!-- This site is optimized with the Yoast SEO plugin v24.5 - https:\/\/yoast.com\/wordpress\/plugins\/seo\/ -->\n<title>Marzec w Pracowni Orange w D\u0119bowej K\u0142odzie - Pracownia Orange D\u0119bowa K\u0142oda<\/title>\n<meta name=\"robots\" content=\"index, follow, max-snippet:-1, max-image-preview:large, max-video-preview:-1\" \/>\n<link rel=\"canonical\" href=\"https:\/\/pracownieorange.pl\/debowakloda\/news\/marzec-w-pracowni-orange-w-debowej-klodzie\/\" \/>\n<meta property=\"og:locale\" content=\"pl_PL\" \/>\n<meta property=\"og:type\" content=\"article\" \/>\n<meta property=\"og:title\" content=\"Marzec w Pracowni Orange w D\u0119bowej K\u0142odzie - Pracownia Orange D\u0119bowa K\u0142oda\" \/>\n<meta property=\"og:description\" content=\"Za nami marzec, kt\u00f3ry obfitowa\u0142 w wydarzenia na Pracowni Orange [&hellip;]\" \/>\n<meta property=\"og:url\" content=\"https:\/\/pracownieorange.pl\/debowakloda\/news\/marzec-w-pracowni-orange-w-debowej-klodzie\/\" \/>\n<meta property=\"og:site_name\" content=\"Pracownia Orange D\u0119bowa K\u0142oda\" \/>\n<meta property=\"article:modified_time\" content=\"2024-04-05T13:29:27+00:00\" \/>\n<meta property=\"og:image\" content=\"https:\/\/pracownieorange.pl\/app\/uploads\/sites\/102\/2024\/04\/szkolenie-roboty.jpg\" \/>\n\t<meta property=\"og:image:width\" content=\"1536\" \/>\n\t<meta property=\"og:image:height\" content=\"2048\" \/>\n\t<meta property=\"og:image:type\" content=\"image\/jpeg\" \/>\n<meta name=\"twitter:card\" content=\"summary_large_image\" \/>\n<meta name=\"twitter:label1\" content=\"Est. reading time\" \/>\n\t<meta name=\"twitter:data1\" content=\"2 minuty\" \/>\n<script type=\"application\/ld+json\" class=\"yoast-schema-graph\">{\"@context\":\"https:\/\/schema.org\",\"@graph\":[{\"@type\":\"WebPage\",\"@id\":\"https:\/\/pracownieorange.pl\/debowakloda\/news\/marzec-w-pracowni-orange-w-debowej-klodzie\/\",\"url\":\"https:\/\/pracownieorange.pl\/debowakloda\/news\/marzec-w-pracowni-orange-w-debowej-klodzie\/\",\"name\":\"Marzec w Pracowni Orange w D\u0119bowej K\u0142odzie - Pracownia Orange D\u0119bowa K\u0142oda\",\"isPartOf\":{\"@id\":\"https:\/\/pracownieorange.pl\/debowakloda\/#website\"},\"primaryImageOfPage\":{\"@id\":\"https:\/\/pracownieorange.pl\/debowakloda\/news\/marzec-w-pracowni-orange-w-debowej-klodzie\/#primaryimage\"},\"image\":{\"@id\":\"https:\/\/pracownieorange.pl\/debowakloda\/news\/marzec-w-pracowni-orange-w-debowej-klodzie\/#primaryimage\"},\"thumbnailUrl\":\"https:\/\/pracownieorange.pl\/app\/uploads\/sites\/102\/2024\/04\/szkolenie-roboty.jpg\",\"datePublished\":\"2024-04-04T07:37:54+00:00\",\"dateModified\":\"2024-04-05T13:29:27+00:00\",\"breadcrumb\":{\"@id\":\"https:\/\/pracownieorange.pl\/debowakloda\/news\/marzec-w-pracowni-orange-w-debowej-klodzie\/#breadcrumb\"},\"inLanguage\":\"pl-PL\",\"potentialAction\":[{\"@type\":\"ReadAction\",\"target\":[\"https:\/\/pracownieorange.pl\/debowakloda\/news\/marzec-w-pracowni-orange-w-debowej-klodzie\/\"]}]},{\"@type\":\"ImageObject\",\"inLanguage\":\"pl-PL\",\"@id\":\"https:\/\/pracownieorange.pl\/debowakloda\/news\/marzec-w-pracowni-orange-w-debowej-klodzie\/#primaryimage\",\"url\":\"https:\/\/pracownieorange.pl\/app\/uploads\/sites\/102\/2024\/04\/szkolenie-roboty.jpg\",\"contentUrl\":\"https:\/\/pracownieorange.pl\/app\/uploads\/sites\/102\/2024\/04\/szkolenie-roboty.jpg\",\"width\":1536,\"height\":2048,\"caption\":\"Warsztaty z wykorzystania robot\u00f3w Lofi\"},{\"@type\":\"BreadcrumbList\",\"@id\":\"https:\/\/pracownieorange.pl\/debowakloda\/news\/marzec-w-pracowni-orange-w-debowej-klodzie\/#breadcrumb\",\"itemListElement\":[{\"@type\":\"ListItem\",\"position\":1,\"name\":\"Home\",\"item\":\"https:\/\/pracownieorange.pl\/debowakloda\/\"},{\"@type\":\"ListItem\",\"position\":2,\"name\":\"Aktualno\u015bci\",\"item\":\"https:\/\/pracownieorange.pl\/debowakloda\/news\/\"},{\"@type\":\"ListItem\",\"position\":3,\"name\":\"Marzec w Pracowni Orange w D\u0119bowej K\u0142odzie\"}]},{\"@type\":\"WebSite\",\"@id\":\"https:\/\/pracownieorange.pl\/debowakloda\/#website\",\"url\":\"https:\/\/pracownieorange.pl\/debowakloda\/\",\"name\":\"Pracownia Orange D\u0119bowa K\u0142oda\",\"description\":\"\",\"potentialAction\":[{\"@type\":\"SearchAction\",\"target\":{\"@type\":\"EntryPoint\",\"urlTemplate\":\"https:\/\/pracownieorange.pl\/debowakloda\/?s={search_term_string}\"},\"query-input\":{\"@type\":\"PropertyValueSpecification\",\"valueRequired\":true,\"valueName\":\"search_term_string\"}}],\"inLanguage\":\"pl-PL\"}]}<\/script>\n<!-- \/ Yoast SEO plugin. -->","yoast_head_json":{"title":"Marzec w Pracowni Orange w D\u0119bowej K\u0142odzie - Pracownia Orange D\u0119bowa K\u0142oda","robots":{"index":"index","follow":"follow","max-snippet":"max-snippet:-1","max-image-preview":"max-image-preview:large","max-video-preview":"max-video-preview:-1"},"canonical":"https:\/\/pracownieorange.pl\/debowakloda\/news\/marzec-w-pracowni-orange-w-debowej-klodzie\/","og_locale":"pl_PL","og_type":"article","og_title":"Marzec w Pracowni Orange w D\u0119bowej K\u0142odzie - Pracownia Orange D\u0119bowa K\u0142oda","og_description":"Za nami marzec, kt\u00f3ry obfitowa\u0142 w wydarzenia na Pracowni Orange [&hellip;]","og_url":"https:\/\/pracownieorange.pl\/debowakloda\/news\/marzec-w-pracowni-orange-w-debowej-klodzie\/","og_site_name":"Pracownia Orange D\u0119bowa K\u0142oda","article_modified_time":"2024-04-05T13:29:27+00:00","og_image":[{"width":1536,"height":2048,"url":"https:\/\/pracownieorange.pl\/app\/uploads\/sites\/102\/2024\/04\/szkolenie-roboty.jpg","type":"image\/jpeg"}],"twitter_card":"summary_large_image","twitter_misc":{"Est. reading time":"2 minuty"},"schema":{"@context":"https:\/\/schema.org","@graph":[{"@type":"WebPage","@id":"https:\/\/pracownieorange.pl\/debowakloda\/news\/marzec-w-pracowni-orange-w-debowej-klodzie\/","url":"https:\/\/pracownieorange.pl\/debowakloda\/news\/marzec-w-pracowni-orange-w-debowej-klodzie\/","name":"Marzec w Pracowni Orange w D\u0119bowej K\u0142odzie - Pracownia Orange D\u0119bowa K\u0142oda","isPartOf":{"@id":"https:\/\/pracownieorange.pl\/debowakloda\/#website"},"primaryImageOfPage":{"@id":"https:\/\/pracownieorange.pl\/debowakloda\/news\/marzec-w-pracowni-orange-w-debowej-klodzie\/#primaryimage"},"image":{"@id":"https:\/\/pracownieorange.pl\/debowakloda\/news\/marzec-w-pracowni-orange-w-debowej-klodzie\/#primaryimage"},"thumbnailUrl":"https:\/\/pracownieorange.pl\/app\/uploads\/sites\/102\/2024\/04\/szkolenie-roboty.jpg","datePublished":"2024-04-04T07:37:54+00:00","dateModified":"2024-04-05T13:29:27+00:00","breadcrumb":{"@id":"https:\/\/pracownieorange.pl\/debowakloda\/news\/marzec-w-pracowni-orange-w-debowej-klodzie\/#breadcrumb"},"inLanguage":"pl-PL","potentialAction":[{"@type":"ReadAction","target":["https:\/\/pracownieorange.pl\/debowakloda\/news\/marzec-w-pracowni-orange-w-debowej-klodzie\/"]}]},{"@type":"ImageObject","inLanguage":"pl-PL","@id":"https:\/\/pracownieorange.pl\/debowakloda\/news\/marzec-w-pracowni-orange-w-debowej-klodzie\/#primaryimage","url":"https:\/\/pracownieorange.pl\/app\/uploads\/sites\/102\/2024\/04\/szkolenie-roboty.jpg","contentUrl":"https:\/\/pracownieorange.pl\/app\/uploads\/sites\/102\/2024\/04\/szkolenie-roboty.jpg","width":1536,"height":2048,"caption":"Warsztaty z wykorzystania robot\u00f3w Lofi"},{"@type":"BreadcrumbList","@id":"https:\/\/pracownieorange.pl\/debowakloda\/news\/marzec-w-pracowni-orange-w-debowej-klodzie\/#breadcrumb","itemListElement":[{"@type":"ListItem","position":1,"name":"Home","item":"https:\/\/pracownieorange.pl\/debowakloda\/"},{"@type":"ListItem","position":2,"name":"Aktualno\u015bci","item":"https:\/\/pracownieorange.pl\/debowakloda\/news\/"},{"@type":"ListItem","position":3,"name":"Marzec w Pracowni Orange w D\u0119bowej K\u0142odzie"}]},{"@type":"WebSite","@id":"https:\/\/pracownieorange.pl\/debowakloda\/#website","url":"https:\/\/pracownieorange.pl\/debowakloda\/","name":"Pracownia Orange D\u0119bowa K\u0142oda","description":"","potentialAction":[{"@type":"SearchAction","target":{"@type":"EntryPoint","urlTemplate":"https:\/\/pracownieorange.pl\/debowakloda\/?s={search_term_string}"},"query-input":{"@type":"PropertyValueSpecification","valueRequired":true,"valueName":"search_term_string"}}],"inLanguage":"pl-PL"}]}},"_links":{"self":[{"href":"https:\/\/pracownieorange.pl\/debowakloda\/wp-json\/wp\/v2\/news\/88","targetHints":{"allow":["GET"]}}],"collection":[{"href":"https:\/\/pracownieorange.pl\/debowakloda\/wp-json\/wp\/v2\/news"}],"about":[{"href":"https:\/\/pracownieorange.pl\/debowakloda\/wp-json\/wp\/v2\/types\/news"}],"author":[{"embeddable":true,"href":"https:\/\/pracownieorange.pl\/debowakloda\/wp-json\/wp\/v2\/users\/205"}],"replies":[{"embeddable":true,"href":"https:\/\/pracownieorange.pl\/debowakloda\/wp-json\/wp\/v2\/comments?post=88"}],"wp:featuredmedia":[{"embeddable":true,"href":"https:\/\/pracownieorange.pl\/debowakloda\/wp-json\/wp\/v2\/media\/89"}],"wp:attachment":[{"href":"https:\/\/pracownieorange.pl\/debowakloda\/wp-json\/wp\/v2\/media?parent=88"}],"curies":[{"name":"wp","href":"https:\/\/api.w.org\/{rel}","templated":true}]}}