

{"id":23,"name":"El\u017cbieta Fija\u0142kowska","url":"","description":"","link":"https:\/\/pracownieorange.pl\/czarne\/author\/stowarzyszenieszansa\/","slug":"stowarzyszenieszansa","avatar_urls":{"24":"https:\/\/secure.gravatar.com\/avatar\/b1eaad3169198e6fc12b3c5a51c7ed36?s=24&d=mm&r=g","48":"https:\/\/secure.gravatar.com\/avatar\/b1eaad3169198e6fc12b3c5a51c7ed36?s=48&d=mm&r=g","96":"https:\/\/secure.gravatar.com\/avatar\/b1eaad3169198e6fc12b3c5a51c7ed36?s=96&d=mm&r=g"},"meta":[],"acf":[],"yoast_head":"<!-- This site is optimized with the Yoast SEO plugin v24.5 - https:\/\/yoast.com\/wordpress\/plugins\/seo\/ -->\n<title>Pracownia Orange Czarne<\/title>\n<meta name=\"description\" content=\"Kreatywna Pracownia Orange to przestrze\u0144 do nauki, wsp\u00f3\u0142pracy i rozwoju kompetencji cyfrowych, spo\u0142ecznych i tw\u00f3rczych dla dzieci, m\u0142odzie\u017cy i doros\u0142ych.\" \/>\n<meta name=\"robots\" content=\"index, follow, max-snippet:-1, max-image-preview:large, max-video-preview:-1\" \/>\n<link rel=\"canonical\" href=\"https:\/\/pracownieorange.pl\/czarne\/author\/stowarzyszenieszansa\/\" \/>\n<meta property=\"og:locale\" content=\"pl_PL\" \/>\n<meta property=\"og:type\" content=\"profile\" \/>\n<meta property=\"og:title\" content=\"Pracownia Orange Czarne\" \/>\n<meta property=\"og:description\" content=\"Kreatywna Pracownia Orange to przestrze\u0144 do nauki, wsp\u00f3\u0142pracy i rozwoju kompetencji cyfrowych, spo\u0142ecznych i tw\u00f3rczych dla dzieci, m\u0142odzie\u017cy i doros\u0142ych.\" \/>\n<meta property=\"og:url\" content=\"https:\/\/pracownieorange.pl\/czarne\/author\/stowarzyszenieszansa\/\" \/>\n<meta property=\"og:site_name\" content=\"Pracownia Orange Czarne\" \/>\n<meta property=\"og:image\" content=\"https:\/\/secure.gravatar.com\/avatar\/b1eaad3169198e6fc12b3c5a51c7ed36?s=500&d=mm&r=g\" \/>\n<meta name=\"twitter:card\" content=\"summary_large_image\" \/>\n<script type=\"application\/ld+json\" class=\"yoast-schema-graph\">{\"@context\":\"https:\/\/schema.org\",\"@graph\":[{\"@type\":\"ProfilePage\",\"@id\":\"https:\/\/pracownieorange.pl\/czarne\/author\/stowarzyszenieszansa\/\",\"url\":\"https:\/\/pracownieorange.pl\/czarne\/author\/stowarzyszenieszansa\/\",\"name\":\"Pracownia Orange Czarne\",\"isPartOf\":{\"@id\":\"https:\/\/pracownieorange.pl\/czarne\/#website\"},\"description\":\"Kreatywna Pracownia Orange to przestrze\u0144 do nauki, wsp\u00f3\u0142pracy i rozwoju kompetencji cyfrowych, spo\u0142ecznych i tw\u00f3rczych dla dzieci, m\u0142odzie\u017cy i doros\u0142ych.\",\"breadcrumb\":{\"@id\":\"https:\/\/pracownieorange.pl\/czarne\/author\/stowarzyszenieszansa\/#breadcrumb\"},\"inLanguage\":\"pl-PL\",\"potentialAction\":[{\"@type\":\"ReadAction\",\"target\":[\"https:\/\/pracownieorange.pl\/czarne\/author\/stowarzyszenieszansa\/\"]}]},{\"@type\":\"BreadcrumbList\",\"@id\":\"https:\/\/pracownieorange.pl\/czarne\/author\/stowarzyszenieszansa\/#breadcrumb\",\"itemListElement\":[{\"@type\":\"ListItem\",\"position\":1,\"name\":\"Home\",\"item\":\"https:\/\/pracownieorange.pl\/czarne\/\"},{\"@type\":\"ListItem\",\"position\":2,\"name\":\"Archives for El\u017cbieta Fija\u0142kowska\"}]},{\"@type\":\"WebSite\",\"@id\":\"https:\/\/pracownieorange.pl\/czarne\/#website\",\"url\":\"https:\/\/pracownieorange.pl\/czarne\/\",\"name\":\"Pracownia Orange Czarne\",\"description\":\"Kolejna witryna sieci &#8222;Pracownie Orange&#8221;\",\"potentialAction\":[{\"@type\":\"SearchAction\",\"target\":{\"@type\":\"EntryPoint\",\"urlTemplate\":\"https:\/\/pracownieorange.pl\/czarne\/?s={search_term_string}\"},\"query-input\":{\"@type\":\"PropertyValueSpecification\",\"valueRequired\":true,\"valueName\":\"search_term_string\"}}],\"inLanguage\":\"pl-PL\"},{\"@type\":\"Person\",\"@id\":\"https:\/\/pracownieorange.pl\/czarne\/#\/schema\/person\/623177fce4a8884ada7e7c72e4a6f056\",\"name\":\"El\u017cbieta Fija\u0142kowska\",\"image\":{\"@type\":\"ImageObject\",\"inLanguage\":\"pl-PL\",\"@id\":\"https:\/\/pracownieorange.pl\/czarne\/#\/schema\/person\/image\/\",\"url\":\"https:\/\/secure.gravatar.com\/avatar\/b1eaad3169198e6fc12b3c5a51c7ed36?s=96&d=mm&r=g\",\"contentUrl\":\"https:\/\/secure.gravatar.com\/avatar\/b1eaad3169198e6fc12b3c5a51c7ed36?s=96&d=mm&r=g\",\"caption\":\"El\u017cbieta Fija\u0142kowska\"},\"sameAs\":[\"https:\/\/www.facebook.com\/Stowarzyszenie-Osb-Niepenosprawnych-i-Integracji-rodowiskowej-Szansa-424932457575715\/\",\"https:\/\/instagram.com\/stowarzyszenieszansa?igshid=YmMyMTA2M2Y=\"],\"mainEntityOfPage\":{\"@id\":\"https:\/\/pracownieorange.pl\/czarne\/author\/stowarzyszenieszansa\/\"}}]}<\/script>\n<!-- \/ Yoast SEO plugin. -->","yoast_head_json":{"title":"Pracownia Orange Czarne","description":"Kreatywna Pracownia Orange to przestrze\u0144 do nauki, wsp\u00f3\u0142pracy i rozwoju kompetencji cyfrowych, spo\u0142ecznych i tw\u00f3rczych dla dzieci, m\u0142odzie\u017cy i doros\u0142ych.","robots":{"index":"index","follow":"follow","max-snippet":"max-snippet:-1","max-image-preview":"max-image-preview:large","max-video-preview":"max-video-preview:-1"},"canonical":"https:\/\/pracownieorange.pl\/czarne\/author\/stowarzyszenieszansa\/","og_locale":"pl_PL","og_type":"profile","og_title":"Pracownia Orange Czarne","og_description":"Kreatywna Pracownia Orange to przestrze\u0144 do nauki, wsp\u00f3\u0142pracy i rozwoju kompetencji cyfrowych, spo\u0142ecznych i tw\u00f3rczych dla dzieci, m\u0142odzie\u017cy i doros\u0142ych.","og_url":"https:\/\/pracownieorange.pl\/czarne\/author\/stowarzyszenieszansa\/","og_site_name":"Pracownia Orange Czarne","og_image":[{"url":"https:\/\/secure.gravatar.com\/avatar\/b1eaad3169198e6fc12b3c5a51c7ed36?s=500&d=mm&r=g","type":"","width":"","height":""}],"twitter_card":"summary_large_image","schema":{"@context":"https:\/\/schema.org","@graph":[{"@type":"ProfilePage","@id":"https:\/\/pracownieorange.pl\/czarne\/author\/stowarzyszenieszansa\/","url":"https:\/\/pracownieorange.pl\/czarne\/author\/stowarzyszenieszansa\/","name":"Pracownia Orange Czarne","isPartOf":{"@id":"https:\/\/pracownieorange.pl\/czarne\/#website"},"description":"Kreatywna Pracownia Orange to przestrze\u0144 do nauki, wsp\u00f3\u0142pracy i rozwoju kompetencji cyfrowych, spo\u0142ecznych i tw\u00f3rczych dla dzieci, m\u0142odzie\u017cy i doros\u0142ych.","breadcrumb":{"@id":"https:\/\/pracownieorange.pl\/czarne\/author\/stowarzyszenieszansa\/#breadcrumb"},"inLanguage":"pl-PL","potentialAction":[{"@type":"ReadAction","target":["https:\/\/pracownieorange.pl\/czarne\/author\/stowarzyszenieszansa\/"]}]},{"@type":"BreadcrumbList","@id":"https:\/\/pracownieorange.pl\/czarne\/author\/stowarzyszenieszansa\/#breadcrumb","itemListElement":[{"@type":"ListItem","position":1,"name":"Home","item":"https:\/\/pracownieorange.pl\/czarne\/"},{"@type":"ListItem","position":2,"name":"Archives for El\u017cbieta Fija\u0142kowska"}]},{"@type":"WebSite","@id":"https:\/\/pracownieorange.pl\/czarne\/#website","url":"https:\/\/pracownieorange.pl\/czarne\/","name":"Pracownia Orange Czarne","description":"Kolejna witryna sieci &#8222;Pracownie Orange&#8221;","potentialAction":[{"@type":"SearchAction","target":{"@type":"EntryPoint","urlTemplate":"https:\/\/pracownieorange.pl\/czarne\/?s={search_term_string}"},"query-input":{"@type":"PropertyValueSpecification","valueRequired":true,"valueName":"search_term_string"}}],"inLanguage":"pl-PL"},{"@type":"Person","@id":"https:\/\/pracownieorange.pl\/czarne\/#\/schema\/person\/623177fce4a8884ada7e7c72e4a6f056","name":"El\u017cbieta Fija\u0142kowska","image":{"@type":"ImageObject","inLanguage":"pl-PL","@id":"https:\/\/pracownieorange.pl\/czarne\/#\/schema\/person\/image\/","url":"https:\/\/secure.gravatar.com\/avatar\/b1eaad3169198e6fc12b3c5a51c7ed36?s=96&d=mm&r=g","contentUrl":"https:\/\/secure.gravatar.com\/avatar\/b1eaad3169198e6fc12b3c5a51c7ed36?s=96&d=mm&r=g","caption":"El\u017cbieta Fija\u0142kowska"},"sameAs":["https:\/\/www.facebook.com\/Stowarzyszenie-Osb-Niepenosprawnych-i-Integracji-rodowiskowej-Szansa-424932457575715\/","https:\/\/instagram.com\/stowarzyszenieszansa?igshid=YmMyMTA2M2Y="],"mainEntityOfPage":{"@id":"https:\/\/pracownieorange.pl\/czarne\/author\/stowarzyszenieszansa\/"}}]}},"_links":{"self":[{"href":"https:\/\/pracownieorange.pl\/czarne\/wp-json\/wp\/v2\/users\/23","targetHints":{"allow":["GET"]}}],"collection":[{"href":"https:\/\/pracownieorange.pl\/czarne\/wp-json\/wp\/v2\/users"}]}}