

{"id":135,"date":"2026-03-01T09:49:54","date_gmt":"2026-03-01T08:49:54","guid":{"rendered":"https:\/\/pracownieorange.pl\/czarne\/?post_type=news&#038;p=135"},"modified":"2026-03-01T16:38:35","modified_gmt":"2026-03-01T15:38:35","slug":"przygotowania-do-kiermaszu-wielkanocnego","status":"publish","type":"news","link":"https:\/\/pracownieorange.pl\/czarne\/news\/przygotowania-do-kiermaszu-wielkanocnego\/","title":{"rendered":"Przygotowania do kiermaszu wielkanocnego"},"content":{"rendered":"<p>Trwaj\u0105 u nas intensywne przygotowania do kiermaszu wielkanocnego, kt\u00f3ry tworzymy wsp\u00f3lnie z dzie\u0107mi i seniorami. To wyj\u0105tkowy czas, w kt\u00f3rym spotykaj\u0105 si\u0119 r\u00f3\u017cne pokolenia, by razem przygotowa\u0107 co\u015b pi\u0119knego i warto\u015bciowego. Przy wsp\u00f3lnych sto\u0142ach powstaj\u0105 kolorowe pisanki, stroiki, wianki oraz inne dekoracje wielkanocne, kt\u00f3re b\u0119dzie mo\u017cna naby\u0107 podczas naszego kiermaszu.<\/p>\n<p>Cho\u0107 nasza g\u0142\u00f3wna pracownia zosta\u0142a ju\u017c od\u015bwie\u017cona, przed nami jeszcze porz\u0105dki i ostateczne przygotowanie sali do pe\u0142nego u\u017cytku. Dlatego na ten moment korzystamy z innego pomieszczenia, w kt\u00f3rym z takim samym zaanga\u017cowaniem tworzymy wszystkie potrzebne prace. Nie przeszkadza nam to w dzia\u0142aniu \u2013 najwa\u017cniejsze jest to, \u017ce mo\u017cemy by\u0107 razem i wsp\u00f3lnie tworzy\u0107.<\/p>\n<p>Naszym spotkaniom towarzyszy du\u017co rado\u015bci, \u015bmiechu i wzajemnej \u017cyczliwo\u015bci. Dzieci z ogromnym zapa\u0142em maluj\u0105 jajka i ozdabiaj\u0105 dekoracje, a seniorzy dziel\u0105 si\u0119 swoim do\u015bwiadczeniem, cierpliwo\u015bci\u0105 i pomys\u0142ami. Tworzy si\u0119 wspania\u0142a, ciep\u0142a atmosfera, kt\u00f3ra sprawia, \u017ce przygotowania do kiermaszu s\u0105 nie tylko prac\u0105, ale przede wszystkim pi\u0119knym, mi\u0119dzypokoleniowym spotkaniem.<\/p>\n<p>&nbsp;<\/p>\n","protected":false},"excerpt":{"rendered":"<p>Trwaj\u0105 u nas intensywne przygotowania do kiermaszu wielkanocnego, kt\u00f3ry tworzymy [&hellip;]<\/p>\n","protected":false},"author":23,"featured_media":138,"comment_status":"open","ping_status":"closed","template":"","class_list":["post-135","news","type-news","status-publish","has-post-thumbnail","hentry"],"acf":[],"yoast_head":"<!-- This site is optimized with the Yoast SEO plugin v24.5 - https:\/\/yoast.com\/wordpress\/plugins\/seo\/ -->\n<title>Przygotowania do kiermaszu wielkanocnego - Pracownia Orange Czarne<\/title>\n<meta name=\"robots\" content=\"index, follow, max-snippet:-1, max-image-preview:large, max-video-preview:-1\" \/>\n<link rel=\"canonical\" href=\"https:\/\/pracownieorange.pl\/czarne\/news\/przygotowania-do-kiermaszu-wielkanocnego\/\" \/>\n<meta property=\"og:locale\" content=\"pl_PL\" \/>\n<meta property=\"og:type\" content=\"article\" \/>\n<meta property=\"og:title\" content=\"Przygotowania do kiermaszu wielkanocnego - Pracownia Orange Czarne\" \/>\n<meta property=\"og:description\" content=\"Trwaj\u0105 u nas intensywne przygotowania do kiermaszu wielkanocnego, kt\u00f3ry tworzymy [&hellip;]\" \/>\n<meta property=\"og:url\" content=\"https:\/\/pracownieorange.pl\/czarne\/news\/przygotowania-do-kiermaszu-wielkanocnego\/\" \/>\n<meta property=\"og:site_name\" content=\"Pracownia Orange Czarne\" \/>\n<meta property=\"article:modified_time\" content=\"2026-03-01T15:38:35+00:00\" \/>\n<meta property=\"og:image\" content=\"https:\/\/pracownieorange.pl\/app\/uploads\/sites\/17\/2026\/03\/pisanki-z-dziecmi-2497447-e4db5f6.jpg\" \/>\n\t<meta property=\"og:image:width\" content=\"961\" \/>\n\t<meta property=\"og:image:height\" content=\"759\" \/>\n\t<meta property=\"og:image:type\" content=\"image\/jpeg\" \/>\n<meta name=\"twitter:card\" content=\"summary_large_image\" \/>\n<meta name=\"twitter:label1\" content=\"Est. reading time\" \/>\n\t<meta name=\"twitter:data1\" content=\"2 minuty\" \/>\n<script type=\"application\/ld+json\" class=\"yoast-schema-graph\">{\"@context\":\"https:\/\/schema.org\",\"@graph\":[{\"@type\":\"WebPage\",\"@id\":\"https:\/\/pracownieorange.pl\/czarne\/news\/przygotowania-do-kiermaszu-wielkanocnego\/\",\"url\":\"https:\/\/pracownieorange.pl\/czarne\/news\/przygotowania-do-kiermaszu-wielkanocnego\/\",\"name\":\"Przygotowania do kiermaszu wielkanocnego - Pracownia Orange Czarne\",\"isPartOf\":{\"@id\":\"https:\/\/pracownieorange.pl\/czarne\/#website\"},\"primaryImageOfPage\":{\"@id\":\"https:\/\/pracownieorange.pl\/czarne\/news\/przygotowania-do-kiermaszu-wielkanocnego\/#primaryimage\"},\"image\":{\"@id\":\"https:\/\/pracownieorange.pl\/czarne\/news\/przygotowania-do-kiermaszu-wielkanocnego\/#primaryimage\"},\"thumbnailUrl\":\"https:\/\/pracownieorange.pl\/app\/uploads\/sites\/17\/2026\/03\/pisanki-z-dziecmi-2497447-e4db5f6.jpg\",\"datePublished\":\"2026-03-01T08:49:54+00:00\",\"dateModified\":\"2026-03-01T15:38:35+00:00\",\"breadcrumb\":{\"@id\":\"https:\/\/pracownieorange.pl\/czarne\/news\/przygotowania-do-kiermaszu-wielkanocnego\/#breadcrumb\"},\"inLanguage\":\"pl-PL\",\"potentialAction\":[{\"@type\":\"ReadAction\",\"target\":[\"https:\/\/pracownieorange.pl\/czarne\/news\/przygotowania-do-kiermaszu-wielkanocnego\/\"]}]},{\"@type\":\"ImageObject\",\"inLanguage\":\"pl-PL\",\"@id\":\"https:\/\/pracownieorange.pl\/czarne\/news\/przygotowania-do-kiermaszu-wielkanocnego\/#primaryimage\",\"url\":\"https:\/\/pracownieorange.pl\/app\/uploads\/sites\/17\/2026\/03\/pisanki-z-dziecmi-2497447-e4db5f6.jpg\",\"contentUrl\":\"https:\/\/pracownieorange.pl\/app\/uploads\/sites\/17\/2026\/03\/pisanki-z-dziecmi-2497447-e4db5f6.jpg\",\"width\":961,\"height\":759,\"caption\":\"Jajka z namalowanymi twarzami kr\u00f3liczk\u00f3w i uszami.\"},{\"@type\":\"BreadcrumbList\",\"@id\":\"https:\/\/pracownieorange.pl\/czarne\/news\/przygotowania-do-kiermaszu-wielkanocnego\/#breadcrumb\",\"itemListElement\":[{\"@type\":\"ListItem\",\"position\":1,\"name\":\"Home\",\"item\":\"https:\/\/pracownieorange.pl\/czarne\/\"},{\"@type\":\"ListItem\",\"position\":2,\"name\":\"Aktualno\u015bci\",\"item\":\"https:\/\/pracownieorange.pl\/czarne\/news\/\"},{\"@type\":\"ListItem\",\"position\":3,\"name\":\"Przygotowania do kiermaszu wielkanocnego\"}]},{\"@type\":\"WebSite\",\"@id\":\"https:\/\/pracownieorange.pl\/czarne\/#website\",\"url\":\"https:\/\/pracownieorange.pl\/czarne\/\",\"name\":\"Pracownia Orange Czarne\",\"description\":\"Kolejna witryna sieci &#8222;Pracownie Orange&#8221;\",\"potentialAction\":[{\"@type\":\"SearchAction\",\"target\":{\"@type\":\"EntryPoint\",\"urlTemplate\":\"https:\/\/pracownieorange.pl\/czarne\/?s={search_term_string}\"},\"query-input\":{\"@type\":\"PropertyValueSpecification\",\"valueRequired\":true,\"valueName\":\"search_term_string\"}}],\"inLanguage\":\"pl-PL\"}]}<\/script>\n<!-- \/ Yoast SEO plugin. -->","yoast_head_json":{"title":"Przygotowania do kiermaszu wielkanocnego - Pracownia Orange Czarne","robots":{"index":"index","follow":"follow","max-snippet":"max-snippet:-1","max-image-preview":"max-image-preview:large","max-video-preview":"max-video-preview:-1"},"canonical":"https:\/\/pracownieorange.pl\/czarne\/news\/przygotowania-do-kiermaszu-wielkanocnego\/","og_locale":"pl_PL","og_type":"article","og_title":"Przygotowania do kiermaszu wielkanocnego - Pracownia Orange Czarne","og_description":"Trwaj\u0105 u nas intensywne przygotowania do kiermaszu wielkanocnego, kt\u00f3ry tworzymy [&hellip;]","og_url":"https:\/\/pracownieorange.pl\/czarne\/news\/przygotowania-do-kiermaszu-wielkanocnego\/","og_site_name":"Pracownia Orange Czarne","article_modified_time":"2026-03-01T15:38:35+00:00","og_image":[{"width":961,"height":759,"url":"https:\/\/pracownieorange.pl\/app\/uploads\/sites\/17\/2026\/03\/pisanki-z-dziecmi-2497447-e4db5f6.jpg","type":"image\/jpeg"}],"twitter_card":"summary_large_image","twitter_misc":{"Est. reading time":"2 minuty"},"schema":{"@context":"https:\/\/schema.org","@graph":[{"@type":"WebPage","@id":"https:\/\/pracownieorange.pl\/czarne\/news\/przygotowania-do-kiermaszu-wielkanocnego\/","url":"https:\/\/pracownieorange.pl\/czarne\/news\/przygotowania-do-kiermaszu-wielkanocnego\/","name":"Przygotowania do kiermaszu wielkanocnego - Pracownia Orange Czarne","isPartOf":{"@id":"https:\/\/pracownieorange.pl\/czarne\/#website"},"primaryImageOfPage":{"@id":"https:\/\/pracownieorange.pl\/czarne\/news\/przygotowania-do-kiermaszu-wielkanocnego\/#primaryimage"},"image":{"@id":"https:\/\/pracownieorange.pl\/czarne\/news\/przygotowania-do-kiermaszu-wielkanocnego\/#primaryimage"},"thumbnailUrl":"https:\/\/pracownieorange.pl\/app\/uploads\/sites\/17\/2026\/03\/pisanki-z-dziecmi-2497447-e4db5f6.jpg","datePublished":"2026-03-01T08:49:54+00:00","dateModified":"2026-03-01T15:38:35+00:00","breadcrumb":{"@id":"https:\/\/pracownieorange.pl\/czarne\/news\/przygotowania-do-kiermaszu-wielkanocnego\/#breadcrumb"},"inLanguage":"pl-PL","potentialAction":[{"@type":"ReadAction","target":["https:\/\/pracownieorange.pl\/czarne\/news\/przygotowania-do-kiermaszu-wielkanocnego\/"]}]},{"@type":"ImageObject","inLanguage":"pl-PL","@id":"https:\/\/pracownieorange.pl\/czarne\/news\/przygotowania-do-kiermaszu-wielkanocnego\/#primaryimage","url":"https:\/\/pracownieorange.pl\/app\/uploads\/sites\/17\/2026\/03\/pisanki-z-dziecmi-2497447-e4db5f6.jpg","contentUrl":"https:\/\/pracownieorange.pl\/app\/uploads\/sites\/17\/2026\/03\/pisanki-z-dziecmi-2497447-e4db5f6.jpg","width":961,"height":759,"caption":"Jajka z namalowanymi twarzami kr\u00f3liczk\u00f3w i uszami."},{"@type":"BreadcrumbList","@id":"https:\/\/pracownieorange.pl\/czarne\/news\/przygotowania-do-kiermaszu-wielkanocnego\/#breadcrumb","itemListElement":[{"@type":"ListItem","position":1,"name":"Home","item":"https:\/\/pracownieorange.pl\/czarne\/"},{"@type":"ListItem","position":2,"name":"Aktualno\u015bci","item":"https:\/\/pracownieorange.pl\/czarne\/news\/"},{"@type":"ListItem","position":3,"name":"Przygotowania do kiermaszu wielkanocnego"}]},{"@type":"WebSite","@id":"https:\/\/pracownieorange.pl\/czarne\/#website","url":"https:\/\/pracownieorange.pl\/czarne\/","name":"Pracownia Orange Czarne","description":"Kolejna witryna sieci &#8222;Pracownie Orange&#8221;","potentialAction":[{"@type":"SearchAction","target":{"@type":"EntryPoint","urlTemplate":"https:\/\/pracownieorange.pl\/czarne\/?s={search_term_string}"},"query-input":{"@type":"PropertyValueSpecification","valueRequired":true,"valueName":"search_term_string"}}],"inLanguage":"pl-PL"}]}},"_links":{"self":[{"href":"https:\/\/pracownieorange.pl\/czarne\/wp-json\/wp\/v2\/news\/135","targetHints":{"allow":["GET"]}}],"collection":[{"href":"https:\/\/pracownieorange.pl\/czarne\/wp-json\/wp\/v2\/news"}],"about":[{"href":"https:\/\/pracownieorange.pl\/czarne\/wp-json\/wp\/v2\/types\/news"}],"author":[{"embeddable":true,"href":"https:\/\/pracownieorange.pl\/czarne\/wp-json\/wp\/v2\/users\/23"}],"replies":[{"embeddable":true,"href":"https:\/\/pracownieorange.pl\/czarne\/wp-json\/wp\/v2\/comments?post=135"}],"wp:featuredmedia":[{"embeddable":true,"href":"https:\/\/pracownieorange.pl\/czarne\/wp-json\/wp\/v2\/media\/138"}],"wp:attachment":[{"href":"https:\/\/pracownieorange.pl\/czarne\/wp-json\/wp\/v2\/media?parent=135"}],"curies":[{"name":"wp","href":"https:\/\/api.w.org\/{rel}","templated":true}]}}