

{"id":637,"date":"2025-04-09T14:44:49","date_gmt":"2025-04-09T12:44:49","guid":{"rendered":"https:\/\/pracownieorange.pl\/cmielow\/?post_type=news&#038;p=637"},"modified":"2025-04-10T00:16:18","modified_gmt":"2025-04-09T22:16:18","slug":"orange-fashion-lab-w-cmielowie","status":"publish","type":"news","link":"https:\/\/pracownieorange.pl\/cmielow\/news\/orange-fashion-lab-w-cmielowie\/","title":{"rendered":"Orange Fashion Lab  w \u0106mielowie!"},"content":{"rendered":"<p>I my\u00a0 w \u0106mielowie rozpoczynamy nowy rozdzia\u0142 w naszej pracowni \ud83d\ude42<br \/>\nNowiusie\u0144ka maszyna do szycia jest\u00a0 ju\u017c u nas. Sprawdzili\u015bmy w\u0142a\u015bnie\u00a0 mo\u017cliwo\u015bci naszego nowego sprz\u0119tu i planujemy zaj\u0119cia z jego wykorzystaniem.<\/p>\n<h3 class=\"\" data-start=\"1064\" data-end=\"1140\">Propozycje warsztat\u00f3w dla k\u00f3\u0142 gospody\u0144 wiejskich i uczestnik\u00f3w pracowni:<\/h3>\n<p class=\"\" data-start=\"1142\" data-end=\"1437\"><strong data-start=\"1142\" data-end=\"1180\">Warsztaty Tradycyjne i Nowoczesne:<\/strong> Mo\u017cemy zorganizowa\u0107 warsztaty, kt\u00f3re \u0142\u0105cz\u0105 tradycyjne techniki szycia z nowoczesnymi metodami, wykorzystuj\u0105c maszyny do szycia. Uczestnicy mogliby nauczy\u0107 si\u0119 tworzy\u0107 tradycyjne elementy odzie\u017cy, ale tak\u017ce nowoczesne dodatki do domu czy odzie\u017c w stylu eco.<\/p>\n<p class=\"\" data-start=\"1439\" data-end=\"1668\"><strong data-start=\"1439\" data-end=\"1480\">Warsztaty Ekologiczne i Upcyklingowe:<\/strong> Skoncentrowane na wykorzystaniu starych materia\u0142\u00f3w i przekszta\u0142caniu ich w nowe produkty. To doskona\u0142a okazja do promowania zr\u00f3wnowa\u017conego rozwoju i ekologii w\u015br\u00f3d spo\u0142eczno\u015bci lokalnych.<\/p>\n<p class=\"\" data-start=\"1670\" data-end=\"1921\"><strong data-start=\"1670\" data-end=\"1706\">Warsztaty Zwi\u0105zane z Tradycjami:<\/strong> Szczeg\u00f3lnie atrakcyjne dla k\u00f3\u0142 gospody\u0144 wiejskich mog\u0105 by\u0107 warsztaty, kt\u00f3re pozwol\u0105 na odtwarzanie lub nowoczesne interpretowanie regionalnych stroj\u00f3w ludowych, co mo\u017ce r\u00f3wnie\u017c sprzyja\u0107 zachowaniu lokalnej kultury.<\/p>\n<p class=\"\" data-start=\"1923\" data-end=\"2202\"><strong data-start=\"1923\" data-end=\"1960\">Warsztaty Festiwalowe i Sezonowe:<\/strong> Organizacja warsztat\u00f3w szycia element\u00f3w dekoracyjnych na lokalne festiwale lub sezonowe wydarzenia, takie jak szycie stroj\u00f3w na do\u017cynki, dekoracji na Bo\u017ce Narodzenie czy Wielkanoc, co mo\u017ce zintegrowa\u0107 spo\u0142eczno\u015b\u0107 i wzmocni\u0107 lokalne tradycje.<\/p>\n<p class=\"\" data-start=\"2204\" data-end=\"2359\">Ka\u017cdy z tych warsztat\u00f3w mo\u017cna dostosowa\u0107 do umiej\u0119tno\u015bci, zainteresowa\u0144 i potrzeb uczestnik\u00f3w, tworz\u0105c przyjazne i kreatywne \u015brodowisko nauki i wsp\u00f3\u0142pracy.<\/p>\n","protected":false},"excerpt":{"rendered":"<p>I my\u00a0 w \u0106mielowie rozpoczynamy nowy rozdzia\u0142 w naszej pracowni [&hellip;]<\/p>\n","protected":false},"author":203,"featured_media":638,"comment_status":"open","ping_status":"closed","template":"","class_list":["post-637","news","type-news","status-publish","has-post-thumbnail","hentry"],"acf":[],"yoast_head":"<!-- This site is optimized with the Yoast SEO plugin v24.5 - https:\/\/yoast.com\/wordpress\/plugins\/seo\/ -->\n<title>Orange Fashion Lab w \u0106mielowie! - Pracownia Orange \u0106miel\u00f3w<\/title>\n<meta name=\"robots\" content=\"index, follow, max-snippet:-1, max-image-preview:large, max-video-preview:-1\" \/>\n<link rel=\"canonical\" href=\"https:\/\/pracownieorange.pl\/cmielow\/news\/orange-fashion-lab-w-cmielowie\/\" \/>\n<meta property=\"og:locale\" content=\"pl_PL\" \/>\n<meta property=\"og:type\" content=\"article\" \/>\n<meta property=\"og:title\" content=\"Orange Fashion Lab w \u0106mielowie! - Pracownia Orange \u0106miel\u00f3w\" \/>\n<meta property=\"og:description\" content=\"I my\u00a0 w \u0106mielowie rozpoczynamy nowy rozdzia\u0142 w naszej pracowni [&hellip;]\" \/>\n<meta property=\"og:url\" content=\"https:\/\/pracownieorange.pl\/cmielow\/news\/orange-fashion-lab-w-cmielowie\/\" \/>\n<meta property=\"og:site_name\" content=\"Pracownia Orange \u0106miel\u00f3w\" \/>\n<meta property=\"article:modified_time\" content=\"2025-04-09T22:16:18+00:00\" \/>\n<meta property=\"og:image\" content=\"https:\/\/pracownieorange.pl\/app\/uploads\/sites\/100\/2025\/04\/juno4.jpg\" \/>\n\t<meta property=\"og:image:width\" content=\"1080\" \/>\n\t<meta property=\"og:image:height\" content=\"1920\" \/>\n\t<meta property=\"og:image:type\" content=\"image\/jpeg\" \/>\n<meta name=\"twitter:card\" content=\"summary_large_image\" \/>\n<meta name=\"twitter:label1\" content=\"Est. reading time\" \/>\n\t<meta name=\"twitter:data1\" content=\"2 minuty\" \/>\n<script type=\"application\/ld+json\" class=\"yoast-schema-graph\">{\"@context\":\"https:\/\/schema.org\",\"@graph\":[{\"@type\":\"WebPage\",\"@id\":\"https:\/\/pracownieorange.pl\/cmielow\/news\/orange-fashion-lab-w-cmielowie\/\",\"url\":\"https:\/\/pracownieorange.pl\/cmielow\/news\/orange-fashion-lab-w-cmielowie\/\",\"name\":\"Orange Fashion Lab w \u0106mielowie! - Pracownia Orange \u0106miel\u00f3w\",\"isPartOf\":{\"@id\":\"https:\/\/pracownieorange.pl\/cmielow\/#website\"},\"primaryImageOfPage\":{\"@id\":\"https:\/\/pracownieorange.pl\/cmielow\/news\/orange-fashion-lab-w-cmielowie\/#primaryimage\"},\"image\":{\"@id\":\"https:\/\/pracownieorange.pl\/cmielow\/news\/orange-fashion-lab-w-cmielowie\/#primaryimage\"},\"thumbnailUrl\":\"https:\/\/pracownieorange.pl\/app\/uploads\/sites\/100\/2025\/04\/juno4.jpg\",\"datePublished\":\"2025-04-09T12:44:49+00:00\",\"dateModified\":\"2025-04-09T22:16:18+00:00\",\"breadcrumb\":{\"@id\":\"https:\/\/pracownieorange.pl\/cmielow\/news\/orange-fashion-lab-w-cmielowie\/#breadcrumb\"},\"inLanguage\":\"pl-PL\",\"potentialAction\":[{\"@type\":\"ReadAction\",\"target\":[\"https:\/\/pracownieorange.pl\/cmielow\/news\/orange-fashion-lab-w-cmielowie\/\"]}]},{\"@type\":\"ImageObject\",\"inLanguage\":\"pl-PL\",\"@id\":\"https:\/\/pracownieorange.pl\/cmielow\/news\/orange-fashion-lab-w-cmielowie\/#primaryimage\",\"url\":\"https:\/\/pracownieorange.pl\/app\/uploads\/sites\/100\/2025\/04\/juno4.jpg\",\"contentUrl\":\"https:\/\/pracownieorange.pl\/app\/uploads\/sites\/100\/2025\/04\/juno4.jpg\",\"width\":1080,\"height\":1920,\"caption\":\"Kobieta szyj\u0105ca na maszynie.\"},{\"@type\":\"BreadcrumbList\",\"@id\":\"https:\/\/pracownieorange.pl\/cmielow\/news\/orange-fashion-lab-w-cmielowie\/#breadcrumb\",\"itemListElement\":[{\"@type\":\"ListItem\",\"position\":1,\"name\":\"Home\",\"item\":\"https:\/\/pracownieorange.pl\/cmielow\/\"},{\"@type\":\"ListItem\",\"position\":2,\"name\":\"Aktualno\u015bci\",\"item\":\"https:\/\/pracownieorange.pl\/cmielow\/news\/\"},{\"@type\":\"ListItem\",\"position\":3,\"name\":\"Orange Fashion Lab w \u0106mielowie!\"}]},{\"@type\":\"WebSite\",\"@id\":\"https:\/\/pracownieorange.pl\/cmielow\/#website\",\"url\":\"https:\/\/pracownieorange.pl\/cmielow\/\",\"name\":\"Pracownia Orange \u0106miel\u00f3w\",\"description\":\"\",\"potentialAction\":[{\"@type\":\"SearchAction\",\"target\":{\"@type\":\"EntryPoint\",\"urlTemplate\":\"https:\/\/pracownieorange.pl\/cmielow\/?s={search_term_string}\"},\"query-input\":{\"@type\":\"PropertyValueSpecification\",\"valueRequired\":true,\"valueName\":\"search_term_string\"}}],\"inLanguage\":\"pl-PL\"}]}<\/script>\n<!-- \/ Yoast SEO plugin. -->","yoast_head_json":{"title":"Orange Fashion Lab w \u0106mielowie! - Pracownia Orange \u0106miel\u00f3w","robots":{"index":"index","follow":"follow","max-snippet":"max-snippet:-1","max-image-preview":"max-image-preview:large","max-video-preview":"max-video-preview:-1"},"canonical":"https:\/\/pracownieorange.pl\/cmielow\/news\/orange-fashion-lab-w-cmielowie\/","og_locale":"pl_PL","og_type":"article","og_title":"Orange Fashion Lab w \u0106mielowie! - Pracownia Orange \u0106miel\u00f3w","og_description":"I my\u00a0 w \u0106mielowie rozpoczynamy nowy rozdzia\u0142 w naszej pracowni [&hellip;]","og_url":"https:\/\/pracownieorange.pl\/cmielow\/news\/orange-fashion-lab-w-cmielowie\/","og_site_name":"Pracownia Orange \u0106miel\u00f3w","article_modified_time":"2025-04-09T22:16:18+00:00","og_image":[{"width":1080,"height":1920,"url":"https:\/\/pracownieorange.pl\/app\/uploads\/sites\/100\/2025\/04\/juno4.jpg","type":"image\/jpeg"}],"twitter_card":"summary_large_image","twitter_misc":{"Est. reading time":"2 minuty"},"schema":{"@context":"https:\/\/schema.org","@graph":[{"@type":"WebPage","@id":"https:\/\/pracownieorange.pl\/cmielow\/news\/orange-fashion-lab-w-cmielowie\/","url":"https:\/\/pracownieorange.pl\/cmielow\/news\/orange-fashion-lab-w-cmielowie\/","name":"Orange Fashion Lab w \u0106mielowie! - Pracownia Orange \u0106miel\u00f3w","isPartOf":{"@id":"https:\/\/pracownieorange.pl\/cmielow\/#website"},"primaryImageOfPage":{"@id":"https:\/\/pracownieorange.pl\/cmielow\/news\/orange-fashion-lab-w-cmielowie\/#primaryimage"},"image":{"@id":"https:\/\/pracownieorange.pl\/cmielow\/news\/orange-fashion-lab-w-cmielowie\/#primaryimage"},"thumbnailUrl":"https:\/\/pracownieorange.pl\/app\/uploads\/sites\/100\/2025\/04\/juno4.jpg","datePublished":"2025-04-09T12:44:49+00:00","dateModified":"2025-04-09T22:16:18+00:00","breadcrumb":{"@id":"https:\/\/pracownieorange.pl\/cmielow\/news\/orange-fashion-lab-w-cmielowie\/#breadcrumb"},"inLanguage":"pl-PL","potentialAction":[{"@type":"ReadAction","target":["https:\/\/pracownieorange.pl\/cmielow\/news\/orange-fashion-lab-w-cmielowie\/"]}]},{"@type":"ImageObject","inLanguage":"pl-PL","@id":"https:\/\/pracownieorange.pl\/cmielow\/news\/orange-fashion-lab-w-cmielowie\/#primaryimage","url":"https:\/\/pracownieorange.pl\/app\/uploads\/sites\/100\/2025\/04\/juno4.jpg","contentUrl":"https:\/\/pracownieorange.pl\/app\/uploads\/sites\/100\/2025\/04\/juno4.jpg","width":1080,"height":1920,"caption":"Kobieta szyj\u0105ca na maszynie."},{"@type":"BreadcrumbList","@id":"https:\/\/pracownieorange.pl\/cmielow\/news\/orange-fashion-lab-w-cmielowie\/#breadcrumb","itemListElement":[{"@type":"ListItem","position":1,"name":"Home","item":"https:\/\/pracownieorange.pl\/cmielow\/"},{"@type":"ListItem","position":2,"name":"Aktualno\u015bci","item":"https:\/\/pracownieorange.pl\/cmielow\/news\/"},{"@type":"ListItem","position":3,"name":"Orange Fashion Lab w \u0106mielowie!"}]},{"@type":"WebSite","@id":"https:\/\/pracownieorange.pl\/cmielow\/#website","url":"https:\/\/pracownieorange.pl\/cmielow\/","name":"Pracownia Orange \u0106miel\u00f3w","description":"","potentialAction":[{"@type":"SearchAction","target":{"@type":"EntryPoint","urlTemplate":"https:\/\/pracownieorange.pl\/cmielow\/?s={search_term_string}"},"query-input":{"@type":"PropertyValueSpecification","valueRequired":true,"valueName":"search_term_string"}}],"inLanguage":"pl-PL"}]}},"_links":{"self":[{"href":"https:\/\/pracownieorange.pl\/cmielow\/wp-json\/wp\/v2\/news\/637","targetHints":{"allow":["GET"]}}],"collection":[{"href":"https:\/\/pracownieorange.pl\/cmielow\/wp-json\/wp\/v2\/news"}],"about":[{"href":"https:\/\/pracownieorange.pl\/cmielow\/wp-json\/wp\/v2\/types\/news"}],"author":[{"embeddable":true,"href":"https:\/\/pracownieorange.pl\/cmielow\/wp-json\/wp\/v2\/users\/203"}],"replies":[{"embeddable":true,"href":"https:\/\/pracownieorange.pl\/cmielow\/wp-json\/wp\/v2\/comments?post=637"}],"wp:featuredmedia":[{"embeddable":true,"href":"https:\/\/pracownieorange.pl\/cmielow\/wp-json\/wp\/v2\/media\/638"}],"wp:attachment":[{"href":"https:\/\/pracownieorange.pl\/cmielow\/wp-json\/wp\/v2\/media?parent=637"}],"curies":[{"name":"wp","href":"https:\/\/api.w.org\/{rel}","templated":true}]}}