

{"id":634,"date":"2025-03-25T04:41:31","date_gmt":"2025-03-25T03:41:31","guid":{"rendered":"https:\/\/pracownieorange.pl\/cmielow\/?post_type=news&#038;p=634"},"modified":"2025-03-25T20:34:53","modified_gmt":"2025-03-25T19:34:53","slug":"warsztaty-wielkanocne-w-cmielowie-zaproszenie","status":"publish","type":"news","link":"https:\/\/pracownieorange.pl\/cmielow\/news\/warsztaty-wielkanocne-w-cmielowie-zaproszenie\/","title":{"rendered":"Warsztaty wielkanocne w \u0106mielowie &#8211; zaproszenie."},"content":{"rendered":"<p>\u015awi\u0105teczne warsztaty w Pracowni Orange<br \/>\nZapraszamy najserdeczniej:<\/p>\n<ul>\n<li>1 kwietnia godz 17:00 Warsztaty dekorowania jajek r\u00f3\u017cnymi technikami.<\/li>\n<\/ul>\n<p>Najprostszy spos\u00f3b na ozdobienie jajek wielkanocnych ze styropianu to oklejenie ich dekoracyjnymi motywami w pi\u0119knych kolorach.<br \/>\nW tym celu przydadz\u0105 si\u0119 papierowe serwetki obiadowe w niedu\u017ce kwiatowo-ro\u015blinne wzorki oraz klej (najlepiej przeznaczony do decoupage). Podstawowym sposobem ozdabiania styropianowego jajka jest\u00a0 pomalowanie go farbami lub sprayem.<br \/>\nWykonanie podwieszanych talerzy z dekoracj\u0105 \u015bwi\u0105teczn\u0105 do ramy znajduj\u0105cej si\u0119 na parkingu.<\/p>\n<ul>\n<li>8 kwietnia godz 16:00 Warsztat tworzenia \u015bwi\u0105tecznego zaj\u0105ca<\/li>\n<\/ul>\n<p>Warsztaty poprowadzi Weronika Podstawka-Bosek z #Robisi\u0119<\/p>\n","protected":false},"excerpt":{"rendered":"<p>\u015awi\u0105teczne warsztaty w Pracowni Orange Zapraszamy najserdeczniej: 1 kwietnia godz [&hellip;]<\/p>\n","protected":false},"author":203,"featured_media":635,"comment_status":"open","ping_status":"closed","template":"","class_list":["post-634","news","type-news","status-publish","has-post-thumbnail","hentry"],"acf":[],"yoast_head":"<!-- This site is optimized with the Yoast SEO plugin v24.5 - https:\/\/yoast.com\/wordpress\/plugins\/seo\/ -->\n<title>Warsztaty wielkanocne w \u0106mielowie - zaproszenie. - Pracownia Orange \u0106miel\u00f3w<\/title>\n<meta name=\"robots\" content=\"index, follow, max-snippet:-1, max-image-preview:large, max-video-preview:-1\" \/>\n<link rel=\"canonical\" href=\"https:\/\/pracownieorange.pl\/cmielow\/news\/warsztaty-wielkanocne-w-cmielowie-zaproszenie\/\" \/>\n<meta property=\"og:locale\" content=\"pl_PL\" \/>\n<meta property=\"og:type\" content=\"article\" \/>\n<meta property=\"og:title\" content=\"Warsztaty wielkanocne w \u0106mielowie - zaproszenie. - Pracownia Orange \u0106miel\u00f3w\" \/>\n<meta property=\"og:description\" content=\"\u015awi\u0105teczne warsztaty w Pracowni Orange Zapraszamy najserdeczniej: 1 kwietnia godz [&hellip;]\" \/>\n<meta property=\"og:url\" content=\"https:\/\/pracownieorange.pl\/cmielow\/news\/warsztaty-wielkanocne-w-cmielowie-zaproszenie\/\" \/>\n<meta property=\"og:site_name\" content=\"Pracownia Orange \u0106miel\u00f3w\" \/>\n<meta property=\"article:modified_time\" content=\"2025-03-25T19:34:53+00:00\" \/>\n<meta property=\"og:image\" content=\"https:\/\/pracownieorange.pl\/app\/uploads\/sites\/100\/2025\/03\/godz.-1600-Pracownia-Orange-ul-Sandomierska-235-1024x724.png\" \/>\n\t<meta property=\"og:image:width\" content=\"1024\" \/>\n\t<meta property=\"og:image:height\" content=\"724\" \/>\n\t<meta property=\"og:image:type\" content=\"image\/png\" \/>\n<meta name=\"twitter:card\" content=\"summary_large_image\" \/>\n<meta name=\"twitter:label1\" content=\"Est. reading time\" \/>\n\t<meta name=\"twitter:data1\" content=\"1 minuta\" \/>\n<script type=\"application\/ld+json\" class=\"yoast-schema-graph\">{\"@context\":\"https:\/\/schema.org\",\"@graph\":[{\"@type\":\"WebPage\",\"@id\":\"https:\/\/pracownieorange.pl\/cmielow\/news\/warsztaty-wielkanocne-w-cmielowie-zaproszenie\/\",\"url\":\"https:\/\/pracownieorange.pl\/cmielow\/news\/warsztaty-wielkanocne-w-cmielowie-zaproszenie\/\",\"name\":\"Warsztaty wielkanocne w \u0106mielowie - zaproszenie. - Pracownia Orange \u0106miel\u00f3w\",\"isPartOf\":{\"@id\":\"https:\/\/pracownieorange.pl\/cmielow\/#website\"},\"primaryImageOfPage\":{\"@id\":\"https:\/\/pracownieorange.pl\/cmielow\/news\/warsztaty-wielkanocne-w-cmielowie-zaproszenie\/#primaryimage\"},\"image\":{\"@id\":\"https:\/\/pracownieorange.pl\/cmielow\/news\/warsztaty-wielkanocne-w-cmielowie-zaproszenie\/#primaryimage\"},\"thumbnailUrl\":\"https:\/\/pracownieorange.pl\/app\/uploads\/sites\/100\/2025\/03\/godz.-1600-Pracownia-Orange-ul-Sandomierska-235.png\",\"datePublished\":\"2025-03-25T03:41:31+00:00\",\"dateModified\":\"2025-03-25T19:34:53+00:00\",\"breadcrumb\":{\"@id\":\"https:\/\/pracownieorange.pl\/cmielow\/news\/warsztaty-wielkanocne-w-cmielowie-zaproszenie\/#breadcrumb\"},\"inLanguage\":\"pl-PL\",\"potentialAction\":[{\"@type\":\"ReadAction\",\"target\":[\"https:\/\/pracownieorange.pl\/cmielow\/news\/warsztaty-wielkanocne-w-cmielowie-zaproszenie\/\"]}]},{\"@type\":\"ImageObject\",\"inLanguage\":\"pl-PL\",\"@id\":\"https:\/\/pracownieorange.pl\/cmielow\/news\/warsztaty-wielkanocne-w-cmielowie-zaproszenie\/#primaryimage\",\"url\":\"https:\/\/pracownieorange.pl\/app\/uploads\/sites\/100\/2025\/03\/godz.-1600-Pracownia-Orange-ul-Sandomierska-235.png\",\"contentUrl\":\"https:\/\/pracownieorange.pl\/app\/uploads\/sites\/100\/2025\/03\/godz.-1600-Pracownia-Orange-ul-Sandomierska-235.png\",\"width\":2245,\"height\":1587,\"caption\":\"plakat promocyjny\"},{\"@type\":\"BreadcrumbList\",\"@id\":\"https:\/\/pracownieorange.pl\/cmielow\/news\/warsztaty-wielkanocne-w-cmielowie-zaproszenie\/#breadcrumb\",\"itemListElement\":[{\"@type\":\"ListItem\",\"position\":1,\"name\":\"Home\",\"item\":\"https:\/\/pracownieorange.pl\/cmielow\/\"},{\"@type\":\"ListItem\",\"position\":2,\"name\":\"Aktualno\u015bci\",\"item\":\"https:\/\/pracownieorange.pl\/cmielow\/news\/\"},{\"@type\":\"ListItem\",\"position\":3,\"name\":\"Warsztaty wielkanocne w \u0106mielowie &#8211; zaproszenie.\"}]},{\"@type\":\"WebSite\",\"@id\":\"https:\/\/pracownieorange.pl\/cmielow\/#website\",\"url\":\"https:\/\/pracownieorange.pl\/cmielow\/\",\"name\":\"Pracownia Orange \u0106miel\u00f3w\",\"description\":\"\",\"potentialAction\":[{\"@type\":\"SearchAction\",\"target\":{\"@type\":\"EntryPoint\",\"urlTemplate\":\"https:\/\/pracownieorange.pl\/cmielow\/?s={search_term_string}\"},\"query-input\":{\"@type\":\"PropertyValueSpecification\",\"valueRequired\":true,\"valueName\":\"search_term_string\"}}],\"inLanguage\":\"pl-PL\"}]}<\/script>\n<!-- \/ Yoast SEO plugin. -->","yoast_head_json":{"title":"Warsztaty wielkanocne w \u0106mielowie - zaproszenie. - Pracownia Orange \u0106miel\u00f3w","robots":{"index":"index","follow":"follow","max-snippet":"max-snippet:-1","max-image-preview":"max-image-preview:large","max-video-preview":"max-video-preview:-1"},"canonical":"https:\/\/pracownieorange.pl\/cmielow\/news\/warsztaty-wielkanocne-w-cmielowie-zaproszenie\/","og_locale":"pl_PL","og_type":"article","og_title":"Warsztaty wielkanocne w \u0106mielowie - zaproszenie. - Pracownia Orange \u0106miel\u00f3w","og_description":"\u015awi\u0105teczne warsztaty w Pracowni Orange Zapraszamy najserdeczniej: 1 kwietnia godz [&hellip;]","og_url":"https:\/\/pracownieorange.pl\/cmielow\/news\/warsztaty-wielkanocne-w-cmielowie-zaproszenie\/","og_site_name":"Pracownia Orange \u0106miel\u00f3w","article_modified_time":"2025-03-25T19:34:53+00:00","og_image":[{"width":1024,"height":724,"url":"https:\/\/pracownieorange.pl\/app\/uploads\/sites\/100\/2025\/03\/godz.-1600-Pracownia-Orange-ul-Sandomierska-235-1024x724.png","type":"image\/png"}],"twitter_card":"summary_large_image","twitter_misc":{"Est. reading time":"1 minuta"},"schema":{"@context":"https:\/\/schema.org","@graph":[{"@type":"WebPage","@id":"https:\/\/pracownieorange.pl\/cmielow\/news\/warsztaty-wielkanocne-w-cmielowie-zaproszenie\/","url":"https:\/\/pracownieorange.pl\/cmielow\/news\/warsztaty-wielkanocne-w-cmielowie-zaproszenie\/","name":"Warsztaty wielkanocne w \u0106mielowie - zaproszenie. - Pracownia Orange \u0106miel\u00f3w","isPartOf":{"@id":"https:\/\/pracownieorange.pl\/cmielow\/#website"},"primaryImageOfPage":{"@id":"https:\/\/pracownieorange.pl\/cmielow\/news\/warsztaty-wielkanocne-w-cmielowie-zaproszenie\/#primaryimage"},"image":{"@id":"https:\/\/pracownieorange.pl\/cmielow\/news\/warsztaty-wielkanocne-w-cmielowie-zaproszenie\/#primaryimage"},"thumbnailUrl":"https:\/\/pracownieorange.pl\/app\/uploads\/sites\/100\/2025\/03\/godz.-1600-Pracownia-Orange-ul-Sandomierska-235.png","datePublished":"2025-03-25T03:41:31+00:00","dateModified":"2025-03-25T19:34:53+00:00","breadcrumb":{"@id":"https:\/\/pracownieorange.pl\/cmielow\/news\/warsztaty-wielkanocne-w-cmielowie-zaproszenie\/#breadcrumb"},"inLanguage":"pl-PL","potentialAction":[{"@type":"ReadAction","target":["https:\/\/pracownieorange.pl\/cmielow\/news\/warsztaty-wielkanocne-w-cmielowie-zaproszenie\/"]}]},{"@type":"ImageObject","inLanguage":"pl-PL","@id":"https:\/\/pracownieorange.pl\/cmielow\/news\/warsztaty-wielkanocne-w-cmielowie-zaproszenie\/#primaryimage","url":"https:\/\/pracownieorange.pl\/app\/uploads\/sites\/100\/2025\/03\/godz.-1600-Pracownia-Orange-ul-Sandomierska-235.png","contentUrl":"https:\/\/pracownieorange.pl\/app\/uploads\/sites\/100\/2025\/03\/godz.-1600-Pracownia-Orange-ul-Sandomierska-235.png","width":2245,"height":1587,"caption":"plakat promocyjny"},{"@type":"BreadcrumbList","@id":"https:\/\/pracownieorange.pl\/cmielow\/news\/warsztaty-wielkanocne-w-cmielowie-zaproszenie\/#breadcrumb","itemListElement":[{"@type":"ListItem","position":1,"name":"Home","item":"https:\/\/pracownieorange.pl\/cmielow\/"},{"@type":"ListItem","position":2,"name":"Aktualno\u015bci","item":"https:\/\/pracownieorange.pl\/cmielow\/news\/"},{"@type":"ListItem","position":3,"name":"Warsztaty wielkanocne w \u0106mielowie &#8211; zaproszenie."}]},{"@type":"WebSite","@id":"https:\/\/pracownieorange.pl\/cmielow\/#website","url":"https:\/\/pracownieorange.pl\/cmielow\/","name":"Pracownia Orange \u0106miel\u00f3w","description":"","potentialAction":[{"@type":"SearchAction","target":{"@type":"EntryPoint","urlTemplate":"https:\/\/pracownieorange.pl\/cmielow\/?s={search_term_string}"},"query-input":{"@type":"PropertyValueSpecification","valueRequired":true,"valueName":"search_term_string"}}],"inLanguage":"pl-PL"}]}},"_links":{"self":[{"href":"https:\/\/pracownieorange.pl\/cmielow\/wp-json\/wp\/v2\/news\/634","targetHints":{"allow":["GET"]}}],"collection":[{"href":"https:\/\/pracownieorange.pl\/cmielow\/wp-json\/wp\/v2\/news"}],"about":[{"href":"https:\/\/pracownieorange.pl\/cmielow\/wp-json\/wp\/v2\/types\/news"}],"author":[{"embeddable":true,"href":"https:\/\/pracownieorange.pl\/cmielow\/wp-json\/wp\/v2\/users\/203"}],"replies":[{"embeddable":true,"href":"https:\/\/pracownieorange.pl\/cmielow\/wp-json\/wp\/v2\/comments?post=634"}],"wp:featuredmedia":[{"embeddable":true,"href":"https:\/\/pracownieorange.pl\/cmielow\/wp-json\/wp\/v2\/media\/635"}],"wp:attachment":[{"href":"https:\/\/pracownieorange.pl\/cmielow\/wp-json\/wp\/v2\/media?parent=634"}],"curies":[{"name":"wp","href":"https:\/\/api.w.org\/{rel}","templated":true}]}}