

{"id":58,"date":"2023-12-05T21:17:03","date_gmt":"2023-12-05T20:17:03","guid":{"rendered":"https:\/\/pracownieorange.pl\/cmielow\/?post_type=news&#038;p=58"},"modified":"2023-12-06T02:08:02","modified_gmt":"2023-12-06T01:08:02","slug":"porozmawiajmy-o-partnerstwie","status":"publish","type":"news","link":"https:\/\/pracownieorange.pl\/cmielow\/news\/porozmawiajmy-o-partnerstwie\/","title":{"rendered":"Porozmawiajmy o partnerstwie :)"},"content":{"rendered":"<p>Pod koniec\u00a0 listopada spotkali\u015bmy si\u0119 w Pracowni Orange w \u0106mielowie z pani\u0105 Iren\u0105 Gadaj animatork\u0105 Lokalnych Partnerstw Polsko Ameryka\u0144skiej Fundacji Wolno\u015bci.<br \/>\nPlanowali\u015bmy kolejne dzia\u0142ania i rozw\u00f3j naszego lokalnego partnerstwa, grupy inicjatywnej w projekcie &#8222;\u0106miel\u00f3w porcelan\u0105 i krzemieniem naznaczony&#8221;.<br \/>\nKilka z planowanych dzia\u0142a\u0144 na najbli\u017csze dwa\u00a0 lata\u00a0 \u0142\u0105czy si\u0119 z dzia\u0142aniami naszej pracowni. Chcemy \u0142\u0105czy\u0107 potencja\u0142y i pomys\u0142y m\u0142odzie\u017cy ucz\u0119szczaj\u0105cej do naszej pracowni.<br \/>\nPoprzez animacj\u0119 lokaln\u0105 z wykorzystaniem zasob\u00f3w pracowni chcemy pobudza\u0107 mieszka\u0144c\u00f3w do aktywno\u015bci na rzecz swojej wsp\u00f3lnoty.<br \/>\nStay tuned!<\/p>\n","protected":false},"excerpt":{"rendered":"<p>Pod koniec\u00a0 listopada spotkali\u015bmy si\u0119 w Pracowni Orange w \u0106mielowie [&hellip;]<\/p>\n","protected":false},"author":203,"featured_media":59,"comment_status":"open","ping_status":"closed","template":"","class_list":["post-58","news","type-news","status-publish","has-post-thumbnail","hentry"],"acf":[],"yoast_head":"<!-- This site is optimized with the Yoast SEO plugin v24.5 - https:\/\/yoast.com\/wordpress\/plugins\/seo\/ -->\n<title>Porozmawiajmy o partnerstwie :) - Pracownia Orange \u0106miel\u00f3w<\/title>\n<meta name=\"robots\" content=\"index, follow, max-snippet:-1, max-image-preview:large, max-video-preview:-1\" \/>\n<link rel=\"canonical\" href=\"https:\/\/pracownieorange.pl\/cmielow\/news\/porozmawiajmy-o-partnerstwie\/\" \/>\n<meta property=\"og:locale\" content=\"pl_PL\" \/>\n<meta property=\"og:type\" content=\"article\" \/>\n<meta property=\"og:title\" content=\"Porozmawiajmy o partnerstwie :) - Pracownia Orange \u0106miel\u00f3w\" \/>\n<meta property=\"og:description\" content=\"Pod koniec\u00a0 listopada spotkali\u015bmy si\u0119 w Pracowni Orange w \u0106mielowie [&hellip;]\" \/>\n<meta property=\"og:url\" content=\"https:\/\/pracownieorange.pl\/cmielow\/news\/porozmawiajmy-o-partnerstwie\/\" \/>\n<meta property=\"og:site_name\" content=\"Pracownia Orange \u0106miel\u00f3w\" \/>\n<meta property=\"article:modified_time\" content=\"2023-12-06T01:08:02+00:00\" \/>\n<meta property=\"og:image\" content=\"https:\/\/pracownieorange.pl\/app\/uploads\/sites\/100\/2023\/11\/or1.jpg\" \/>\n\t<meta property=\"og:image:width\" content=\"1536\" \/>\n\t<meta property=\"og:image:height\" content=\"2048\" \/>\n\t<meta property=\"og:image:type\" content=\"image\/jpeg\" \/>\n<meta name=\"twitter:card\" content=\"summary_large_image\" \/>\n<meta name=\"twitter:label1\" content=\"Est. reading time\" \/>\n\t<meta name=\"twitter:data1\" content=\"1 minuta\" \/>\n<script type=\"application\/ld+json\" class=\"yoast-schema-graph\">{\"@context\":\"https:\/\/schema.org\",\"@graph\":[{\"@type\":\"WebPage\",\"@id\":\"https:\/\/pracownieorange.pl\/cmielow\/news\/porozmawiajmy-o-partnerstwie\/\",\"url\":\"https:\/\/pracownieorange.pl\/cmielow\/news\/porozmawiajmy-o-partnerstwie\/\",\"name\":\"Porozmawiajmy o partnerstwie :) - Pracownia Orange \u0106miel\u00f3w\",\"isPartOf\":{\"@id\":\"https:\/\/pracownieorange.pl\/cmielow\/#website\"},\"primaryImageOfPage\":{\"@id\":\"https:\/\/pracownieorange.pl\/cmielow\/news\/porozmawiajmy-o-partnerstwie\/#primaryimage\"},\"image\":{\"@id\":\"https:\/\/pracownieorange.pl\/cmielow\/news\/porozmawiajmy-o-partnerstwie\/#primaryimage\"},\"thumbnailUrl\":\"https:\/\/pracownieorange.pl\/app\/uploads\/sites\/100\/2023\/11\/or1.jpg\",\"datePublished\":\"2023-12-05T20:17:03+00:00\",\"dateModified\":\"2023-12-06T01:08:02+00:00\",\"breadcrumb\":{\"@id\":\"https:\/\/pracownieorange.pl\/cmielow\/news\/porozmawiajmy-o-partnerstwie\/#breadcrumb\"},\"inLanguage\":\"pl-PL\",\"potentialAction\":[{\"@type\":\"ReadAction\",\"target\":[\"https:\/\/pracownieorange.pl\/cmielow\/news\/porozmawiajmy-o-partnerstwie\/\"]}]},{\"@type\":\"ImageObject\",\"inLanguage\":\"pl-PL\",\"@id\":\"https:\/\/pracownieorange.pl\/cmielow\/news\/porozmawiajmy-o-partnerstwie\/#primaryimage\",\"url\":\"https:\/\/pracownieorange.pl\/app\/uploads\/sites\/100\/2023\/11\/or1.jpg\",\"contentUrl\":\"https:\/\/pracownieorange.pl\/app\/uploads\/sites\/100\/2023\/11\/or1.jpg\",\"width\":1536,\"height\":2048,\"caption\":\"Grupa ludzi siedz\u0105cych przy stole.\"},{\"@type\":\"BreadcrumbList\",\"@id\":\"https:\/\/pracownieorange.pl\/cmielow\/news\/porozmawiajmy-o-partnerstwie\/#breadcrumb\",\"itemListElement\":[{\"@type\":\"ListItem\",\"position\":1,\"name\":\"Home\",\"item\":\"https:\/\/pracownieorange.pl\/cmielow\/\"},{\"@type\":\"ListItem\",\"position\":2,\"name\":\"Aktualno\u015bci\",\"item\":\"https:\/\/pracownieorange.pl\/cmielow\/news\/\"},{\"@type\":\"ListItem\",\"position\":3,\"name\":\"Porozmawiajmy o partnerstwie :)\"}]},{\"@type\":\"WebSite\",\"@id\":\"https:\/\/pracownieorange.pl\/cmielow\/#website\",\"url\":\"https:\/\/pracownieorange.pl\/cmielow\/\",\"name\":\"Pracownia Orange \u0106miel\u00f3w\",\"description\":\"\",\"potentialAction\":[{\"@type\":\"SearchAction\",\"target\":{\"@type\":\"EntryPoint\",\"urlTemplate\":\"https:\/\/pracownieorange.pl\/cmielow\/?s={search_term_string}\"},\"query-input\":{\"@type\":\"PropertyValueSpecification\",\"valueRequired\":true,\"valueName\":\"search_term_string\"}}],\"inLanguage\":\"pl-PL\"}]}<\/script>\n<!-- \/ Yoast SEO plugin. -->","yoast_head_json":{"title":"Porozmawiajmy o partnerstwie :) - Pracownia Orange \u0106miel\u00f3w","robots":{"index":"index","follow":"follow","max-snippet":"max-snippet:-1","max-image-preview":"max-image-preview:large","max-video-preview":"max-video-preview:-1"},"canonical":"https:\/\/pracownieorange.pl\/cmielow\/news\/porozmawiajmy-o-partnerstwie\/","og_locale":"pl_PL","og_type":"article","og_title":"Porozmawiajmy o partnerstwie :) - Pracownia Orange \u0106miel\u00f3w","og_description":"Pod koniec\u00a0 listopada spotkali\u015bmy si\u0119 w Pracowni Orange w \u0106mielowie [&hellip;]","og_url":"https:\/\/pracownieorange.pl\/cmielow\/news\/porozmawiajmy-o-partnerstwie\/","og_site_name":"Pracownia Orange \u0106miel\u00f3w","article_modified_time":"2023-12-06T01:08:02+00:00","og_image":[{"width":1536,"height":2048,"url":"https:\/\/pracownieorange.pl\/app\/uploads\/sites\/100\/2023\/11\/or1.jpg","type":"image\/jpeg"}],"twitter_card":"summary_large_image","twitter_misc":{"Est. reading time":"1 minuta"},"schema":{"@context":"https:\/\/schema.org","@graph":[{"@type":"WebPage","@id":"https:\/\/pracownieorange.pl\/cmielow\/news\/porozmawiajmy-o-partnerstwie\/","url":"https:\/\/pracownieorange.pl\/cmielow\/news\/porozmawiajmy-o-partnerstwie\/","name":"Porozmawiajmy o partnerstwie :) - Pracownia Orange \u0106miel\u00f3w","isPartOf":{"@id":"https:\/\/pracownieorange.pl\/cmielow\/#website"},"primaryImageOfPage":{"@id":"https:\/\/pracownieorange.pl\/cmielow\/news\/porozmawiajmy-o-partnerstwie\/#primaryimage"},"image":{"@id":"https:\/\/pracownieorange.pl\/cmielow\/news\/porozmawiajmy-o-partnerstwie\/#primaryimage"},"thumbnailUrl":"https:\/\/pracownieorange.pl\/app\/uploads\/sites\/100\/2023\/11\/or1.jpg","datePublished":"2023-12-05T20:17:03+00:00","dateModified":"2023-12-06T01:08:02+00:00","breadcrumb":{"@id":"https:\/\/pracownieorange.pl\/cmielow\/news\/porozmawiajmy-o-partnerstwie\/#breadcrumb"},"inLanguage":"pl-PL","potentialAction":[{"@type":"ReadAction","target":["https:\/\/pracownieorange.pl\/cmielow\/news\/porozmawiajmy-o-partnerstwie\/"]}]},{"@type":"ImageObject","inLanguage":"pl-PL","@id":"https:\/\/pracownieorange.pl\/cmielow\/news\/porozmawiajmy-o-partnerstwie\/#primaryimage","url":"https:\/\/pracownieorange.pl\/app\/uploads\/sites\/100\/2023\/11\/or1.jpg","contentUrl":"https:\/\/pracownieorange.pl\/app\/uploads\/sites\/100\/2023\/11\/or1.jpg","width":1536,"height":2048,"caption":"Grupa ludzi siedz\u0105cych przy stole."},{"@type":"BreadcrumbList","@id":"https:\/\/pracownieorange.pl\/cmielow\/news\/porozmawiajmy-o-partnerstwie\/#breadcrumb","itemListElement":[{"@type":"ListItem","position":1,"name":"Home","item":"https:\/\/pracownieorange.pl\/cmielow\/"},{"@type":"ListItem","position":2,"name":"Aktualno\u015bci","item":"https:\/\/pracownieorange.pl\/cmielow\/news\/"},{"@type":"ListItem","position":3,"name":"Porozmawiajmy o partnerstwie :)"}]},{"@type":"WebSite","@id":"https:\/\/pracownieorange.pl\/cmielow\/#website","url":"https:\/\/pracownieorange.pl\/cmielow\/","name":"Pracownia Orange \u0106miel\u00f3w","description":"","potentialAction":[{"@type":"SearchAction","target":{"@type":"EntryPoint","urlTemplate":"https:\/\/pracownieorange.pl\/cmielow\/?s={search_term_string}"},"query-input":{"@type":"PropertyValueSpecification","valueRequired":true,"valueName":"search_term_string"}}],"inLanguage":"pl-PL"}]}},"_links":{"self":[{"href":"https:\/\/pracownieorange.pl\/cmielow\/wp-json\/wp\/v2\/news\/58","targetHints":{"allow":["GET"]}}],"collection":[{"href":"https:\/\/pracownieorange.pl\/cmielow\/wp-json\/wp\/v2\/news"}],"about":[{"href":"https:\/\/pracownieorange.pl\/cmielow\/wp-json\/wp\/v2\/types\/news"}],"author":[{"embeddable":true,"href":"https:\/\/pracownieorange.pl\/cmielow\/wp-json\/wp\/v2\/users\/203"}],"replies":[{"embeddable":true,"href":"https:\/\/pracownieorange.pl\/cmielow\/wp-json\/wp\/v2\/comments?post=58"}],"wp:featuredmedia":[{"embeddable":true,"href":"https:\/\/pracownieorange.pl\/cmielow\/wp-json\/wp\/v2\/media\/59"}],"wp:attachment":[{"href":"https:\/\/pracownieorange.pl\/cmielow\/wp-json\/wp\/v2\/media?parent=58"}],"curies":[{"name":"wp","href":"https:\/\/api.w.org\/{rel}","templated":true}]}}