

{"id":48,"date":"2023-11-10T22:45:48","date_gmt":"2023-11-10T21:45:48","guid":{"rendered":"https:\/\/pracownieorange.pl\/cmielow\/?post_type=news&#038;p=48"},"modified":"2023-11-11T12:59:45","modified_gmt":"2023-11-11T11:59:45","slug":"jest-takie-miejsce-na-mapie-swiata-polska-to-moje-miejsce-tutaj-mocniej-bije-mi-serce","status":"publish","type":"news","link":"https:\/\/pracownieorange.pl\/cmielow\/news\/jest-takie-miejsce-na-mapie-swiata-polska-to-moje-miejsce-tutaj-mocniej-bije-mi-serce\/","title":{"rendered":"&#8222;Jest takie miejsce na mapie \u015bwiata- Polska!&#8230;&#8221;"},"content":{"rendered":"<p>\u015awi\u0119to Niepodleg\u0142o\u015bci w naszej pracowni. Kochamy nasz\u0105 Ojczyzn\u0119!<\/p>\n<p>&#8222;Jest takie miejsce na mapie \u015bwiata- Polska! To moje miejsce, tutaj mocniej bije mi serce!&#8221;<br \/>\nPo 123 latach zabor\u00f3w Polska \u00a0na nowo pojawi\u0142a si\u0119 na mapie Europy i \u015bwiata.<br \/>\nDzieci w pracowni przygotowywa\u0142y si\u0119 dzi\u015b do tego wa\u017cnego dnia. Na zaj\u0119ciach \u015bwietlicowych robili\u015bmy proporczyki, kokardy narodowe i dekoracj\u0119 wyklejan\u0105 bia\u0142o czerwon\u0105 bibu\u0142\u0105.<br \/>\nOdby\u0142y si\u0119 zaj\u0119cia na kt\u00f3rych rozmawiali\u015bmy o tym czym jest niepodleg\u0142o\u015b\u0107 i jak wa\u017cne jest to \u015bwi\u0119to narodowe. Przypomnieli\u015bmy r\u00f3wnie\u017c wa\u017cne wydarzenia z historii naszego regionu, naszej gminy. S\u0142uchali\u015bmy <span class=\"x193iq5w xeuugli x13faqbe x1vvkbs x1xmvt09 x1lliihq x1s928wv xhkezso x1gmr53x x1cpjm7i x1fgarty x1943h6x xudqn12 x3x7a5m x6prxxf xvq8zen xo1l8bm xzsf02u x1yc453h\" dir=\"auto\">piosenek o wolno\u015bci mi\u0119dzy innymi &#8211; Kultu, Maanamu czy Jacka Kaczmarskiego.<\/span><br \/>\nNiech ten dzie\u0144 b\u0119dzie ho\u0142dem dla tych, kt\u00f3rzy walczyli o nasz\u0105 wolno\u015b\u0107. Wsp\u00f3lnie \u015bwi\u0119tujmy dum\u0119 z bycia niezale\u017cnym narodem! Mi\u0142ego \u015bwi\u0119towania!<br \/>\n#Niepodleg\u0142a<\/p>\n<div class=\"x11i5rnm xat24cr x1mh8g0r x1vvkbs xtlvy1s x126k92a\">\n<div dir=\"auto\">&#8222;M\u00f3wi\u0119 o Tobie z dum\u0105<\/div>\n<div dir=\"auto\">My\u015bl\u0119 o Tobie z trosk\u0105<\/div>\n<div dir=\"auto\">Jeste\u015b drogim skarbem<\/div>\n<div dir=\"auto\">Moj\u0105 kochan\u0105 Polsk\u0105<\/div>\n<div dir=\"auto\">M\u00f3wi\u0119 o Tobie dobrze<\/div>\n<div dir=\"auto\">\u015apiewam o Tobie g\u0142o\u015bno<\/div>\n<div dir=\"auto\">My\u015bl\u0119 zawsze pi\u0119knie<\/div>\n<div dir=\"auto\">Moja najdro\u017csza Polsko.&#8221;<\/div>\n<\/div>\n<p>&nbsp;<\/p>\n","protected":false},"excerpt":{"rendered":"<p>\u015awi\u0119to Niepodleg\u0142o\u015bci w naszej pracowni. Kochamy nasz\u0105 Ojczyzn\u0119! &#8222;Jest takie [&hellip;]<\/p>\n","protected":false},"author":203,"featured_media":49,"comment_status":"open","ping_status":"closed","template":"","class_list":["post-48","news","type-news","status-publish","has-post-thumbnail","hentry"],"acf":[],"yoast_head":"<!-- This site is optimized with the Yoast SEO plugin v24.5 - https:\/\/yoast.com\/wordpress\/plugins\/seo\/ -->\n<title>&quot;Jest takie miejsce na mapie \u015bwiata- Polska!...&quot; - Pracownia Orange \u0106miel\u00f3w<\/title>\n<meta name=\"robots\" content=\"index, follow, max-snippet:-1, max-image-preview:large, max-video-preview:-1\" \/>\n<link rel=\"canonical\" href=\"https:\/\/pracownieorange.pl\/cmielow\/news\/jest-takie-miejsce-na-mapie-swiata-polska-to-moje-miejsce-tutaj-mocniej-bije-mi-serce\/\" \/>\n<meta property=\"og:locale\" content=\"pl_PL\" \/>\n<meta property=\"og:type\" content=\"article\" \/>\n<meta property=\"og:title\" content=\"&quot;Jest takie miejsce na mapie \u015bwiata- Polska!...&quot; - Pracownia Orange \u0106miel\u00f3w\" \/>\n<meta property=\"og:description\" content=\"\u015awi\u0119to Niepodleg\u0142o\u015bci w naszej pracowni. Kochamy nasz\u0105 Ojczyzn\u0119! &#8222;Jest takie [&hellip;]\" \/>\n<meta property=\"og:url\" content=\"https:\/\/pracownieorange.pl\/cmielow\/news\/jest-takie-miejsce-na-mapie-swiata-polska-to-moje-miejsce-tutaj-mocniej-bije-mi-serce\/\" \/>\n<meta property=\"og:site_name\" content=\"Pracownia Orange \u0106miel\u00f3w\" \/>\n<meta property=\"article:modified_time\" content=\"2023-11-11T11:59:45+00:00\" \/>\n<meta property=\"og:image\" content=\"https:\/\/pracownieorange.pl\/app\/uploads\/sites\/100\/2023\/11\/ni.jpg\" \/>\n\t<meta property=\"og:image:width\" content=\"1536\" \/>\n\t<meta property=\"og:image:height\" content=\"2048\" \/>\n\t<meta property=\"og:image:type\" content=\"image\/jpeg\" \/>\n<meta name=\"twitter:card\" content=\"summary_large_image\" \/>\n<meta name=\"twitter:label1\" content=\"Est. reading time\" \/>\n\t<meta name=\"twitter:data1\" content=\"1 minuta\" \/>\n<script type=\"application\/ld+json\" class=\"yoast-schema-graph\">{\"@context\":\"https:\/\/schema.org\",\"@graph\":[{\"@type\":\"WebPage\",\"@id\":\"https:\/\/pracownieorange.pl\/cmielow\/news\/jest-takie-miejsce-na-mapie-swiata-polska-to-moje-miejsce-tutaj-mocniej-bije-mi-serce\/\",\"url\":\"https:\/\/pracownieorange.pl\/cmielow\/news\/jest-takie-miejsce-na-mapie-swiata-polska-to-moje-miejsce-tutaj-mocniej-bije-mi-serce\/\",\"name\":\"\\\"Jest takie miejsce na mapie \u015bwiata- Polska!...\\\" - Pracownia Orange \u0106miel\u00f3w\",\"isPartOf\":{\"@id\":\"https:\/\/pracownieorange.pl\/cmielow\/#website\"},\"primaryImageOfPage\":{\"@id\":\"https:\/\/pracownieorange.pl\/cmielow\/news\/jest-takie-miejsce-na-mapie-swiata-polska-to-moje-miejsce-tutaj-mocniej-bije-mi-serce\/#primaryimage\"},\"image\":{\"@id\":\"https:\/\/pracownieorange.pl\/cmielow\/news\/jest-takie-miejsce-na-mapie-swiata-polska-to-moje-miejsce-tutaj-mocniej-bije-mi-serce\/#primaryimage\"},\"thumbnailUrl\":\"https:\/\/pracownieorange.pl\/app\/uploads\/sites\/100\/2023\/11\/ni.jpg\",\"datePublished\":\"2023-11-10T21:45:48+00:00\",\"dateModified\":\"2023-11-11T11:59:45+00:00\",\"breadcrumb\":{\"@id\":\"https:\/\/pracownieorange.pl\/cmielow\/news\/jest-takie-miejsce-na-mapie-swiata-polska-to-moje-miejsce-tutaj-mocniej-bije-mi-serce\/#breadcrumb\"},\"inLanguage\":\"pl-PL\",\"potentialAction\":[{\"@type\":\"ReadAction\",\"target\":[\"https:\/\/pracownieorange.pl\/cmielow\/news\/jest-takie-miejsce-na-mapie-swiata-polska-to-moje-miejsce-tutaj-mocniej-bije-mi-serce\/\"]}]},{\"@type\":\"ImageObject\",\"inLanguage\":\"pl-PL\",\"@id\":\"https:\/\/pracownieorange.pl\/cmielow\/news\/jest-takie-miejsce-na-mapie-swiata-polska-to-moje-miejsce-tutaj-mocniej-bije-mi-serce\/#primaryimage\",\"url\":\"https:\/\/pracownieorange.pl\/app\/uploads\/sites\/100\/2023\/11\/ni.jpg\",\"contentUrl\":\"https:\/\/pracownieorange.pl\/app\/uploads\/sites\/100\/2023\/11\/ni.jpg\",\"width\":1536,\"height\":2048,\"caption\":\"Serce w kolorze flagi Polski u\u0142o\u017cone z papieru..\"},{\"@type\":\"BreadcrumbList\",\"@id\":\"https:\/\/pracownieorange.pl\/cmielow\/news\/jest-takie-miejsce-na-mapie-swiata-polska-to-moje-miejsce-tutaj-mocniej-bije-mi-serce\/#breadcrumb\",\"itemListElement\":[{\"@type\":\"ListItem\",\"position\":1,\"name\":\"Home\",\"item\":\"https:\/\/pracownieorange.pl\/cmielow\/\"},{\"@type\":\"ListItem\",\"position\":2,\"name\":\"Aktualno\u015bci\",\"item\":\"https:\/\/pracownieorange.pl\/cmielow\/news\/\"},{\"@type\":\"ListItem\",\"position\":3,\"name\":\"&#8222;Jest takie miejsce na mapie \u015bwiata- Polska!&#8230;&#8221;\"}]},{\"@type\":\"WebSite\",\"@id\":\"https:\/\/pracownieorange.pl\/cmielow\/#website\",\"url\":\"https:\/\/pracownieorange.pl\/cmielow\/\",\"name\":\"Pracownia Orange \u0106miel\u00f3w\",\"description\":\"\",\"potentialAction\":[{\"@type\":\"SearchAction\",\"target\":{\"@type\":\"EntryPoint\",\"urlTemplate\":\"https:\/\/pracownieorange.pl\/cmielow\/?s={search_term_string}\"},\"query-input\":{\"@type\":\"PropertyValueSpecification\",\"valueRequired\":true,\"valueName\":\"search_term_string\"}}],\"inLanguage\":\"pl-PL\"}]}<\/script>\n<!-- \/ Yoast SEO plugin. -->","yoast_head_json":{"title":"\"Jest takie miejsce na mapie \u015bwiata- Polska!...\" - Pracownia Orange \u0106miel\u00f3w","robots":{"index":"index","follow":"follow","max-snippet":"max-snippet:-1","max-image-preview":"max-image-preview:large","max-video-preview":"max-video-preview:-1"},"canonical":"https:\/\/pracownieorange.pl\/cmielow\/news\/jest-takie-miejsce-na-mapie-swiata-polska-to-moje-miejsce-tutaj-mocniej-bije-mi-serce\/","og_locale":"pl_PL","og_type":"article","og_title":"\"Jest takie miejsce na mapie \u015bwiata- Polska!...\" - Pracownia Orange \u0106miel\u00f3w","og_description":"\u015awi\u0119to Niepodleg\u0142o\u015bci w naszej pracowni. Kochamy nasz\u0105 Ojczyzn\u0119! &#8222;Jest takie [&hellip;]","og_url":"https:\/\/pracownieorange.pl\/cmielow\/news\/jest-takie-miejsce-na-mapie-swiata-polska-to-moje-miejsce-tutaj-mocniej-bije-mi-serce\/","og_site_name":"Pracownia Orange \u0106miel\u00f3w","article_modified_time":"2023-11-11T11:59:45+00:00","og_image":[{"width":1536,"height":2048,"url":"https:\/\/pracownieorange.pl\/app\/uploads\/sites\/100\/2023\/11\/ni.jpg","type":"image\/jpeg"}],"twitter_card":"summary_large_image","twitter_misc":{"Est. reading time":"1 minuta"},"schema":{"@context":"https:\/\/schema.org","@graph":[{"@type":"WebPage","@id":"https:\/\/pracownieorange.pl\/cmielow\/news\/jest-takie-miejsce-na-mapie-swiata-polska-to-moje-miejsce-tutaj-mocniej-bije-mi-serce\/","url":"https:\/\/pracownieorange.pl\/cmielow\/news\/jest-takie-miejsce-na-mapie-swiata-polska-to-moje-miejsce-tutaj-mocniej-bije-mi-serce\/","name":"\"Jest takie miejsce na mapie \u015bwiata- Polska!...\" - Pracownia Orange \u0106miel\u00f3w","isPartOf":{"@id":"https:\/\/pracownieorange.pl\/cmielow\/#website"},"primaryImageOfPage":{"@id":"https:\/\/pracownieorange.pl\/cmielow\/news\/jest-takie-miejsce-na-mapie-swiata-polska-to-moje-miejsce-tutaj-mocniej-bije-mi-serce\/#primaryimage"},"image":{"@id":"https:\/\/pracownieorange.pl\/cmielow\/news\/jest-takie-miejsce-na-mapie-swiata-polska-to-moje-miejsce-tutaj-mocniej-bije-mi-serce\/#primaryimage"},"thumbnailUrl":"https:\/\/pracownieorange.pl\/app\/uploads\/sites\/100\/2023\/11\/ni.jpg","datePublished":"2023-11-10T21:45:48+00:00","dateModified":"2023-11-11T11:59:45+00:00","breadcrumb":{"@id":"https:\/\/pracownieorange.pl\/cmielow\/news\/jest-takie-miejsce-na-mapie-swiata-polska-to-moje-miejsce-tutaj-mocniej-bije-mi-serce\/#breadcrumb"},"inLanguage":"pl-PL","potentialAction":[{"@type":"ReadAction","target":["https:\/\/pracownieorange.pl\/cmielow\/news\/jest-takie-miejsce-na-mapie-swiata-polska-to-moje-miejsce-tutaj-mocniej-bije-mi-serce\/"]}]},{"@type":"ImageObject","inLanguage":"pl-PL","@id":"https:\/\/pracownieorange.pl\/cmielow\/news\/jest-takie-miejsce-na-mapie-swiata-polska-to-moje-miejsce-tutaj-mocniej-bije-mi-serce\/#primaryimage","url":"https:\/\/pracownieorange.pl\/app\/uploads\/sites\/100\/2023\/11\/ni.jpg","contentUrl":"https:\/\/pracownieorange.pl\/app\/uploads\/sites\/100\/2023\/11\/ni.jpg","width":1536,"height":2048,"caption":"Serce w kolorze flagi Polski u\u0142o\u017cone z papieru.."},{"@type":"BreadcrumbList","@id":"https:\/\/pracownieorange.pl\/cmielow\/news\/jest-takie-miejsce-na-mapie-swiata-polska-to-moje-miejsce-tutaj-mocniej-bije-mi-serce\/#breadcrumb","itemListElement":[{"@type":"ListItem","position":1,"name":"Home","item":"https:\/\/pracownieorange.pl\/cmielow\/"},{"@type":"ListItem","position":2,"name":"Aktualno\u015bci","item":"https:\/\/pracownieorange.pl\/cmielow\/news\/"},{"@type":"ListItem","position":3,"name":"&#8222;Jest takie miejsce na mapie \u015bwiata- Polska!&#8230;&#8221;"}]},{"@type":"WebSite","@id":"https:\/\/pracownieorange.pl\/cmielow\/#website","url":"https:\/\/pracownieorange.pl\/cmielow\/","name":"Pracownia Orange \u0106miel\u00f3w","description":"","potentialAction":[{"@type":"SearchAction","target":{"@type":"EntryPoint","urlTemplate":"https:\/\/pracownieorange.pl\/cmielow\/?s={search_term_string}"},"query-input":{"@type":"PropertyValueSpecification","valueRequired":true,"valueName":"search_term_string"}}],"inLanguage":"pl-PL"}]}},"_links":{"self":[{"href":"https:\/\/pracownieorange.pl\/cmielow\/wp-json\/wp\/v2\/news\/48","targetHints":{"allow":["GET"]}}],"collection":[{"href":"https:\/\/pracownieorange.pl\/cmielow\/wp-json\/wp\/v2\/news"}],"about":[{"href":"https:\/\/pracownieorange.pl\/cmielow\/wp-json\/wp\/v2\/types\/news"}],"author":[{"embeddable":true,"href":"https:\/\/pracownieorange.pl\/cmielow\/wp-json\/wp\/v2\/users\/203"}],"replies":[{"embeddable":true,"href":"https:\/\/pracownieorange.pl\/cmielow\/wp-json\/wp\/v2\/comments?post=48"}],"wp:featuredmedia":[{"embeddable":true,"href":"https:\/\/pracownieorange.pl\/cmielow\/wp-json\/wp\/v2\/media\/49"}],"wp:attachment":[{"href":"https:\/\/pracownieorange.pl\/cmielow\/wp-json\/wp\/v2\/media?parent=48"}],"curies":[{"name":"wp","href":"https:\/\/api.w.org\/{rel}","templated":true}]}}