

{"id":365,"date":"2024-10-06T10:13:33","date_gmt":"2024-10-06T08:13:33","guid":{"rendered":"https:\/\/pracownieorange.pl\/cmielow\/?post_type=news&#038;p=365"},"modified":"2024-10-08T19:31:55","modified_gmt":"2024-10-08T17:31:55","slug":"orange-szafa-cmielowski-givebox-i-zbiorka-dla-osob-w-kryzysie-bezdomnosci","status":"publish","type":"news","link":"https:\/\/pracownieorange.pl\/cmielow\/news\/orange-szafa-cmielowski-givebox-i-zbiorka-dla-osob-w-kryzysie-bezdomnosci\/","title":{"rendered":"Orange Szafa &#8211; \u0106mielowski givebox i zbi\u00f3rka dla os\u00f3b w kryzysie bezdomno\u015bci"},"content":{"rendered":"<p>Do ko\u0144ca wrze\u015bnia trwa\u0142a nasza\u00a0 akcja \u0106mielowski Givebox Orange Szafa.<\/p>\n<p>W ramach inicjatywy mieszka\u0144cy mogli\u00a0 nie tylko odda\u0107, ale tak\u017ce wzi\u0105\u0107 sobie ciep\u0142y sweter czy kurtk\u0119, kt\u00f3ra przypad\u0142a im do gustu i to ca\u0142kowicie za darmo! Noce robi\u0105 si\u0119 ch\u0142odne, tak wi\u0119c zaprosili\u015bmy\u00a0 do\u00a0 przynoszenia rzeczy jesienno-zimowych aby\u015bmy mogli przekaza\u0107 je potrzebuj\u0105cym.<\/p>\n<p>Najbardziej poszukiwane s\u0105:\u00a0 cieplutkie bluzy, swetry, spodnie d\u017cinsowe, dresy, buty, kurtki i czapki, r\u0119czniki, po\u015bciele, prze\u015bcierad\u0142a, \u015bpiwory, karimaty, kubki termiczne, termosy, koce itp.<\/p>\n<p>Przyniesione rzeczy, kt\u00f3re sukcesywnie gromadzili\u015bmy dla os\u00f3b potrzebuj\u0105cych otrzymaj\u0105 osoby w kryzysie bezdomno\u015bci.<br \/>\nZ dzi\u0119kujemy wszystkim kt\u00f3rzy wsparli nasz\u0105 akcj\u0119! Brawo Wy!<\/p>\n<p>Razem z Pracowni\u0105 i Fundacj\u0105 Orange, kt\u00f3ra sfinansowa\u0142a nasz projekt chcieli\u015bmy pokaza\u0107 \u017ce mo\u017cna da\u0107 drugie \u017cycie rzeczom, kt\u00f3re s\u0105 ju\u017c w obiegu. To ubrania dobrej jako\u015bci, kt\u00f3re jeszcze d\u0142ugi czas pos\u0142u\u017c\u0105 nowym w\u0142a\u015bcicielom. Nietypowy mobilny &#8222;free shop&#8221;\u00a0 dzia\u0142a\u0142\u00a0 do 30 wrze\u015bnia! Dzi\u0119kujemy za fantastyczny odzew na nasz\u0105 akcj\u0119!<\/p>\n","protected":false},"excerpt":{"rendered":"<p>Do ko\u0144ca wrze\u015bnia trwa\u0142a nasza\u00a0 akcja \u0106mielowski Givebox Orange Szafa. [&hellip;]<\/p>\n","protected":false},"author":203,"featured_media":366,"comment_status":"open","ping_status":"closed","template":"","class_list":["post-365","news","type-news","status-publish","has-post-thumbnail","hentry"],"acf":[],"yoast_head":"<!-- This site is optimized with the Yoast SEO plugin v24.5 - https:\/\/yoast.com\/wordpress\/plugins\/seo\/ -->\n<title>Orange Szafa - \u0106mielowski givebox i zbi\u00f3rka dla os\u00f3b w kryzysie bezdomno\u015bci - Pracownia Orange \u0106miel\u00f3w<\/title>\n<meta name=\"robots\" content=\"index, follow, max-snippet:-1, max-image-preview:large, max-video-preview:-1\" \/>\n<link rel=\"canonical\" href=\"https:\/\/pracownieorange.pl\/cmielow\/news\/orange-szafa-cmielowski-givebox-i-zbiorka-dla-osob-w-kryzysie-bezdomnosci\/\" \/>\n<meta property=\"og:locale\" content=\"pl_PL\" \/>\n<meta property=\"og:type\" content=\"article\" \/>\n<meta property=\"og:title\" content=\"Orange Szafa - \u0106mielowski givebox i zbi\u00f3rka dla os\u00f3b w kryzysie bezdomno\u015bci - Pracownia Orange \u0106miel\u00f3w\" \/>\n<meta property=\"og:description\" content=\"Do ko\u0144ca wrze\u015bnia trwa\u0142a nasza\u00a0 akcja \u0106mielowski Givebox Orange Szafa. [&hellip;]\" \/>\n<meta property=\"og:url\" content=\"https:\/\/pracownieorange.pl\/cmielow\/news\/orange-szafa-cmielowski-givebox-i-zbiorka-dla-osob-w-kryzysie-bezdomnosci\/\" \/>\n<meta property=\"og:site_name\" content=\"Pracownia Orange \u0106miel\u00f3w\" \/>\n<meta property=\"article:modified_time\" content=\"2024-10-08T17:31:55+00:00\" \/>\n<meta property=\"og:image\" content=\"https:\/\/pracownieorange.pl\/app\/uploads\/sites\/100\/2024\/10\/zbiorka.png\" \/>\n\t<meta property=\"og:image:width\" content=\"1587\" \/>\n\t<meta property=\"og:image:height\" content=\"2245\" \/>\n\t<meta property=\"og:image:type\" content=\"image\/png\" \/>\n<meta name=\"twitter:card\" content=\"summary_large_image\" \/>\n<meta name=\"twitter:label1\" content=\"Est. reading time\" \/>\n\t<meta name=\"twitter:data1\" content=\"2 minuty\" \/>\n<script type=\"application\/ld+json\" class=\"yoast-schema-graph\">{\"@context\":\"https:\/\/schema.org\",\"@graph\":[{\"@type\":\"WebPage\",\"@id\":\"https:\/\/pracownieorange.pl\/cmielow\/news\/orange-szafa-cmielowski-givebox-i-zbiorka-dla-osob-w-kryzysie-bezdomnosci\/\",\"url\":\"https:\/\/pracownieorange.pl\/cmielow\/news\/orange-szafa-cmielowski-givebox-i-zbiorka-dla-osob-w-kryzysie-bezdomnosci\/\",\"name\":\"Orange Szafa - \u0106mielowski givebox i zbi\u00f3rka dla os\u00f3b w kryzysie bezdomno\u015bci - Pracownia Orange \u0106miel\u00f3w\",\"isPartOf\":{\"@id\":\"https:\/\/pracownieorange.pl\/cmielow\/#website\"},\"primaryImageOfPage\":{\"@id\":\"https:\/\/pracownieorange.pl\/cmielow\/news\/orange-szafa-cmielowski-givebox-i-zbiorka-dla-osob-w-kryzysie-bezdomnosci\/#primaryimage\"},\"image\":{\"@id\":\"https:\/\/pracownieorange.pl\/cmielow\/news\/orange-szafa-cmielowski-givebox-i-zbiorka-dla-osob-w-kryzysie-bezdomnosci\/#primaryimage\"},\"thumbnailUrl\":\"https:\/\/pracownieorange.pl\/app\/uploads\/sites\/100\/2024\/10\/zbiorka.png\",\"datePublished\":\"2024-10-06T08:13:33+00:00\",\"dateModified\":\"2024-10-08T17:31:55+00:00\",\"breadcrumb\":{\"@id\":\"https:\/\/pracownieorange.pl\/cmielow\/news\/orange-szafa-cmielowski-givebox-i-zbiorka-dla-osob-w-kryzysie-bezdomnosci\/#breadcrumb\"},\"inLanguage\":\"pl-PL\",\"potentialAction\":[{\"@type\":\"ReadAction\",\"target\":[\"https:\/\/pracownieorange.pl\/cmielow\/news\/orange-szafa-cmielowski-givebox-i-zbiorka-dla-osob-w-kryzysie-bezdomnosci\/\"]}]},{\"@type\":\"ImageObject\",\"inLanguage\":\"pl-PL\",\"@id\":\"https:\/\/pracownieorange.pl\/cmielow\/news\/orange-szafa-cmielowski-givebox-i-zbiorka-dla-osob-w-kryzysie-bezdomnosci\/#primaryimage\",\"url\":\"https:\/\/pracownieorange.pl\/app\/uploads\/sites\/100\/2024\/10\/zbiorka.png\",\"contentUrl\":\"https:\/\/pracownieorange.pl\/app\/uploads\/sites\/100\/2024\/10\/zbiorka.png\",\"width\":1587,\"height\":2245,\"caption\":\"Plakat promocyjny orange szafa\"},{\"@type\":\"BreadcrumbList\",\"@id\":\"https:\/\/pracownieorange.pl\/cmielow\/news\/orange-szafa-cmielowski-givebox-i-zbiorka-dla-osob-w-kryzysie-bezdomnosci\/#breadcrumb\",\"itemListElement\":[{\"@type\":\"ListItem\",\"position\":1,\"name\":\"Home\",\"item\":\"https:\/\/pracownieorange.pl\/cmielow\/\"},{\"@type\":\"ListItem\",\"position\":2,\"name\":\"Aktualno\u015bci\",\"item\":\"https:\/\/pracownieorange.pl\/cmielow\/news\/\"},{\"@type\":\"ListItem\",\"position\":3,\"name\":\"Orange Szafa &#8211; \u0106mielowski givebox i zbi\u00f3rka dla os\u00f3b w kryzysie bezdomno\u015bci\"}]},{\"@type\":\"WebSite\",\"@id\":\"https:\/\/pracownieorange.pl\/cmielow\/#website\",\"url\":\"https:\/\/pracownieorange.pl\/cmielow\/\",\"name\":\"Pracownia Orange \u0106miel\u00f3w\",\"description\":\"\",\"potentialAction\":[{\"@type\":\"SearchAction\",\"target\":{\"@type\":\"EntryPoint\",\"urlTemplate\":\"https:\/\/pracownieorange.pl\/cmielow\/?s={search_term_string}\"},\"query-input\":{\"@type\":\"PropertyValueSpecification\",\"valueRequired\":true,\"valueName\":\"search_term_string\"}}],\"inLanguage\":\"pl-PL\"}]}<\/script>\n<!-- \/ Yoast SEO plugin. -->","yoast_head_json":{"title":"Orange Szafa - \u0106mielowski givebox i zbi\u00f3rka dla os\u00f3b w kryzysie bezdomno\u015bci - Pracownia Orange \u0106miel\u00f3w","robots":{"index":"index","follow":"follow","max-snippet":"max-snippet:-1","max-image-preview":"max-image-preview:large","max-video-preview":"max-video-preview:-1"},"canonical":"https:\/\/pracownieorange.pl\/cmielow\/news\/orange-szafa-cmielowski-givebox-i-zbiorka-dla-osob-w-kryzysie-bezdomnosci\/","og_locale":"pl_PL","og_type":"article","og_title":"Orange Szafa - \u0106mielowski givebox i zbi\u00f3rka dla os\u00f3b w kryzysie bezdomno\u015bci - Pracownia Orange \u0106miel\u00f3w","og_description":"Do ko\u0144ca wrze\u015bnia trwa\u0142a nasza\u00a0 akcja \u0106mielowski Givebox Orange Szafa. [&hellip;]","og_url":"https:\/\/pracownieorange.pl\/cmielow\/news\/orange-szafa-cmielowski-givebox-i-zbiorka-dla-osob-w-kryzysie-bezdomnosci\/","og_site_name":"Pracownia Orange \u0106miel\u00f3w","article_modified_time":"2024-10-08T17:31:55+00:00","og_image":[{"width":1587,"height":2245,"url":"https:\/\/pracownieorange.pl\/app\/uploads\/sites\/100\/2024\/10\/zbiorka.png","type":"image\/png"}],"twitter_card":"summary_large_image","twitter_misc":{"Est. reading time":"2 minuty"},"schema":{"@context":"https:\/\/schema.org","@graph":[{"@type":"WebPage","@id":"https:\/\/pracownieorange.pl\/cmielow\/news\/orange-szafa-cmielowski-givebox-i-zbiorka-dla-osob-w-kryzysie-bezdomnosci\/","url":"https:\/\/pracownieorange.pl\/cmielow\/news\/orange-szafa-cmielowski-givebox-i-zbiorka-dla-osob-w-kryzysie-bezdomnosci\/","name":"Orange Szafa - \u0106mielowski givebox i zbi\u00f3rka dla os\u00f3b w kryzysie bezdomno\u015bci - Pracownia Orange \u0106miel\u00f3w","isPartOf":{"@id":"https:\/\/pracownieorange.pl\/cmielow\/#website"},"primaryImageOfPage":{"@id":"https:\/\/pracownieorange.pl\/cmielow\/news\/orange-szafa-cmielowski-givebox-i-zbiorka-dla-osob-w-kryzysie-bezdomnosci\/#primaryimage"},"image":{"@id":"https:\/\/pracownieorange.pl\/cmielow\/news\/orange-szafa-cmielowski-givebox-i-zbiorka-dla-osob-w-kryzysie-bezdomnosci\/#primaryimage"},"thumbnailUrl":"https:\/\/pracownieorange.pl\/app\/uploads\/sites\/100\/2024\/10\/zbiorka.png","datePublished":"2024-10-06T08:13:33+00:00","dateModified":"2024-10-08T17:31:55+00:00","breadcrumb":{"@id":"https:\/\/pracownieorange.pl\/cmielow\/news\/orange-szafa-cmielowski-givebox-i-zbiorka-dla-osob-w-kryzysie-bezdomnosci\/#breadcrumb"},"inLanguage":"pl-PL","potentialAction":[{"@type":"ReadAction","target":["https:\/\/pracownieorange.pl\/cmielow\/news\/orange-szafa-cmielowski-givebox-i-zbiorka-dla-osob-w-kryzysie-bezdomnosci\/"]}]},{"@type":"ImageObject","inLanguage":"pl-PL","@id":"https:\/\/pracownieorange.pl\/cmielow\/news\/orange-szafa-cmielowski-givebox-i-zbiorka-dla-osob-w-kryzysie-bezdomnosci\/#primaryimage","url":"https:\/\/pracownieorange.pl\/app\/uploads\/sites\/100\/2024\/10\/zbiorka.png","contentUrl":"https:\/\/pracownieorange.pl\/app\/uploads\/sites\/100\/2024\/10\/zbiorka.png","width":1587,"height":2245,"caption":"Plakat promocyjny orange szafa"},{"@type":"BreadcrumbList","@id":"https:\/\/pracownieorange.pl\/cmielow\/news\/orange-szafa-cmielowski-givebox-i-zbiorka-dla-osob-w-kryzysie-bezdomnosci\/#breadcrumb","itemListElement":[{"@type":"ListItem","position":1,"name":"Home","item":"https:\/\/pracownieorange.pl\/cmielow\/"},{"@type":"ListItem","position":2,"name":"Aktualno\u015bci","item":"https:\/\/pracownieorange.pl\/cmielow\/news\/"},{"@type":"ListItem","position":3,"name":"Orange Szafa &#8211; \u0106mielowski givebox i zbi\u00f3rka dla os\u00f3b w kryzysie bezdomno\u015bci"}]},{"@type":"WebSite","@id":"https:\/\/pracownieorange.pl\/cmielow\/#website","url":"https:\/\/pracownieorange.pl\/cmielow\/","name":"Pracownia Orange \u0106miel\u00f3w","description":"","potentialAction":[{"@type":"SearchAction","target":{"@type":"EntryPoint","urlTemplate":"https:\/\/pracownieorange.pl\/cmielow\/?s={search_term_string}"},"query-input":{"@type":"PropertyValueSpecification","valueRequired":true,"valueName":"search_term_string"}}],"inLanguage":"pl-PL"}]}},"_links":{"self":[{"href":"https:\/\/pracownieorange.pl\/cmielow\/wp-json\/wp\/v2\/news\/365","targetHints":{"allow":["GET"]}}],"collection":[{"href":"https:\/\/pracownieorange.pl\/cmielow\/wp-json\/wp\/v2\/news"}],"about":[{"href":"https:\/\/pracownieorange.pl\/cmielow\/wp-json\/wp\/v2\/types\/news"}],"author":[{"embeddable":true,"href":"https:\/\/pracownieorange.pl\/cmielow\/wp-json\/wp\/v2\/users\/203"}],"replies":[{"embeddable":true,"href":"https:\/\/pracownieorange.pl\/cmielow\/wp-json\/wp\/v2\/comments?post=365"}],"wp:featuredmedia":[{"embeddable":true,"href":"https:\/\/pracownieorange.pl\/cmielow\/wp-json\/wp\/v2\/media\/366"}],"wp:attachment":[{"href":"https:\/\/pracownieorange.pl\/cmielow\/wp-json\/wp\/v2\/media?parent=365"}],"curies":[{"name":"wp","href":"https:\/\/api.w.org\/{rel}","templated":true}]}}