

{"id":1055,"date":"2025-11-19T05:43:27","date_gmt":"2025-11-19T04:43:27","guid":{"rendered":"https:\/\/pracownieorange.pl\/cmielow\/?post_type=news&#038;p=1055"},"modified":"2025-11-30T17:04:11","modified_gmt":"2025-11-30T16:04:11","slug":"rajd-po-rudzkim-parku-kulturowym-z-ekipa-program-rownac-szanse","status":"publish","type":"news","link":"https:\/\/pracownieorange.pl\/cmielow\/news\/rajd-po-rudzkim-parku-kulturowym-z-ekipa-program-rownac-szanse\/","title":{"rendered":"Rajd po Rudzkim Parku Kulturowym z ekip\u0105 Program R\u00f3wna\u0107 Szanse."},"content":{"rendered":"<p>Rajd po Rudzkim Parku Kulturowym z ekip\u0105 Program R\u00f3wna\u0107 Szanse<\/p>\n<p>Pierwszy taki rajd i by\u0142o super \u2013 by\u0142o nas ponad os\u00f3b!<br \/>\nTrasa? Dali\u015bmy rad\u0119!<br \/>\nEkipa? Najlepsza!<\/p>\n<p>Na starcie rozdali\u015bmy pakiety startowe kt\u00f3re sami przygotowali\u015bmy, zrobili\u015bmy nadruki na torbach bawe\u0142nianych, wykonali\u015bmy przypinki, zrobili\u015bmy nadruki logo RPK na naszych bia\u0142ych t-shirtach, zbierali\u015bmy podpisy od uczestnik\u00f3w, wydawali\u015bmy wod\u0119a na mecie w Dworze Amelii czeka\u0142a najm\u0142odszych ca\u0142a paka atrakcji!<\/p>\n<p>A wiecie co rozwali\u0142o system? Nasza riksza idealna i na mapki, i na najm\u0142odszych.<br \/>\nDzi\u0119ki wszystkim za wsp\u00f3ln\u0105 jazd\u0119 \u2013 bez Was nie by\u0142oby tej energii!<br \/>\nTo dopiero pocz\u0105tek \u2013 RPK ma jeszcze mn\u00f3stwo sekret\u00f3w do odkrycia<\/p>\n","protected":false},"excerpt":{"rendered":"<p>Rajd po Rudzkim Parku Kulturowym z ekip\u0105 Program R\u00f3wna\u0107 Szanse [&hellip;]<\/p>\n","protected":false},"author":203,"featured_media":1056,"comment_status":"open","ping_status":"closed","template":"","class_list":["post-1055","news","type-news","status-publish","has-post-thumbnail","hentry"],"acf":[],"yoast_head":"<!-- This site is optimized with the Yoast SEO plugin v24.5 - https:\/\/yoast.com\/wordpress\/plugins\/seo\/ -->\n<title>Rajd po Rudzkim Parku Kulturowym z ekip\u0105 Program R\u00f3wna\u0107 Szanse. - Pracownia Orange \u0106miel\u00f3w<\/title>\n<meta name=\"robots\" content=\"index, follow, max-snippet:-1, max-image-preview:large, max-video-preview:-1\" \/>\n<link rel=\"canonical\" href=\"https:\/\/pracownieorange.pl\/cmielow\/news\/rajd-po-rudzkim-parku-kulturowym-z-ekipa-program-rownac-szanse\/\" \/>\n<meta property=\"og:locale\" content=\"pl_PL\" \/>\n<meta property=\"og:type\" content=\"article\" \/>\n<meta property=\"og:title\" content=\"Rajd po Rudzkim Parku Kulturowym z ekip\u0105 Program R\u00f3wna\u0107 Szanse. - Pracownia Orange \u0106miel\u00f3w\" \/>\n<meta property=\"og:description\" content=\"Rajd po Rudzkim Parku Kulturowym z ekip\u0105 Program R\u00f3wna\u0107 Szanse [&hellip;]\" \/>\n<meta property=\"og:url\" content=\"https:\/\/pracownieorange.pl\/cmielow\/news\/rajd-po-rudzkim-parku-kulturowym-z-ekipa-program-rownac-szanse\/\" \/>\n<meta property=\"og:site_name\" content=\"Pracownia Orange \u0106miel\u00f3w\" \/>\n<meta property=\"article:modified_time\" content=\"2025-11-30T16:04:11+00:00\" \/>\n<meta property=\"og:image\" content=\"https:\/\/pracownieorange.pl\/app\/uploads\/sites\/100\/2025\/11\/Projekt-bez-nazwy54.png\" \/>\n\t<meta property=\"og:image:width\" content=\"940\" \/>\n\t<meta property=\"og:image:height\" content=\"788\" \/>\n\t<meta property=\"og:image:type\" content=\"image\/png\" \/>\n<meta name=\"twitter:card\" content=\"summary_large_image\" \/>\n<meta name=\"twitter:label1\" content=\"Est. reading time\" \/>\n\t<meta name=\"twitter:data1\" content=\"1 minuta\" \/>\n<script type=\"application\/ld+json\" class=\"yoast-schema-graph\">{\"@context\":\"https:\/\/schema.org\",\"@graph\":[{\"@type\":\"WebPage\",\"@id\":\"https:\/\/pracownieorange.pl\/cmielow\/news\/rajd-po-rudzkim-parku-kulturowym-z-ekipa-program-rownac-szanse\/\",\"url\":\"https:\/\/pracownieorange.pl\/cmielow\/news\/rajd-po-rudzkim-parku-kulturowym-z-ekipa-program-rownac-szanse\/\",\"name\":\"Rajd po Rudzkim Parku Kulturowym z ekip\u0105 Program R\u00f3wna\u0107 Szanse. - Pracownia Orange \u0106miel\u00f3w\",\"isPartOf\":{\"@id\":\"https:\/\/pracownieorange.pl\/cmielow\/#website\"},\"primaryImageOfPage\":{\"@id\":\"https:\/\/pracownieorange.pl\/cmielow\/news\/rajd-po-rudzkim-parku-kulturowym-z-ekipa-program-rownac-szanse\/#primaryimage\"},\"image\":{\"@id\":\"https:\/\/pracownieorange.pl\/cmielow\/news\/rajd-po-rudzkim-parku-kulturowym-z-ekipa-program-rownac-szanse\/#primaryimage\"},\"thumbnailUrl\":\"https:\/\/pracownieorange.pl\/app\/uploads\/sites\/100\/2025\/11\/Projekt-bez-nazwy54.png\",\"datePublished\":\"2025-11-19T04:43:27+00:00\",\"dateModified\":\"2025-11-30T16:04:11+00:00\",\"breadcrumb\":{\"@id\":\"https:\/\/pracownieorange.pl\/cmielow\/news\/rajd-po-rudzkim-parku-kulturowym-z-ekipa-program-rownac-szanse\/#breadcrumb\"},\"inLanguage\":\"pl-PL\",\"potentialAction\":[{\"@type\":\"ReadAction\",\"target\":[\"https:\/\/pracownieorange.pl\/cmielow\/news\/rajd-po-rudzkim-parku-kulturowym-z-ekipa-program-rownac-szanse\/\"]}]},{\"@type\":\"ImageObject\",\"inLanguage\":\"pl-PL\",\"@id\":\"https:\/\/pracownieorange.pl\/cmielow\/news\/rajd-po-rudzkim-parku-kulturowym-z-ekipa-program-rownac-szanse\/#primaryimage\",\"url\":\"https:\/\/pracownieorange.pl\/app\/uploads\/sites\/100\/2025\/11\/Projekt-bez-nazwy54.png\",\"contentUrl\":\"https:\/\/pracownieorange.pl\/app\/uploads\/sites\/100\/2025\/11\/Projekt-bez-nazwy54.png\",\"width\":940,\"height\":788,\"caption\":\"rajd\"},{\"@type\":\"BreadcrumbList\",\"@id\":\"https:\/\/pracownieorange.pl\/cmielow\/news\/rajd-po-rudzkim-parku-kulturowym-z-ekipa-program-rownac-szanse\/#breadcrumb\",\"itemListElement\":[{\"@type\":\"ListItem\",\"position\":1,\"name\":\"Home\",\"item\":\"https:\/\/pracownieorange.pl\/cmielow\/\"},{\"@type\":\"ListItem\",\"position\":2,\"name\":\"Aktualno\u015bci\",\"item\":\"https:\/\/pracownieorange.pl\/cmielow\/news\/\"},{\"@type\":\"ListItem\",\"position\":3,\"name\":\"Rajd po Rudzkim Parku Kulturowym z ekip\u0105 Program R\u00f3wna\u0107 Szanse.\"}]},{\"@type\":\"WebSite\",\"@id\":\"https:\/\/pracownieorange.pl\/cmielow\/#website\",\"url\":\"https:\/\/pracownieorange.pl\/cmielow\/\",\"name\":\"Pracownia Orange \u0106miel\u00f3w\",\"description\":\"\",\"potentialAction\":[{\"@type\":\"SearchAction\",\"target\":{\"@type\":\"EntryPoint\",\"urlTemplate\":\"https:\/\/pracownieorange.pl\/cmielow\/?s={search_term_string}\"},\"query-input\":{\"@type\":\"PropertyValueSpecification\",\"valueRequired\":true,\"valueName\":\"search_term_string\"}}],\"inLanguage\":\"pl-PL\"}]}<\/script>\n<!-- \/ Yoast SEO plugin. -->","yoast_head_json":{"title":"Rajd po Rudzkim Parku Kulturowym z ekip\u0105 Program R\u00f3wna\u0107 Szanse. - Pracownia Orange \u0106miel\u00f3w","robots":{"index":"index","follow":"follow","max-snippet":"max-snippet:-1","max-image-preview":"max-image-preview:large","max-video-preview":"max-video-preview:-1"},"canonical":"https:\/\/pracownieorange.pl\/cmielow\/news\/rajd-po-rudzkim-parku-kulturowym-z-ekipa-program-rownac-szanse\/","og_locale":"pl_PL","og_type":"article","og_title":"Rajd po Rudzkim Parku Kulturowym z ekip\u0105 Program R\u00f3wna\u0107 Szanse. - Pracownia Orange \u0106miel\u00f3w","og_description":"Rajd po Rudzkim Parku Kulturowym z ekip\u0105 Program R\u00f3wna\u0107 Szanse [&hellip;]","og_url":"https:\/\/pracownieorange.pl\/cmielow\/news\/rajd-po-rudzkim-parku-kulturowym-z-ekipa-program-rownac-szanse\/","og_site_name":"Pracownia Orange \u0106miel\u00f3w","article_modified_time":"2025-11-30T16:04:11+00:00","og_image":[{"width":940,"height":788,"url":"https:\/\/pracownieorange.pl\/app\/uploads\/sites\/100\/2025\/11\/Projekt-bez-nazwy54.png","type":"image\/png"}],"twitter_card":"summary_large_image","twitter_misc":{"Est. reading time":"1 minuta"},"schema":{"@context":"https:\/\/schema.org","@graph":[{"@type":"WebPage","@id":"https:\/\/pracownieorange.pl\/cmielow\/news\/rajd-po-rudzkim-parku-kulturowym-z-ekipa-program-rownac-szanse\/","url":"https:\/\/pracownieorange.pl\/cmielow\/news\/rajd-po-rudzkim-parku-kulturowym-z-ekipa-program-rownac-szanse\/","name":"Rajd po Rudzkim Parku Kulturowym z ekip\u0105 Program R\u00f3wna\u0107 Szanse. - Pracownia Orange \u0106miel\u00f3w","isPartOf":{"@id":"https:\/\/pracownieorange.pl\/cmielow\/#website"},"primaryImageOfPage":{"@id":"https:\/\/pracownieorange.pl\/cmielow\/news\/rajd-po-rudzkim-parku-kulturowym-z-ekipa-program-rownac-szanse\/#primaryimage"},"image":{"@id":"https:\/\/pracownieorange.pl\/cmielow\/news\/rajd-po-rudzkim-parku-kulturowym-z-ekipa-program-rownac-szanse\/#primaryimage"},"thumbnailUrl":"https:\/\/pracownieorange.pl\/app\/uploads\/sites\/100\/2025\/11\/Projekt-bez-nazwy54.png","datePublished":"2025-11-19T04:43:27+00:00","dateModified":"2025-11-30T16:04:11+00:00","breadcrumb":{"@id":"https:\/\/pracownieorange.pl\/cmielow\/news\/rajd-po-rudzkim-parku-kulturowym-z-ekipa-program-rownac-szanse\/#breadcrumb"},"inLanguage":"pl-PL","potentialAction":[{"@type":"ReadAction","target":["https:\/\/pracownieorange.pl\/cmielow\/news\/rajd-po-rudzkim-parku-kulturowym-z-ekipa-program-rownac-szanse\/"]}]},{"@type":"ImageObject","inLanguage":"pl-PL","@id":"https:\/\/pracownieorange.pl\/cmielow\/news\/rajd-po-rudzkim-parku-kulturowym-z-ekipa-program-rownac-szanse\/#primaryimage","url":"https:\/\/pracownieorange.pl\/app\/uploads\/sites\/100\/2025\/11\/Projekt-bez-nazwy54.png","contentUrl":"https:\/\/pracownieorange.pl\/app\/uploads\/sites\/100\/2025\/11\/Projekt-bez-nazwy54.png","width":940,"height":788,"caption":"rajd"},{"@type":"BreadcrumbList","@id":"https:\/\/pracownieorange.pl\/cmielow\/news\/rajd-po-rudzkim-parku-kulturowym-z-ekipa-program-rownac-szanse\/#breadcrumb","itemListElement":[{"@type":"ListItem","position":1,"name":"Home","item":"https:\/\/pracownieorange.pl\/cmielow\/"},{"@type":"ListItem","position":2,"name":"Aktualno\u015bci","item":"https:\/\/pracownieorange.pl\/cmielow\/news\/"},{"@type":"ListItem","position":3,"name":"Rajd po Rudzkim Parku Kulturowym z ekip\u0105 Program R\u00f3wna\u0107 Szanse."}]},{"@type":"WebSite","@id":"https:\/\/pracownieorange.pl\/cmielow\/#website","url":"https:\/\/pracownieorange.pl\/cmielow\/","name":"Pracownia Orange \u0106miel\u00f3w","description":"","potentialAction":[{"@type":"SearchAction","target":{"@type":"EntryPoint","urlTemplate":"https:\/\/pracownieorange.pl\/cmielow\/?s={search_term_string}"},"query-input":{"@type":"PropertyValueSpecification","valueRequired":true,"valueName":"search_term_string"}}],"inLanguage":"pl-PL"}]}},"_links":{"self":[{"href":"https:\/\/pracownieorange.pl\/cmielow\/wp-json\/wp\/v2\/news\/1055","targetHints":{"allow":["GET"]}}],"collection":[{"href":"https:\/\/pracownieorange.pl\/cmielow\/wp-json\/wp\/v2\/news"}],"about":[{"href":"https:\/\/pracownieorange.pl\/cmielow\/wp-json\/wp\/v2\/types\/news"}],"author":[{"embeddable":true,"href":"https:\/\/pracownieorange.pl\/cmielow\/wp-json\/wp\/v2\/users\/203"}],"replies":[{"embeddable":true,"href":"https:\/\/pracownieorange.pl\/cmielow\/wp-json\/wp\/v2\/comments?post=1055"}],"wp:featuredmedia":[{"embeddable":true,"href":"https:\/\/pracownieorange.pl\/cmielow\/wp-json\/wp\/v2\/media\/1056"}],"wp:attachment":[{"href":"https:\/\/pracownieorange.pl\/cmielow\/wp-json\/wp\/v2\/media?parent=1055"}],"curies":[{"name":"wp","href":"https:\/\/api.w.org\/{rel}","templated":true}]}}