

{"id":292,"date":"2024-03-27T11:23:26","date_gmt":"2024-03-27T10:23:26","guid":{"rendered":"https:\/\/pracownieorange.pl\/cieszyn\/?post_type=news&#038;p=292"},"modified":"2024-03-28T12:41:58","modified_gmt":"2024-03-28T11:41:58","slug":"samuraj-z-nieborow","status":"publish","type":"news","link":"https:\/\/pracownieorange.pl\/cieszyn\/news\/samuraj-z-nieborow\/","title":{"rendered":"Samuraj z Niebor\u00f3w"},"content":{"rendered":"<p>Przyjaciel naszej Pracowni &#8211; Leszek Cima\u0142a &#8211; w po\u0142owie marca drukowa\u0142 na naszej drukarce 3D foremki na ciasteczka w kszta\u0142cie popkulturowego (japo\u0144skiego?) kotka oraz wzoru japo\u0144skiego jajka.<\/p>\n<p>Zaczyna si\u0119 do\u015b\u0107 prosto, cho\u0107 nieco dziwnie, ale to dopiero pocz\u0105tek. Historia ma \u017ar\u00f3d\u0142o w wydarzeniach zwi\u0105zanych z: II Wojn\u0105 \u015awiatow\u0105, Japoni\u0105 i cz\u0142owiekiem nazywanym &#8222;Samurajem z Niebor\u00f3w&#8221; (miejscowo\u015bci\u0105 na Zaolziu) &#8211; Karolem Pawlic\u0105. W 1914 roku zosta\u0142 on zmobilizowany jako porucznik rezerwy cesarsko-kr\u00f3lewskiej armii Austro-W\u0119gier. W 1915 roku trafi\u0142 do niewoli rosyjskiej i zosta\u0142 zes\u0142any do azjatyckiej cz\u0119\u015bci carskiej Rosji. Po zwolnieniu z niewoli opracowa\u0142 plan uratowania polskich sierot z lokalnego syberyjskiego przytu\u0142ku. Po przej\u015bciu bezdro\u017cy Syberii 24 lipca 1920 roku dotar\u0142 z 41 osobow\u0105 grup\u0105 polskich sierot do tokijskiej siedziby Japo\u0144skiego Czerwonego Krzy\u017ca. Z tym dniem zosta\u0142 zapocz\u0105tkowany \u201eDziennik zak\u0142adu opieku\u0144czego polskich dzieci\u201d przez J. Okakur\u0119 \u2013 attach\u00e9 prezydenta Japo\u0144skiego Czerwonego Krzy\u017ca. Za sw\u00f3j bohaterski czyn zosta\u0142 uhonorowany godno\u015bci\u0105 samuraja. Dzi\u0119ki jego staraniom uratowane polskie sieroty zosta\u0142y przewiezione na pok\u0142adzie statku handlowego do USA, gdzie znalaz\u0142y opiek\u0119 ameryka\u0144skiej Polonii. Z chwil\u0105 przybycia do Ameryki Karol Pawlica zosta\u0142 zatrudniony w Konsulacie RP w Chicago.<\/p>\n<p>W ubieg\u0142ym roku Izba Tradycji przy Miejscowym Kole Polskiego Zwi\u0105zku Kulturalno-O\u015bwiatowego pozyska\u0142a bezcenny dar w postaci archiwali\u00f3w po jednym z cz\u0142onk\u00f3w nieborowskiego ko\u0142a. Zdj\u0119cia, dokumenty i poczt\u00f3wki po Karolu Pawlicy, nazywanym Samurajem z Niebor\u00f3w, podarowa\u0142a izbie Jadwiga Halicka z Cieszyna. W tym roku mija 140. rocznica jego urodzin.<\/p>\n<p>W zwi\u0105zku z tym wydarzeniem 5 w dniu\u00a0 kwietnia, w miejscowym kole PZKO w Nieborach odb\u0119dzie si\u0119:\u00a0 prelekcja, pokaz kendo, origami oraz pocz\u0119stunek, kt\u00f3rego cz\u0119\u015bci\u0105 b\u0119d\u0105 ciasteczka wypieczone z foremek wykonanych na naszej drukarce 3D.<\/p>\n<p>Link do ca\u0142ego artyku\u0142u o tym wydarzeniu jest TU:<\/p>\n<blockquote class=\"wp-embedded-content\" data-secret=\"zbnjKIeo3A\"><p><a href=\"https:\/\/zwrot.cz\/2024\/03\/140-lat-temu-urodzil-sie-samuraj-z-nieborow-nie-wiesz-kto-to-przyjdz-na-spotkanie-do-domu-pzko-w-nieborach\/\">140 lat temu urodzi\u0142 si\u0119 Samuraj z Niebor\u00f3w. Nie wiesz, kto to? Przyjd\u017a na spotkanie do Domu PZKO w Nieborach<\/a><\/p><\/blockquote>\n<p><iframe loading=\"lazy\" class=\"wp-embedded-content\" sandbox=\"allow-scripts\" security=\"restricted\" style=\"position: absolute; clip: rect(1px, 1px, 1px, 1px);\" title=\"&#8222;140 lat temu urodzi\u0142 si\u0119 Samuraj z Niebor\u00f3w. Nie wiesz, kto to? Przyjd\u017a na spotkanie do Domu PZKO w Nieborach&#8221; &#8212; zwrot.cz\" src=\"https:\/\/zwrot.cz\/2024\/03\/140-lat-temu-urodzil-sie-samuraj-z-nieborow-nie-wiesz-kto-to-przyjdz-na-spotkanie-do-domu-pzko-w-nieborach\/embed\/#?secret=S0cbqwx13t#?secret=zbnjKIeo3A\" data-secret=\"zbnjKIeo3A\" width=\"500\" height=\"282\" frameborder=\"0\" marginwidth=\"0\" marginheight=\"0\" scrolling=\"no\"><\/iframe><\/p>\n<h2><\/h2>\n","protected":false},"excerpt":{"rendered":"<p>Przyjaciel naszej Pracowni &#8211; Leszek Cima\u0142a &#8211; w po\u0142owie marca [&hellip;]<\/p>\n","protected":false},"author":202,"featured_media":297,"comment_status":"open","ping_status":"closed","template":"","class_list":["post-292","news","type-news","status-publish","has-post-thumbnail","hentry"],"acf":[],"yoast_head":"<!-- This site is optimized with the Yoast SEO plugin v24.5 - https:\/\/yoast.com\/wordpress\/plugins\/seo\/ -->\n<title>Samuraj z Niebor\u00f3w - Pracownia Orange Cieszyn<\/title>\n<meta name=\"robots\" content=\"index, follow, max-snippet:-1, max-image-preview:large, max-video-preview:-1\" \/>\n<link rel=\"canonical\" href=\"https:\/\/pracownieorange.pl\/cieszyn\/news\/samuraj-z-nieborow\/\" \/>\n<meta property=\"og:locale\" content=\"pl_PL\" \/>\n<meta property=\"og:type\" content=\"article\" \/>\n<meta property=\"og:title\" content=\"Samuraj z Niebor\u00f3w - Pracownia Orange Cieszyn\" \/>\n<meta property=\"og:description\" content=\"Przyjaciel naszej Pracowni &#8211; Leszek Cima\u0142a &#8211; w po\u0142owie marca [&hellip;]\" \/>\n<meta property=\"og:url\" content=\"https:\/\/pracownieorange.pl\/cieszyn\/news\/samuraj-z-nieborow\/\" \/>\n<meta property=\"og:site_name\" content=\"Pracownia Orange Cieszyn\" \/>\n<meta property=\"article:modified_time\" content=\"2024-03-28T11:41:58+00:00\" \/>\n<meta property=\"og:image\" content=\"https:\/\/pracownieorange.pl\/app\/uploads\/sites\/99\/2024\/03\/Karol-Pawlica-01.jpg\" \/>\n\t<meta property=\"og:image:width\" content=\"675\" \/>\n\t<meta property=\"og:image:height\" content=\"954\" \/>\n\t<meta property=\"og:image:type\" content=\"image\/jpeg\" \/>\n<meta name=\"twitter:card\" content=\"summary_large_image\" \/>\n<meta name=\"twitter:label1\" content=\"Est. reading time\" \/>\n\t<meta name=\"twitter:data1\" content=\"2 minuty\" \/>\n<script type=\"application\/ld+json\" class=\"yoast-schema-graph\">{\"@context\":\"https:\/\/schema.org\",\"@graph\":[{\"@type\":\"WebPage\",\"@id\":\"https:\/\/pracownieorange.pl\/cieszyn\/news\/samuraj-z-nieborow\/\",\"url\":\"https:\/\/pracownieorange.pl\/cieszyn\/news\/samuraj-z-nieborow\/\",\"name\":\"Samuraj z Niebor\u00f3w - Pracownia Orange Cieszyn\",\"isPartOf\":{\"@id\":\"https:\/\/pracownieorange.pl\/cieszyn\/#website\"},\"primaryImageOfPage\":{\"@id\":\"https:\/\/pracownieorange.pl\/cieszyn\/news\/samuraj-z-nieborow\/#primaryimage\"},\"image\":{\"@id\":\"https:\/\/pracownieorange.pl\/cieszyn\/news\/samuraj-z-nieborow\/#primaryimage\"},\"thumbnailUrl\":\"https:\/\/pracownieorange.pl\/app\/uploads\/sites\/99\/2024\/03\/Karol-Pawlica-01.jpg\",\"datePublished\":\"2024-03-27T10:23:26+00:00\",\"dateModified\":\"2024-03-28T11:41:58+00:00\",\"breadcrumb\":{\"@id\":\"https:\/\/pracownieorange.pl\/cieszyn\/news\/samuraj-z-nieborow\/#breadcrumb\"},\"inLanguage\":\"pl-PL\",\"potentialAction\":[{\"@type\":\"ReadAction\",\"target\":[\"https:\/\/pracownieorange.pl\/cieszyn\/news\/samuraj-z-nieborow\/\"]}]},{\"@type\":\"ImageObject\",\"inLanguage\":\"pl-PL\",\"@id\":\"https:\/\/pracownieorange.pl\/cieszyn\/news\/samuraj-z-nieborow\/#primaryimage\",\"url\":\"https:\/\/pracownieorange.pl\/app\/uploads\/sites\/99\/2024\/03\/Karol-Pawlica-01.jpg\",\"contentUrl\":\"https:\/\/pracownieorange.pl\/app\/uploads\/sites\/99\/2024\/03\/Karol-Pawlica-01.jpg\",\"width\":675,\"height\":954,\"caption\":\"Karol Pawlica - czarno-bia\u0142e zdj\u0119cie\"},{\"@type\":\"BreadcrumbList\",\"@id\":\"https:\/\/pracownieorange.pl\/cieszyn\/news\/samuraj-z-nieborow\/#breadcrumb\",\"itemListElement\":[{\"@type\":\"ListItem\",\"position\":1,\"name\":\"Home\",\"item\":\"https:\/\/pracownieorange.pl\/cieszyn\/\"},{\"@type\":\"ListItem\",\"position\":2,\"name\":\"Aktualno\u015bci\",\"item\":\"https:\/\/pracownieorange.pl\/cieszyn\/news\/\"},{\"@type\":\"ListItem\",\"position\":3,\"name\":\"Samuraj z Niebor\u00f3w\"}]},{\"@type\":\"WebSite\",\"@id\":\"https:\/\/pracownieorange.pl\/cieszyn\/#website\",\"url\":\"https:\/\/pracownieorange.pl\/cieszyn\/\",\"name\":\"Pracownia Orange Cieszyn\",\"description\":\"\",\"potentialAction\":[{\"@type\":\"SearchAction\",\"target\":{\"@type\":\"EntryPoint\",\"urlTemplate\":\"https:\/\/pracownieorange.pl\/cieszyn\/?s={search_term_string}\"},\"query-input\":{\"@type\":\"PropertyValueSpecification\",\"valueRequired\":true,\"valueName\":\"search_term_string\"}}],\"inLanguage\":\"pl-PL\"}]}<\/script>\n<!-- \/ Yoast SEO plugin. -->","yoast_head_json":{"title":"Samuraj z Niebor\u00f3w - Pracownia Orange Cieszyn","robots":{"index":"index","follow":"follow","max-snippet":"max-snippet:-1","max-image-preview":"max-image-preview:large","max-video-preview":"max-video-preview:-1"},"canonical":"https:\/\/pracownieorange.pl\/cieszyn\/news\/samuraj-z-nieborow\/","og_locale":"pl_PL","og_type":"article","og_title":"Samuraj z Niebor\u00f3w - Pracownia Orange Cieszyn","og_description":"Przyjaciel naszej Pracowni &#8211; Leszek Cima\u0142a &#8211; w po\u0142owie marca [&hellip;]","og_url":"https:\/\/pracownieorange.pl\/cieszyn\/news\/samuraj-z-nieborow\/","og_site_name":"Pracownia Orange Cieszyn","article_modified_time":"2024-03-28T11:41:58+00:00","og_image":[{"width":675,"height":954,"url":"https:\/\/pracownieorange.pl\/app\/uploads\/sites\/99\/2024\/03\/Karol-Pawlica-01.jpg","type":"image\/jpeg"}],"twitter_card":"summary_large_image","twitter_misc":{"Est. reading time":"2 minuty"},"schema":{"@context":"https:\/\/schema.org","@graph":[{"@type":"WebPage","@id":"https:\/\/pracownieorange.pl\/cieszyn\/news\/samuraj-z-nieborow\/","url":"https:\/\/pracownieorange.pl\/cieszyn\/news\/samuraj-z-nieborow\/","name":"Samuraj z Niebor\u00f3w - Pracownia Orange Cieszyn","isPartOf":{"@id":"https:\/\/pracownieorange.pl\/cieszyn\/#website"},"primaryImageOfPage":{"@id":"https:\/\/pracownieorange.pl\/cieszyn\/news\/samuraj-z-nieborow\/#primaryimage"},"image":{"@id":"https:\/\/pracownieorange.pl\/cieszyn\/news\/samuraj-z-nieborow\/#primaryimage"},"thumbnailUrl":"https:\/\/pracownieorange.pl\/app\/uploads\/sites\/99\/2024\/03\/Karol-Pawlica-01.jpg","datePublished":"2024-03-27T10:23:26+00:00","dateModified":"2024-03-28T11:41:58+00:00","breadcrumb":{"@id":"https:\/\/pracownieorange.pl\/cieszyn\/news\/samuraj-z-nieborow\/#breadcrumb"},"inLanguage":"pl-PL","potentialAction":[{"@type":"ReadAction","target":["https:\/\/pracownieorange.pl\/cieszyn\/news\/samuraj-z-nieborow\/"]}]},{"@type":"ImageObject","inLanguage":"pl-PL","@id":"https:\/\/pracownieorange.pl\/cieszyn\/news\/samuraj-z-nieborow\/#primaryimage","url":"https:\/\/pracownieorange.pl\/app\/uploads\/sites\/99\/2024\/03\/Karol-Pawlica-01.jpg","contentUrl":"https:\/\/pracownieorange.pl\/app\/uploads\/sites\/99\/2024\/03\/Karol-Pawlica-01.jpg","width":675,"height":954,"caption":"Karol Pawlica - czarno-bia\u0142e zdj\u0119cie"},{"@type":"BreadcrumbList","@id":"https:\/\/pracownieorange.pl\/cieszyn\/news\/samuraj-z-nieborow\/#breadcrumb","itemListElement":[{"@type":"ListItem","position":1,"name":"Home","item":"https:\/\/pracownieorange.pl\/cieszyn\/"},{"@type":"ListItem","position":2,"name":"Aktualno\u015bci","item":"https:\/\/pracownieorange.pl\/cieszyn\/news\/"},{"@type":"ListItem","position":3,"name":"Samuraj z Niebor\u00f3w"}]},{"@type":"WebSite","@id":"https:\/\/pracownieorange.pl\/cieszyn\/#website","url":"https:\/\/pracownieorange.pl\/cieszyn\/","name":"Pracownia Orange Cieszyn","description":"","potentialAction":[{"@type":"SearchAction","target":{"@type":"EntryPoint","urlTemplate":"https:\/\/pracownieorange.pl\/cieszyn\/?s={search_term_string}"},"query-input":{"@type":"PropertyValueSpecification","valueRequired":true,"valueName":"search_term_string"}}],"inLanguage":"pl-PL"}]}},"_links":{"self":[{"href":"https:\/\/pracownieorange.pl\/cieszyn\/wp-json\/wp\/v2\/news\/292","targetHints":{"allow":["GET"]}}],"collection":[{"href":"https:\/\/pracownieorange.pl\/cieszyn\/wp-json\/wp\/v2\/news"}],"about":[{"href":"https:\/\/pracownieorange.pl\/cieszyn\/wp-json\/wp\/v2\/types\/news"}],"author":[{"embeddable":true,"href":"https:\/\/pracownieorange.pl\/cieszyn\/wp-json\/wp\/v2\/users\/202"}],"replies":[{"embeddable":true,"href":"https:\/\/pracownieorange.pl\/cieszyn\/wp-json\/wp\/v2\/comments?post=292"}],"wp:featuredmedia":[{"embeddable":true,"href":"https:\/\/pracownieorange.pl\/cieszyn\/wp-json\/wp\/v2\/media\/297"}],"wp:attachment":[{"href":"https:\/\/pracownieorange.pl\/cieszyn\/wp-json\/wp\/v2\/media?parent=292"}],"curies":[{"name":"wp","href":"https:\/\/api.w.org\/{rel}","templated":true}]}}