

{"id":704,"date":"2026-09-01T08:47:00","date_gmt":"2026-09-01T06:47:00","guid":{"rendered":"https:\/\/pracownieorange.pl\/chmielno\/?post_type=news&#038;p=704"},"modified":"2026-09-01T11:44:50","modified_gmt":"2026-09-01T09:44:50","slug":"wystawa-prac-gaby-nowickiej-moje-chmielno","status":"publish","type":"news","link":"https:\/\/pracownieorange.pl\/chmielno\/news\/wystawa-prac-gaby-nowickiej-moje-chmielno\/","title":{"rendered":"Wystawa prac Gaby Nowickiej &#8222;Moje Chmielno&#8221;"},"content":{"rendered":"<p>\u201eMOJE CHMIELNO\u201d to artystyczny debiut Gabrieli Nowickiej.<\/p>\n<p>13 sierpnia w Gminnym O\u015brodku Kultury w Chmielnie przy wsp\u00f3\u0142pracy z Pracowni\u0105 Orange odby\u0142 si\u0119 wernisa\u017c pt. \u201eMoje Chmielno\u201d. To wyj\u0105tkowa i bardzo osobista wystawa, b\u0119d\u0105ca jednocze\u015bnie artystycznym debiutem autorki. Chmielno zajmuje szczeg\u00f3lne miejsce w jej wspomnieniach. To w\u0142a\u015bnie tutaj mieszkali jej dziadkowie i dalsza rodzina, a znane od lat miejsca, krajobrazy i chmiele\u0144skie zak\u0105tki sta\u0142y si\u0119 inspiracj\u0105 do stworzenia obraz\u00f3w olejnych. W\u0142asne fotografie przedstawiaj\u0105ce Chmielno pos\u0142u\u017cy\u0142y artystce jako punkt wyj\u015bcia do malarskich interpretacji \u2013 pe\u0142nych wspomnie\u0144, emocji i osobistego spojrzenia na miejscowo\u015b\u0107, z kt\u00f3r\u0105 zwi\u0105zana jest rodzinnie.<\/p>\n<p>Gminny O\u015brodek Kultury, Sportu i Rekreacji w Chmielnie od lat wspiera lokalnych tw\u00f3rc\u00f3w, stwarza przestrze\u0144 do prezentowania ich dorobku oraz zach\u0119ca do rozwijania artystycznych pasji. Szczeg\u00f3lne miejsce zajmuje u nas sztuka inspirowana Chmielnem, Kaszubami, lokalnym krajobrazem, histori\u0105 i osobistymi wspomnieniami zwi\u0105zanymi z naszym regionem. Wierzymy, \u017ce w\u0142a\u015bnie takie dzia\u0142ania pomagaj\u0105 nie tylko promowa\u0107 artyst\u00f3w, ale r\u00f3wnie\u017c budowa\u0107 wi\u0119\u017a z miejscem, odkrywa\u0107 jego pi\u0119kno na nowo i zachowywa\u0107 lokaln\u0105 to\u017csamo\u015b\u0107 dla kolejnych pokole\u0144, dlatego tym bardziej z ogromn\u0105 przyjemno\u015bci\u0105 prezentujemy tw\u00f3rczo\u015b\u0107 Pani Gabrieli Nowickiej. Jej obrazy s\u0105 pi\u0119knym przyk\u0142adem sztuki wyrastaj\u0105cej z osobistych wspomnie\u0144, rodzinnych korzeni i silnej wi\u0119zi z nasz\u0105 miejscowo\u015bci\u0105. Cieszymy si\u0119, \u017ce mo\u017cemy prezentowa\u0107 tak\u0105 tw\u00f3rczo\u015b\u0107 \u2013 blisk\u0105 naszemu miejscu.<\/p>\n<p>Po wernisa\u017cu w Pracowni Orange odby\u0142a si\u0119 konferencja, przygotowana specjalnie dla prasy. Byli przedstawiciele lokalnych gazet oraz radia. Wystawa b\u0119dzie prezentowana do ko\u0144ca wrze\u015bnia.<\/p>\n","protected":false},"excerpt":{"rendered":"<p>\u201eMOJE CHMIELNO\u201d to artystyczny debiut Gabrieli Nowickiej. 13 sierpnia w [&hellip;]<\/p>\n","protected":false},"author":93,"featured_media":716,"comment_status":"open","ping_status":"closed","template":"","class_list":["post-704","news","type-news","status-publish","has-post-thumbnail","hentry"],"acf":[],"_links":{"self":[{"href":"https:\/\/pracownieorange.pl\/chmielno\/wp-json\/wp\/v2\/news\/704","targetHints":{"allow":["GET"]}}],"collection":[{"href":"https:\/\/pracownieorange.pl\/chmielno\/wp-json\/wp\/v2\/news"}],"about":[{"href":"https:\/\/pracownieorange.pl\/chmielno\/wp-json\/wp\/v2\/types\/news"}],"author":[{"embeddable":true,"href":"https:\/\/pracownieorange.pl\/chmielno\/wp-json\/wp\/v2\/users\/93"}],"replies":[{"embeddable":true,"href":"https:\/\/pracownieorange.pl\/chmielno\/wp-json\/wp\/v2\/comments?post=704"}],"wp:featuredmedia":[{"embeddable":true,"href":"https:\/\/pracownieorange.pl\/chmielno\/wp-json\/wp\/v2\/media\/716"}],"wp:attachment":[{"href":"https:\/\/pracownieorange.pl\/chmielno\/wp-json\/wp\/v2\/media?parent=704"}],"curies":[{"name":"wp","href":"https:\/\/api.w.org\/{rel}","templated":true}]}}