

{"id":342,"date":"2023-09-19T11:45:24","date_gmt":"2023-09-19T09:45:24","guid":{"rendered":"https:\/\/pracownieorange.pl\/chmielno\/?post_type=news&#038;p=342"},"modified":"2023-09-19T12:25:17","modified_gmt":"2023-09-19T10:25:17","slug":"wyniki-konkursu","status":"publish","type":"news","link":"https:\/\/pracownieorange.pl\/chmielno\/news\/wyniki-konkursu\/","title":{"rendered":"Wyniki Konkursu!"},"content":{"rendered":"<div class=\"xdj266r x11i5rnm xat24cr x1mh8g0r x1vvkbs x126k92a\">\n<div dir=\"auto\">W pi\u0105tek w Pracowni Orange odby\u0142o si\u0119 rozstrzygni\u0119cie konkursu plastycznego &#8222;Mam co\u015b z EKO&#8221;. Wystawa z dostarczonych prac jeszcze chwil\u0119 b\u0119dzie go\u015bci\u0107 na naszej \u015bcianie w Pracowni.<\/div>\n<div dir=\"auto\"><\/div>\n<div dir=\"auto\">Wyniki konkursu:<\/div>\n<div dir=\"auto\">W kategorii I dzieci w wieku 5-9 lat<\/div>\n<\/div>\n<div class=\"x11i5rnm xat24cr x1mh8g0r x1vvkbs xtlvy1s x126k92a\">\n<ul>\n<li dir=\"auto\">I miejsce &#8211; Paula, 9 lat<\/li>\n<li dir=\"auto\">II miejsce &#8211; Stefania, 9 lat<\/li>\n<li dir=\"auto\">III miejsce &#8211; Anna, 8 lat<\/li>\n<li dir=\"auto\">Wyr\u00f3\u017cnienie &#8211; Basia, 8 lat<\/li>\n<li dir=\"auto\">Wyr\u00f3\u017cnienie &#8211; Sandra, 8 lat<\/li>\n<\/ul>\n<\/div>\n<div class=\"x11i5rnm xat24cr x1mh8g0r x1vvkbs xtlvy1s x126k92a\">\n<div dir=\"auto\">W kategorii II dzieci w wieku 10-16 lat<\/div>\n<\/div>\n<div class=\"x11i5rnm xat24cr x1mh8g0r x1vvkbs xtlvy1s x126k92a\">\n<ul>\n<li dir=\"auto\">I miejsce &#8211; Marcelina, 12 lat<\/li>\n<li dir=\"auto\">II miejsce &#8211; Igor, 12 lat<\/li>\n<li dir=\"auto\">III miejsce &#8211; Paulin, 16 lat<\/li>\n<li dir=\"auto\">Wyr\u00f3\u017cnienie &#8211; Tymoteusz, 15 lat<\/li>\n<li dir=\"auto\">Wyr\u00f3\u017cnienie &#8211; 14 lat<\/li>\n<\/ul>\n<\/div>\n<div class=\"x11i5rnm xat24cr x1mh8g0r x1vvkbs xtlvy1s x126k92a\">\n<div dir=\"auto\">Wszystkim bardzo gratulujemy!<\/div>\n<\/div>\n<div class=\"x11i5rnm xat24cr x1mh8g0r x1vvkbs xtlvy1s x126k92a\">\n<div dir=\"auto\">Konkurs odby\u0142 si\u0119 dzi\u0119ki grantowi z Fundacji 5Medium oraz Fundacja Orange.<\/div>\n<\/div>\n","protected":false},"excerpt":{"rendered":"<p>W pi\u0105tek w Pracowni Orange odby\u0142o si\u0119 rozstrzygni\u0119cie konkursu plastycznego [&hellip;]<\/p>\n","protected":false},"author":131,"featured_media":346,"comment_status":"open","ping_status":"closed","template":"","class_list":["post-342","news","type-news","status-publish","has-post-thumbnail","hentry"],"acf":[],"yoast_head":"<!-- This site is optimized with the Yoast SEO plugin v24.5 - https:\/\/yoast.com\/wordpress\/plugins\/seo\/ -->\n<title>Wyniki Konkursu! - Pracownia Orange Chmielno<\/title>\n<meta name=\"robots\" content=\"index, follow, max-snippet:-1, max-image-preview:large, max-video-preview:-1\" \/>\n<link rel=\"canonical\" href=\"https:\/\/pracownieorange.pl\/chmielno\/news\/wyniki-konkursu\/\" \/>\n<meta property=\"og:locale\" content=\"pl_PL\" \/>\n<meta property=\"og:type\" content=\"article\" \/>\n<meta property=\"og:title\" content=\"Wyniki Konkursu! - Pracownia Orange Chmielno\" \/>\n<meta property=\"og:description\" content=\"W pi\u0105tek w Pracowni Orange odby\u0142o si\u0119 rozstrzygni\u0119cie konkursu plastycznego [&hellip;]\" \/>\n<meta property=\"og:url\" content=\"https:\/\/pracownieorange.pl\/chmielno\/news\/wyniki-konkursu\/\" \/>\n<meta property=\"og:site_name\" content=\"Pracownia Orange Chmielno\" \/>\n<meta property=\"article:modified_time\" content=\"2023-09-19T10:25:17+00:00\" \/>\n<meta property=\"og:image\" content=\"https:\/\/pracownieorange.pl\/app\/uploads\/sites\/87\/2023\/09\/376787689_799330532194944_2939650148938631664_n.jpg\" \/>\n\t<meta property=\"og:image:width\" content=\"2048\" \/>\n\t<meta property=\"og:image:height\" content=\"1537\" \/>\n\t<meta property=\"og:image:type\" content=\"image\/jpeg\" \/>\n<meta name=\"twitter:card\" content=\"summary_large_image\" \/>\n<meta name=\"twitter:label1\" content=\"Est. reading time\" \/>\n\t<meta name=\"twitter:data1\" content=\"1 minuta\" \/>\n<script type=\"application\/ld+json\" class=\"yoast-schema-graph\">{\"@context\":\"https:\/\/schema.org\",\"@graph\":[{\"@type\":\"WebPage\",\"@id\":\"https:\/\/pracownieorange.pl\/chmielno\/news\/wyniki-konkursu\/\",\"url\":\"https:\/\/pracownieorange.pl\/chmielno\/news\/wyniki-konkursu\/\",\"name\":\"Wyniki Konkursu! - Pracownia Orange Chmielno\",\"isPartOf\":{\"@id\":\"https:\/\/pracownieorange.pl\/chmielno\/#website\"},\"primaryImageOfPage\":{\"@id\":\"https:\/\/pracownieorange.pl\/chmielno\/news\/wyniki-konkursu\/#primaryimage\"},\"image\":{\"@id\":\"https:\/\/pracownieorange.pl\/chmielno\/news\/wyniki-konkursu\/#primaryimage\"},\"thumbnailUrl\":\"https:\/\/pracownieorange.pl\/app\/uploads\/sites\/87\/2023\/09\/376787689_799330532194944_2939650148938631664_n.jpg\",\"datePublished\":\"2023-09-19T09:45:24+00:00\",\"dateModified\":\"2023-09-19T10:25:17+00:00\",\"breadcrumb\":{\"@id\":\"https:\/\/pracownieorange.pl\/chmielno\/news\/wyniki-konkursu\/#breadcrumb\"},\"inLanguage\":\"pl-PL\",\"potentialAction\":[{\"@type\":\"ReadAction\",\"target\":[\"https:\/\/pracownieorange.pl\/chmielno\/news\/wyniki-konkursu\/\"]}]},{\"@type\":\"ImageObject\",\"inLanguage\":\"pl-PL\",\"@id\":\"https:\/\/pracownieorange.pl\/chmielno\/news\/wyniki-konkursu\/#primaryimage\",\"url\":\"https:\/\/pracownieorange.pl\/app\/uploads\/sites\/87\/2023\/09\/376787689_799330532194944_2939650148938631664_n.jpg\",\"contentUrl\":\"https:\/\/pracownieorange.pl\/app\/uploads\/sites\/87\/2023\/09\/376787689_799330532194944_2939650148938631664_n.jpg\",\"width\":2048,\"height\":1537,\"caption\":\"\u015bciana z powieszonymi plakatami przyniesionymi do konkursu\"},{\"@type\":\"BreadcrumbList\",\"@id\":\"https:\/\/pracownieorange.pl\/chmielno\/news\/wyniki-konkursu\/#breadcrumb\",\"itemListElement\":[{\"@type\":\"ListItem\",\"position\":1,\"name\":\"Home\",\"item\":\"https:\/\/pracownieorange.pl\/chmielno\/\"},{\"@type\":\"ListItem\",\"position\":2,\"name\":\"Aktualno\u015bci\",\"item\":\"https:\/\/pracownieorange.pl\/chmielno\/news\/\"},{\"@type\":\"ListItem\",\"position\":3,\"name\":\"Wyniki Konkursu!\"}]},{\"@type\":\"WebSite\",\"@id\":\"https:\/\/pracownieorange.pl\/chmielno\/#website\",\"url\":\"https:\/\/pracownieorange.pl\/chmielno\/\",\"name\":\"Pracownia Orange Chmielno\",\"description\":\"Kolejna witryna sieci \u201ePracownie Orange\u201d\",\"potentialAction\":[{\"@type\":\"SearchAction\",\"target\":{\"@type\":\"EntryPoint\",\"urlTemplate\":\"https:\/\/pracownieorange.pl\/chmielno\/?s={search_term_string}\"},\"query-input\":{\"@type\":\"PropertyValueSpecification\",\"valueRequired\":true,\"valueName\":\"search_term_string\"}}],\"inLanguage\":\"pl-PL\"}]}<\/script>\n<!-- \/ Yoast SEO plugin. -->","yoast_head_json":{"title":"Wyniki Konkursu! - Pracownia Orange Chmielno","robots":{"index":"index","follow":"follow","max-snippet":"max-snippet:-1","max-image-preview":"max-image-preview:large","max-video-preview":"max-video-preview:-1"},"canonical":"https:\/\/pracownieorange.pl\/chmielno\/news\/wyniki-konkursu\/","og_locale":"pl_PL","og_type":"article","og_title":"Wyniki Konkursu! - Pracownia Orange Chmielno","og_description":"W pi\u0105tek w Pracowni Orange odby\u0142o si\u0119 rozstrzygni\u0119cie konkursu plastycznego [&hellip;]","og_url":"https:\/\/pracownieorange.pl\/chmielno\/news\/wyniki-konkursu\/","og_site_name":"Pracownia Orange Chmielno","article_modified_time":"2023-09-19T10:25:17+00:00","og_image":[{"width":2048,"height":1537,"url":"https:\/\/pracownieorange.pl\/app\/uploads\/sites\/87\/2023\/09\/376787689_799330532194944_2939650148938631664_n.jpg","type":"image\/jpeg"}],"twitter_card":"summary_large_image","twitter_misc":{"Est. reading time":"1 minuta"},"schema":{"@context":"https:\/\/schema.org","@graph":[{"@type":"WebPage","@id":"https:\/\/pracownieorange.pl\/chmielno\/news\/wyniki-konkursu\/","url":"https:\/\/pracownieorange.pl\/chmielno\/news\/wyniki-konkursu\/","name":"Wyniki Konkursu! - Pracownia Orange Chmielno","isPartOf":{"@id":"https:\/\/pracownieorange.pl\/chmielno\/#website"},"primaryImageOfPage":{"@id":"https:\/\/pracownieorange.pl\/chmielno\/news\/wyniki-konkursu\/#primaryimage"},"image":{"@id":"https:\/\/pracownieorange.pl\/chmielno\/news\/wyniki-konkursu\/#primaryimage"},"thumbnailUrl":"https:\/\/pracownieorange.pl\/app\/uploads\/sites\/87\/2023\/09\/376787689_799330532194944_2939650148938631664_n.jpg","datePublished":"2023-09-19T09:45:24+00:00","dateModified":"2023-09-19T10:25:17+00:00","breadcrumb":{"@id":"https:\/\/pracownieorange.pl\/chmielno\/news\/wyniki-konkursu\/#breadcrumb"},"inLanguage":"pl-PL","potentialAction":[{"@type":"ReadAction","target":["https:\/\/pracownieorange.pl\/chmielno\/news\/wyniki-konkursu\/"]}]},{"@type":"ImageObject","inLanguage":"pl-PL","@id":"https:\/\/pracownieorange.pl\/chmielno\/news\/wyniki-konkursu\/#primaryimage","url":"https:\/\/pracownieorange.pl\/app\/uploads\/sites\/87\/2023\/09\/376787689_799330532194944_2939650148938631664_n.jpg","contentUrl":"https:\/\/pracownieorange.pl\/app\/uploads\/sites\/87\/2023\/09\/376787689_799330532194944_2939650148938631664_n.jpg","width":2048,"height":1537,"caption":"\u015bciana z powieszonymi plakatami przyniesionymi do konkursu"},{"@type":"BreadcrumbList","@id":"https:\/\/pracownieorange.pl\/chmielno\/news\/wyniki-konkursu\/#breadcrumb","itemListElement":[{"@type":"ListItem","position":1,"name":"Home","item":"https:\/\/pracownieorange.pl\/chmielno\/"},{"@type":"ListItem","position":2,"name":"Aktualno\u015bci","item":"https:\/\/pracownieorange.pl\/chmielno\/news\/"},{"@type":"ListItem","position":3,"name":"Wyniki Konkursu!"}]},{"@type":"WebSite","@id":"https:\/\/pracownieorange.pl\/chmielno\/#website","url":"https:\/\/pracownieorange.pl\/chmielno\/","name":"Pracownia Orange Chmielno","description":"Kolejna witryna sieci \u201ePracownie Orange\u201d","potentialAction":[{"@type":"SearchAction","target":{"@type":"EntryPoint","urlTemplate":"https:\/\/pracownieorange.pl\/chmielno\/?s={search_term_string}"},"query-input":{"@type":"PropertyValueSpecification","valueRequired":true,"valueName":"search_term_string"}}],"inLanguage":"pl-PL"}]}},"_links":{"self":[{"href":"https:\/\/pracownieorange.pl\/chmielno\/wp-json\/wp\/v2\/news\/342","targetHints":{"allow":["GET"]}}],"collection":[{"href":"https:\/\/pracownieorange.pl\/chmielno\/wp-json\/wp\/v2\/news"}],"about":[{"href":"https:\/\/pracownieorange.pl\/chmielno\/wp-json\/wp\/v2\/types\/news"}],"author":[{"embeddable":true,"href":"https:\/\/pracownieorange.pl\/chmielno\/wp-json\/wp\/v2\/users\/131"}],"replies":[{"embeddable":true,"href":"https:\/\/pracownieorange.pl\/chmielno\/wp-json\/wp\/v2\/comments?post=342"}],"wp:featuredmedia":[{"embeddable":true,"href":"https:\/\/pracownieorange.pl\/chmielno\/wp-json\/wp\/v2\/media\/346"}],"wp:attachment":[{"href":"https:\/\/pracownieorange.pl\/chmielno\/wp-json\/wp\/v2\/media?parent=342"}],"curies":[{"name":"wp","href":"https:\/\/api.w.org\/{rel}","templated":true}]}}