

{"id":319,"date":"2023-07-19T09:34:23","date_gmt":"2023-07-19T07:34:23","guid":{"rendered":"https:\/\/pracownieorange.pl\/chmielno\/?post_type=news&#038;p=319"},"modified":"2023-07-19T09:34:23","modified_gmt":"2023-07-19T07:34:23","slug":"zajecia-wakacyjne-2","status":"publish","type":"news","link":"https:\/\/pracownieorange.pl\/chmielno\/news\/zajecia-wakacyjne-2\/","title":{"rendered":"Zaj\u0119cia wakacyjne"},"content":{"rendered":"<p>Wakacyjny tydzie\u0144 warsztat\u00f3w z Domem Kultury w Chmielnie rozpocz\u0119ty za nami ju\u017c Koralikowe Szale\u0144stwo <span class=\"x3nfvp2 x1j61x8r x1fcty0u xdj266r xhhsvwb xat24cr xgzva0m xxymvpz xlup9mm x1kky2od\"><img loading=\"lazy\" decoding=\"async\" src=\"https:\/\/static.xx.fbcdn.net\/images\/emoji.php\/v9\/tc\/1\/16\/1f4ff.png\" alt=\"\ud83d\udcff\" width=\"16\" height=\"16\" \/><\/span><span class=\"x3nfvp2 x1j61x8r x1fcty0u xdj266r xhhsvwb xat24cr xgzva0m xxymvpz xlup9mm x1kky2od\"><img loading=\"lazy\" decoding=\"async\" src=\"https:\/\/static.xx.fbcdn.net\/images\/emoji.php\/v9\/t6e\/1\/16\/1f534.png\" alt=\"\ud83d\udd34\" width=\"16\" height=\"16\" \/><\/span><span class=\"x3nfvp2 x1j61x8r x1fcty0u xdj266r xhhsvwb xat24cr xgzva0m xxymvpz xlup9mm x1kky2od\"><img loading=\"lazy\" decoding=\"async\" src=\"https:\/\/static.xx.fbcdn.net\/images\/emoji.php\/v9\/t7b\/1\/16\/1f7e1.png\" alt=\"\ud83d\udfe1\" width=\"16\" height=\"16\" \/><\/span><span class=\"x3nfvp2 x1j61x8r x1fcty0u xdj266r xhhsvwb xat24cr xgzva0m xxymvpz xlup9mm x1kky2od\"><img loading=\"lazy\" decoding=\"async\" src=\"https:\/\/static.xx.fbcdn.net\/images\/emoji.php\/v9\/tfc\/1\/16\/1f7e2.png\" alt=\"\ud83d\udfe2\" width=\"16\" height=\"16\" \/><\/span><span class=\"x3nfvp2 x1j61x8r x1fcty0u xdj266r xhhsvwb xat24cr xgzva0m xxymvpz xlup9mm x1kky2od\"><img loading=\"lazy\" decoding=\"async\" src=\"https:\/\/static.xx.fbcdn.net\/images\/emoji.php\/v9\/tef\/1\/16\/1f535.png\" alt=\"\ud83d\udd35\" width=\"16\" height=\"16\" \/><\/span><span class=\"x3nfvp2 x1j61x8r x1fcty0u xdj266r xhhsvwb xat24cr xgzva0m xxymvpz xlup9mm x1kky2od\"><img loading=\"lazy\" decoding=\"async\" src=\"https:\/\/static.xx.fbcdn.net\/images\/emoji.php\/v9\/te\/1\/16\/26ab.png\" alt=\"\u26ab\ufe0f\" width=\"16\" height=\"16\" \/><\/span> oraz Sportowe Rozgrywki <span class=\"x3nfvp2 x1j61x8r x1fcty0u xdj266r xhhsvwb xat24cr xgzva0m xxymvpz xlup9mm x1kky2od\"><img loading=\"lazy\" decoding=\"async\" src=\"https:\/\/static.xx.fbcdn.net\/images\/emoji.php\/v9\/t30\/1\/16\/26be.png\" alt=\"\u26be\ufe0f\" width=\"16\" height=\"16\" \/><\/span><span class=\"x3nfvp2 x1j61x8r x1fcty0u xdj266r xhhsvwb xat24cr xgzva0m xxymvpz xlup9mm x1kky2od\"><img loading=\"lazy\" decoding=\"async\" src=\"https:\/\/static.xx.fbcdn.net\/images\/emoji.php\/v9\/tce\/1\/16\/1f3be.png\" alt=\"\ud83c\udfbe\" width=\"16\" height=\"16\" \/><\/span><span class=\"x3nfvp2 x1j61x8r x1fcty0u xdj266r xhhsvwb xat24cr xgzva0m xxymvpz xlup9mm x1kky2od\"><img loading=\"lazy\" decoding=\"async\" src=\"https:\/\/static.xx.fbcdn.net\/images\/emoji.php\/v9\/tda\/1\/16\/1f3d3.png\" alt=\"\ud83c\udfd3\" width=\"16\" height=\"16\" \/><\/span><span class=\"x3nfvp2 x1j61x8r x1fcty0u xdj266r xhhsvwb xat24cr xgzva0m xxymvpz xlup9mm x1kky2od\"><img loading=\"lazy\" decoding=\"async\" src=\"https:\/\/static.xx.fbcdn.net\/images\/emoji.php\/v9\/t9d\/1\/16\/1f3f8.png\" alt=\"\ud83c\udff8\" width=\"16\" height=\"16\" \/><\/span><span class=\"x3nfvp2 x1j61x8r x1fcty0u xdj266r xhhsvwb xat24cr xgzva0m xxymvpz xlup9mm x1kky2od\"><img loading=\"lazy\" decoding=\"async\" src=\"https:\/\/static.xx.fbcdn.net\/images\/emoji.php\/v9\/taf\/1\/16\/26bd.png\" alt=\"\u26bd\ufe0f\" width=\"16\" height=\"16\" \/><\/span>. Podczas Warsztat\u00f3w Koralikowych dzieci rozwija\u0142y swoje zdolno\u015bci manualne oraz wyobra\u017ani\u0119 i stworzy\u0142y swoje oryginalne bransoletki, breloczki, pier\u015bcionki i wiele innych ozd\u00f3b, po ciekawych zaj\u0119ciach uczestnicy warsztatu udali si\u0119 na film do <a class=\"x1i10hfl xjbqb8w x6umtig x1b1mbwd xaqea5y xav7gou x9f619 x1ypdohk xt0psk2 xe8uvvx xdj266r x11i5rnm xat24cr x1mh8g0r xexx8yu x4uap5 x18d9i69 xkhd6sd x16tdsg8 x1hl2dhg xggy1nq x1a2a7pz xt0b8zv x1qq9wsj xo1l8bm\" role=\"link\" href=\"https:\/\/www.facebook.com\/kzrchmielno?__cft__[0]=AZXalwhnmukL5VTEFSW45TpgV29cwGNxrD39fTMvWpbDqUbkwzE1_okqBLJbna1qB0Q445fDs-1BWwBBE2i4UVqyjrlfNDVq9r-EZfp5Xs48JJtbqhxdGve2TIOXFlpPZMVsxWxNakpsAWoX4HBdWLC8OAxgBweDQ8nx_m3FlfvAx1PAPXaA16F0HqVr718sfbY&amp;__tn__=-]K-R\"><span class=\"xt0psk2\">Kino za Rogiem w Chmielnie<\/span><\/a>. Wczoraj odby\u0142y si\u0119 Sportowe Rozgrywki dzieci aktywnie sp\u0119dzi\u0142y czas przeznaczony na warsztaty podczas gier integracyjnych, konkurencjach sportowych oraz na r\u00f3\u017cnorodnych aktywno\u015bciach fizycznych po udanej zabawie wszyscy poszli do kina na film z rep<a class=\"x1i10hfl xjbqb8w x6umtig x1b1mbwd xaqea5y xav7gou x9f619 x1ypdohk xt0psk2 xe8uvvx xdj266r x11i5rnm xat24cr x1mh8g0r xexx8yu x4uap5 x18d9i69 xkhd6sd x16tdsg8 x1hl2dhg xggy1nq x1a2a7pz xt0b8zv x1qq9wsj xo1l8bm\" role=\"link\" href=\"https:\/\/www.facebook.com\/kzrchmielno?__cft__[0]=AZXalwhnmukL5VTEFSW45TpgV29cwGNxrD39fTMvWpbDqUbkwzE1_okqBLJbna1qB0Q445fDs-1BWwBBE2i4UVqyjrlfNDVq9r-EZfp5Xs48JJtbqhxdGve2TIOXFlpPZMVsxWxNakpsAWoX4HBdWLC8OAxgBweDQ8nx_m3FlfvAx1PAPXaA16F0HqVr718sfbY&amp;__tn__=-]K-R\"><span class=\"xt0psk2\">ertuaru Kino za Rogiem w C<\/span><\/a>hmielnie pt. &#8222;Jakub Mimmi i gadaj\u0105ce psy<span class=\"x3nfvp2 x1j61x8r x1fcty0u xdj266r xhhsvwb xat24cr xgzva0m xxymvpz xlup9mm x1kky2od\"><img loading=\"lazy\" decoding=\"async\" src=\"https:\/\/static.xx.fbcdn.net\/images\/emoji.php\/v9\/t4f\/1\/16\/1f601.png\" alt=\"\ud83d\ude01\" width=\"16\" height=\"16\" \/><\/span> Do zobaczenia jutro na kolejnych warsztatach przygotowanyc<a class=\"x1i10hfl xjbqb8w x6umtig x1b1mbwd xaqea5y xav7gou x9f619 x1ypdohk xt0psk2 xe8uvvx xdj266r x11i5rnm xat24cr x1mh8g0r xexx8yu x4uap5 x18d9i69 xkhd6sd x16tdsg8 x1hl2dhg xggy1nq x1a2a7pz xt0b8zv x1qq9wsj xo1l8bm\" role=\"link\" href=\"https:\/\/www.facebook.com\/goksirchmielno?__cft__[0]=AZXalwhnmukL5VTEFSW45TpgV29cwGNxrD39fTMvWpbDqUbkwzE1_okqBLJbna1qB0Q445fDs-1BWwBBE2i4UVqyjrlfNDVq9r-EZfp5Xs48JJtbqhxdGve2TIOXFlpPZMVsxWxNakpsAWoX4HBdWLC8OAxgBweDQ8nx_m3FlfvAx1PAPXaA16F0HqVr718sfbY&amp;__tn__=-]K-R\"><span class=\"xt0psk2\">h przez Gminny O\u015brodek Kultury, Sportu i Rekreacji w C<\/span><\/a>hmielnie.<\/p>\n","protected":false},"excerpt":{"rendered":"<p>Wakacyjny tydzie\u0144 warsztat\u00f3w z Domem Kultury w Chmielnie rozpocz\u0119ty za [&hellip;]<\/p>\n","protected":false},"author":131,"featured_media":321,"comment_status":"open","ping_status":"closed","template":"","class_list":["post-319","news","type-news","status-publish","has-post-thumbnail","hentry"],"acf":[],"yoast_head":"<!-- This site is optimized with the Yoast SEO plugin v24.5 - https:\/\/yoast.com\/wordpress\/plugins\/seo\/ -->\n<title>Zaj\u0119cia wakacyjne - Pracownia Orange Chmielno<\/title>\n<meta name=\"robots\" content=\"index, follow, max-snippet:-1, max-image-preview:large, max-video-preview:-1\" \/>\n<link rel=\"canonical\" href=\"https:\/\/pracownieorange.pl\/chmielno\/news\/zajecia-wakacyjne-2\/\" \/>\n<meta property=\"og:locale\" content=\"pl_PL\" \/>\n<meta property=\"og:type\" content=\"article\" \/>\n<meta property=\"og:title\" content=\"Zaj\u0119cia wakacyjne - Pracownia Orange Chmielno\" \/>\n<meta property=\"og:description\" content=\"Wakacyjny tydzie\u0144 warsztat\u00f3w z Domem Kultury w Chmielnie rozpocz\u0119ty za [&hellip;]\" \/>\n<meta property=\"og:url\" content=\"https:\/\/pracownieorange.pl\/chmielno\/news\/zajecia-wakacyjne-2\/\" \/>\n<meta property=\"og:site_name\" content=\"Pracownia Orange Chmielno\" \/>\n<meta property=\"og:image\" content=\"https:\/\/pracownieorange.pl\/app\/uploads\/sites\/87\/2023\/07\/361649726_574572834887376_6754586384038099167_n.jpg\" \/>\n\t<meta property=\"og:image:width\" content=\"1152\" \/>\n\t<meta property=\"og:image:height\" content=\"2048\" \/>\n\t<meta property=\"og:image:type\" content=\"image\/jpeg\" \/>\n<meta name=\"twitter:card\" content=\"summary_large_image\" \/>\n<meta name=\"twitter:label1\" content=\"Est. reading time\" \/>\n\t<meta name=\"twitter:data1\" content=\"1 minuta\" \/>\n<script type=\"application\/ld+json\" class=\"yoast-schema-graph\">{\"@context\":\"https:\/\/schema.org\",\"@graph\":[{\"@type\":\"WebPage\",\"@id\":\"https:\/\/pracownieorange.pl\/chmielno\/news\/zajecia-wakacyjne-2\/\",\"url\":\"https:\/\/pracownieorange.pl\/chmielno\/news\/zajecia-wakacyjne-2\/\",\"name\":\"Zaj\u0119cia wakacyjne - Pracownia Orange Chmielno\",\"isPartOf\":{\"@id\":\"https:\/\/pracownieorange.pl\/chmielno\/#website\"},\"primaryImageOfPage\":{\"@id\":\"https:\/\/pracownieorange.pl\/chmielno\/news\/zajecia-wakacyjne-2\/#primaryimage\"},\"image\":{\"@id\":\"https:\/\/pracownieorange.pl\/chmielno\/news\/zajecia-wakacyjne-2\/#primaryimage\"},\"thumbnailUrl\":\"https:\/\/pracownieorange.pl\/app\/uploads\/sites\/87\/2023\/07\/361649726_574572834887376_6754586384038099167_n.jpg\",\"datePublished\":\"2023-07-19T07:34:23+00:00\",\"breadcrumb\":{\"@id\":\"https:\/\/pracownieorange.pl\/chmielno\/news\/zajecia-wakacyjne-2\/#breadcrumb\"},\"inLanguage\":\"pl-PL\",\"potentialAction\":[{\"@type\":\"ReadAction\",\"target\":[\"https:\/\/pracownieorange.pl\/chmielno\/news\/zajecia-wakacyjne-2\/\"]}]},{\"@type\":\"ImageObject\",\"inLanguage\":\"pl-PL\",\"@id\":\"https:\/\/pracownieorange.pl\/chmielno\/news\/zajecia-wakacyjne-2\/#primaryimage\",\"url\":\"https:\/\/pracownieorange.pl\/app\/uploads\/sites\/87\/2023\/07\/361649726_574572834887376_6754586384038099167_n.jpg\",\"contentUrl\":\"https:\/\/pracownieorange.pl\/app\/uploads\/sites\/87\/2023\/07\/361649726_574572834887376_6754586384038099167_n.jpg\",\"width\":1152,\"height\":2048,\"caption\":\"Zaj\u0119cia sportowe dla dzieci\"},{\"@type\":\"BreadcrumbList\",\"@id\":\"https:\/\/pracownieorange.pl\/chmielno\/news\/zajecia-wakacyjne-2\/#breadcrumb\",\"itemListElement\":[{\"@type\":\"ListItem\",\"position\":1,\"name\":\"Home\",\"item\":\"https:\/\/pracownieorange.pl\/chmielno\/\"},{\"@type\":\"ListItem\",\"position\":2,\"name\":\"Aktualno\u015bci\",\"item\":\"https:\/\/pracownieorange.pl\/chmielno\/news\/\"},{\"@type\":\"ListItem\",\"position\":3,\"name\":\"Zaj\u0119cia wakacyjne\"}]},{\"@type\":\"WebSite\",\"@id\":\"https:\/\/pracownieorange.pl\/chmielno\/#website\",\"url\":\"https:\/\/pracownieorange.pl\/chmielno\/\",\"name\":\"Pracownia Orange Chmielno\",\"description\":\"Kolejna witryna sieci \u201ePracownie Orange\u201d\",\"potentialAction\":[{\"@type\":\"SearchAction\",\"target\":{\"@type\":\"EntryPoint\",\"urlTemplate\":\"https:\/\/pracownieorange.pl\/chmielno\/?s={search_term_string}\"},\"query-input\":{\"@type\":\"PropertyValueSpecification\",\"valueRequired\":true,\"valueName\":\"search_term_string\"}}],\"inLanguage\":\"pl-PL\"}]}<\/script>\n<!-- \/ Yoast SEO plugin. -->","yoast_head_json":{"title":"Zaj\u0119cia wakacyjne - Pracownia Orange Chmielno","robots":{"index":"index","follow":"follow","max-snippet":"max-snippet:-1","max-image-preview":"max-image-preview:large","max-video-preview":"max-video-preview:-1"},"canonical":"https:\/\/pracownieorange.pl\/chmielno\/news\/zajecia-wakacyjne-2\/","og_locale":"pl_PL","og_type":"article","og_title":"Zaj\u0119cia wakacyjne - Pracownia Orange Chmielno","og_description":"Wakacyjny tydzie\u0144 warsztat\u00f3w z Domem Kultury w Chmielnie rozpocz\u0119ty za [&hellip;]","og_url":"https:\/\/pracownieorange.pl\/chmielno\/news\/zajecia-wakacyjne-2\/","og_site_name":"Pracownia Orange Chmielno","og_image":[{"width":1152,"height":2048,"url":"https:\/\/pracownieorange.pl\/app\/uploads\/sites\/87\/2023\/07\/361649726_574572834887376_6754586384038099167_n.jpg","type":"image\/jpeg"}],"twitter_card":"summary_large_image","twitter_misc":{"Est. reading time":"1 minuta"},"schema":{"@context":"https:\/\/schema.org","@graph":[{"@type":"WebPage","@id":"https:\/\/pracownieorange.pl\/chmielno\/news\/zajecia-wakacyjne-2\/","url":"https:\/\/pracownieorange.pl\/chmielno\/news\/zajecia-wakacyjne-2\/","name":"Zaj\u0119cia wakacyjne - Pracownia Orange Chmielno","isPartOf":{"@id":"https:\/\/pracownieorange.pl\/chmielno\/#website"},"primaryImageOfPage":{"@id":"https:\/\/pracownieorange.pl\/chmielno\/news\/zajecia-wakacyjne-2\/#primaryimage"},"image":{"@id":"https:\/\/pracownieorange.pl\/chmielno\/news\/zajecia-wakacyjne-2\/#primaryimage"},"thumbnailUrl":"https:\/\/pracownieorange.pl\/app\/uploads\/sites\/87\/2023\/07\/361649726_574572834887376_6754586384038099167_n.jpg","datePublished":"2023-07-19T07:34:23+00:00","breadcrumb":{"@id":"https:\/\/pracownieorange.pl\/chmielno\/news\/zajecia-wakacyjne-2\/#breadcrumb"},"inLanguage":"pl-PL","potentialAction":[{"@type":"ReadAction","target":["https:\/\/pracownieorange.pl\/chmielno\/news\/zajecia-wakacyjne-2\/"]}]},{"@type":"ImageObject","inLanguage":"pl-PL","@id":"https:\/\/pracownieorange.pl\/chmielno\/news\/zajecia-wakacyjne-2\/#primaryimage","url":"https:\/\/pracownieorange.pl\/app\/uploads\/sites\/87\/2023\/07\/361649726_574572834887376_6754586384038099167_n.jpg","contentUrl":"https:\/\/pracownieorange.pl\/app\/uploads\/sites\/87\/2023\/07\/361649726_574572834887376_6754586384038099167_n.jpg","width":1152,"height":2048,"caption":"Zaj\u0119cia sportowe dla dzieci"},{"@type":"BreadcrumbList","@id":"https:\/\/pracownieorange.pl\/chmielno\/news\/zajecia-wakacyjne-2\/#breadcrumb","itemListElement":[{"@type":"ListItem","position":1,"name":"Home","item":"https:\/\/pracownieorange.pl\/chmielno\/"},{"@type":"ListItem","position":2,"name":"Aktualno\u015bci","item":"https:\/\/pracownieorange.pl\/chmielno\/news\/"},{"@type":"ListItem","position":3,"name":"Zaj\u0119cia wakacyjne"}]},{"@type":"WebSite","@id":"https:\/\/pracownieorange.pl\/chmielno\/#website","url":"https:\/\/pracownieorange.pl\/chmielno\/","name":"Pracownia Orange Chmielno","description":"Kolejna witryna sieci \u201ePracownie Orange\u201d","potentialAction":[{"@type":"SearchAction","target":{"@type":"EntryPoint","urlTemplate":"https:\/\/pracownieorange.pl\/chmielno\/?s={search_term_string}"},"query-input":{"@type":"PropertyValueSpecification","valueRequired":true,"valueName":"search_term_string"}}],"inLanguage":"pl-PL"}]}},"_links":{"self":[{"href":"https:\/\/pracownieorange.pl\/chmielno\/wp-json\/wp\/v2\/news\/319","targetHints":{"allow":["GET"]}}],"collection":[{"href":"https:\/\/pracownieorange.pl\/chmielno\/wp-json\/wp\/v2\/news"}],"about":[{"href":"https:\/\/pracownieorange.pl\/chmielno\/wp-json\/wp\/v2\/types\/news"}],"author":[{"embeddable":true,"href":"https:\/\/pracownieorange.pl\/chmielno\/wp-json\/wp\/v2\/users\/131"}],"replies":[{"embeddable":true,"href":"https:\/\/pracownieorange.pl\/chmielno\/wp-json\/wp\/v2\/comments?post=319"}],"wp:featuredmedia":[{"embeddable":true,"href":"https:\/\/pracownieorange.pl\/chmielno\/wp-json\/wp\/v2\/media\/321"}],"wp:attachment":[{"href":"https:\/\/pracownieorange.pl\/chmielno\/wp-json\/wp\/v2\/media?parent=319"}],"curies":[{"name":"wp","href":"https:\/\/api.w.org\/{rel}","templated":true}]}}