

{"id":398,"date":"2025-08-28T14:14:59","date_gmt":"2025-08-28T12:14:59","guid":{"rendered":"https:\/\/pracownieorange.pl\/bytow\/?post_type=news&#038;p=398"},"modified":"2025-08-28T19:59:39","modified_gmt":"2025-08-28T17:59:39","slug":"%f0%9d%97%97%f0%9d%97%bf%f0%9d%98%82%f0%9d%97%b4%f0%9d%97%b6%f0%9d%97%b2-%f0%9d%98%87%cc%87%f0%9d%98%86%f0%9d%97%b0%f0%9d%97%b6%f0%9d%97%b2-%f0%9d%97%bc%f0%9d%97%b1%f0%9d%97%bd%f0%9d%97%ae%f0%9d%97%b1","status":"publish","type":"news","link":"https:\/\/pracownieorange.pl\/bytow\/news\/%f0%9d%97%97%f0%9d%97%bf%f0%9d%98%82%f0%9d%97%b4%f0%9d%97%b6%f0%9d%97%b2-%f0%9d%98%87%cc%87%f0%9d%98%86%f0%9d%97%b0%f0%9d%97%b6%f0%9d%97%b2-%f0%9d%97%bc%f0%9d%97%b1%f0%9d%97%bd%f0%9d%97%ae%f0%9d%97%b1\/","title":{"rendered":"\u201eEkoMIASTO bez \u015bmieci\u201d \u2013 wycieczka edukacyjna"},"content":{"rendered":"<p data-start=\"48\" data-end=\"307\">Nasi najm\u0142odsi mieli niezwyk\u0142\u0105 okazj\u0119 odwiedzi\u0107 Zak\u0142ad Zagospodarowania Odpad\u00f3w Sierzno Sp. z o.o. To by\u0142a fascynuj\u0105ca i bardzo pouczaj\u0105ca lekcja ekologii, podczas kt\u00f3rej dzieci zobaczy\u0142y, jak wygl\u0105da droga \u015bmieci od pojemnika a\u017c do ponownego wykorzystania.<\/p>\n<p data-start=\"309\" data-end=\"371\"><strong>Podczas wycieczki dowiedzieli\u015bmy si\u0119 wielu ciekawych fakt\u00f3w:<\/strong><\/p>\n<ol>\n<li data-start=\"374\" data-end=\"445\">Do zak\u0142adu codziennie przyje\u017cd\u017ca oko\u0142o 60 \u015bmieciarek pe\u0142nych odpad\u00f3w.<\/li>\n<li data-start=\"374\" data-end=\"445\">Ju\u017c w jeden dzie\u0144 powstaje g\u00f3ra \u015bmieci, kt\u00f3r\u0105 \u0142adowarki pakuj\u0105 do kontener\u00f3w.<\/li>\n<li data-start=\"374\" data-end=\"445\">W\u015br\u00f3d odpad\u00f3w znajduj\u0105 si\u0119 nie tylko zwyk\u0142e \u015bmieci, ale te\u017c gruz budowlany czy popi\u00f3\u0142.<\/li>\n<li data-start=\"374\" data-end=\"445\">Zak\u0142ad odzyskuje nawet 80 kg z ka\u017cdych 100 kg odpad\u00f3w!<\/li>\n<\/ol>\n<p data-start=\"679\" data-end=\"754\"><strong>Najwi\u0119ksze zainteresowanie wzbudzi\u0142o to, co mo\u017cna wyprodukowa\u0107 z odpad\u00f3w:<\/strong><\/p>\n<ol>\n<li data-start=\"757\" data-end=\"797\">Polarow\u0105 bluz\u0119 z plastikowych butelek.<\/li>\n<li data-start=\"757\" data-end=\"797\">Z nakr\u0119tek powstaj\u0105 m.in. zderzaki samochodowe.<\/li>\n<li data-start=\"757\" data-end=\"797\">Codziennie przetwarza si\u0119 300\u2013400 kg plastiku, czyli nawet 10 000 butelek, z kt\u00f3rych powstaje oko\u0142o 20 kostek surowca.<\/li>\n<li data-start=\"757\" data-end=\"797\">Szk\u0142o to jedyny materia\u0142, kt\u00f3ry mo\u017cna wykorzystywa\u0107 niesko\u0144czenie wiele razy \u2013 dlatego najlepiej wrzuca\u0107 je luzem, a nie w workach.<\/li>\n<\/ol>\n<p data-start=\"1110\" data-end=\"1282\">Wycieczka pokaza\u0142a dzieciom, \u017ce ma\u0142e codzienne decyzje \u2013 jak segregowanie \u015bmieci czy ograniczanie plastiku \u2013 maj\u0105 ogromny wp\u0142yw na \u015brodowisko i przysz\u0142o\u015b\u0107 naszej planety.<\/p>\n<p data-start=\"1284\" data-end=\"1449\">Serdecznie dzi\u0119kujemy Panu Szymonowi Pelowskiemu za oprowadzenie naszej grupy oraz bardzo pouczaj\u0105c\u0105 lekcj\u0119 o ekologii, a tak\u017ce Zak\u0142adowi w Sierznie za go\u015bcinno\u015b\u0107!<\/p>\n<p><strong>Sfinansowano ze \u015brodk\u00f3w Fundacji Orange w ramach Programu Pracownie Orange<\/strong>.<\/p>\n","protected":false},"excerpt":{"rendered":"<p>Nasi najm\u0142odsi mieli niezwyk\u0142\u0105 okazj\u0119 odwiedzi\u0107 Zak\u0142ad Zagospodarowania Odpad\u00f3w Sierzno [&hellip;]<\/p>\n","protected":false},"author":230,"featured_media":399,"comment_status":"open","ping_status":"closed","template":"","class_list":["post-398","news","type-news","status-publish","has-post-thumbnail","hentry"],"acf":[],"yoast_head":"<!-- This site is optimized with the Yoast SEO plugin v24.5 - https:\/\/yoast.com\/wordpress\/plugins\/seo\/ -->\n<title>\u201eEkoMIASTO bez \u015bmieci\u201d \u2013 wycieczka edukacyjna - Pracownia Orange Byt\u00f3w<\/title>\n<meta name=\"robots\" content=\"index, follow, max-snippet:-1, max-image-preview:large, max-video-preview:-1\" \/>\n<link rel=\"canonical\" href=\"https:\/\/pracownieorange.pl\/bytow\/news\/\ud835\uddd7\ud835\uddff\ud835\ude02\ud835\uddf4\ud835\uddf6\ud835\uddf2-\ud835\ude07\u0307\ud835\ude06\ud835\uddf0\ud835\uddf6\ud835\uddf2-\ud835\uddfc\ud835\uddf1\ud835\uddfd\ud835\uddee\ud835\uddf1\/\" \/>\n<meta property=\"og:locale\" content=\"pl_PL\" \/>\n<meta property=\"og:type\" content=\"article\" \/>\n<meta property=\"og:title\" content=\"\u201eEkoMIASTO bez \u015bmieci\u201d \u2013 wycieczka edukacyjna - Pracownia Orange Byt\u00f3w\" \/>\n<meta property=\"og:description\" content=\"Nasi najm\u0142odsi mieli niezwyk\u0142\u0105 okazj\u0119 odwiedzi\u0107 Zak\u0142ad Zagospodarowania Odpad\u00f3w Sierzno [&hellip;]\" \/>\n<meta property=\"og:url\" content=\"https:\/\/pracownieorange.pl\/bytow\/news\/\ud835\uddd7\ud835\uddff\ud835\ude02\ud835\uddf4\ud835\uddf6\ud835\uddf2-\ud835\ude07\u0307\ud835\ude06\ud835\uddf0\ud835\uddf6\ud835\uddf2-\ud835\uddfc\ud835\uddf1\ud835\uddfd\ud835\uddee\ud835\uddf1\/\" \/>\n<meta property=\"og:site_name\" content=\"Pracownia Orange Byt\u00f3w\" \/>\n<meta property=\"article:modified_time\" content=\"2025-08-28T17:59:39+00:00\" \/>\n<meta property=\"og:image\" content=\"https:\/\/pracownieorange.pl\/app\/uploads\/sites\/11\/2025\/08\/536284591_1075347344760721_3592858481006727876_n.jpg\" \/>\n\t<meta property=\"og:image:width\" content=\"2048\" \/>\n\t<meta property=\"og:image:height\" content=\"1536\" \/>\n\t<meta property=\"og:image:type\" content=\"image\/jpeg\" \/>\n<meta name=\"twitter:card\" content=\"summary_large_image\" \/>\n<meta name=\"twitter:label1\" content=\"Est. reading time\" \/>\n\t<meta name=\"twitter:data1\" content=\"2 minuty\" \/>\n<script type=\"application\/ld+json\" class=\"yoast-schema-graph\">{\"@context\":\"https:\/\/schema.org\",\"@graph\":[{\"@type\":\"WebPage\",\"@id\":\"https:\/\/pracownieorange.pl\/bytow\/news\/%f0%9d%97%97%f0%9d%97%bf%f0%9d%98%82%f0%9d%97%b4%f0%9d%97%b6%f0%9d%97%b2-%f0%9d%98%87%cc%87%f0%9d%98%86%f0%9d%97%b0%f0%9d%97%b6%f0%9d%97%b2-%f0%9d%97%bc%f0%9d%97%b1%f0%9d%97%bd%f0%9d%97%ae%f0%9d%97%b1\/\",\"url\":\"https:\/\/pracownieorange.pl\/bytow\/news\/%f0%9d%97%97%f0%9d%97%bf%f0%9d%98%82%f0%9d%97%b4%f0%9d%97%b6%f0%9d%97%b2-%f0%9d%98%87%cc%87%f0%9d%98%86%f0%9d%97%b0%f0%9d%97%b6%f0%9d%97%b2-%f0%9d%97%bc%f0%9d%97%b1%f0%9d%97%bd%f0%9d%97%ae%f0%9d%97%b1\/\",\"name\":\"\u201eEkoMIASTO bez \u015bmieci\u201d \u2013 wycieczka edukacyjna - Pracownia Orange Byt\u00f3w\",\"isPartOf\":{\"@id\":\"https:\/\/pracownieorange.pl\/bytow\/#website\"},\"primaryImageOfPage\":{\"@id\":\"https:\/\/pracownieorange.pl\/bytow\/news\/%f0%9d%97%97%f0%9d%97%bf%f0%9d%98%82%f0%9d%97%b4%f0%9d%97%b6%f0%9d%97%b2-%f0%9d%98%87%cc%87%f0%9d%98%86%f0%9d%97%b0%f0%9d%97%b6%f0%9d%97%b2-%f0%9d%97%bc%f0%9d%97%b1%f0%9d%97%bd%f0%9d%97%ae%f0%9d%97%b1\/#primaryimage\"},\"image\":{\"@id\":\"https:\/\/pracownieorange.pl\/bytow\/news\/%f0%9d%97%97%f0%9d%97%bf%f0%9d%98%82%f0%9d%97%b4%f0%9d%97%b6%f0%9d%97%b2-%f0%9d%98%87%cc%87%f0%9d%98%86%f0%9d%97%b0%f0%9d%97%b6%f0%9d%97%b2-%f0%9d%97%bc%f0%9d%97%b1%f0%9d%97%bd%f0%9d%97%ae%f0%9d%97%b1\/#primaryimage\"},\"thumbnailUrl\":\"https:\/\/pracownieorange.pl\/app\/uploads\/sites\/11\/2025\/08\/536284591_1075347344760721_3592858481006727876_n.jpg\",\"datePublished\":\"2025-08-28T12:14:59+00:00\",\"dateModified\":\"2025-08-28T17:59:39+00:00\",\"breadcrumb\":{\"@id\":\"https:\/\/pracownieorange.pl\/bytow\/news\/%f0%9d%97%97%f0%9d%97%bf%f0%9d%98%82%f0%9d%97%b4%f0%9d%97%b6%f0%9d%97%b2-%f0%9d%98%87%cc%87%f0%9d%98%86%f0%9d%97%b0%f0%9d%97%b6%f0%9d%97%b2-%f0%9d%97%bc%f0%9d%97%b1%f0%9d%97%bd%f0%9d%97%ae%f0%9d%97%b1\/#breadcrumb\"},\"inLanguage\":\"pl-PL\",\"potentialAction\":[{\"@type\":\"ReadAction\",\"target\":[\"https:\/\/pracownieorange.pl\/bytow\/news\/%f0%9d%97%97%f0%9d%97%bf%f0%9d%98%82%f0%9d%97%b4%f0%9d%97%b6%f0%9d%97%b2-%f0%9d%98%87%cc%87%f0%9d%98%86%f0%9d%97%b0%f0%9d%97%b6%f0%9d%97%b2-%f0%9d%97%bc%f0%9d%97%b1%f0%9d%97%bd%f0%9d%97%ae%f0%9d%97%b1\/\"]}]},{\"@type\":\"ImageObject\",\"inLanguage\":\"pl-PL\",\"@id\":\"https:\/\/pracownieorange.pl\/bytow\/news\/%f0%9d%97%97%f0%9d%97%bf%f0%9d%98%82%f0%9d%97%b4%f0%9d%97%b6%f0%9d%97%b2-%f0%9d%98%87%cc%87%f0%9d%98%86%f0%9d%97%b0%f0%9d%97%b6%f0%9d%97%b2-%f0%9d%97%bc%f0%9d%97%b1%f0%9d%97%bd%f0%9d%97%ae%f0%9d%97%b1\/#primaryimage\",\"url\":\"https:\/\/pracownieorange.pl\/app\/uploads\/sites\/11\/2025\/08\/536284591_1075347344760721_3592858481006727876_n.jpg\",\"contentUrl\":\"https:\/\/pracownieorange.pl\/app\/uploads\/sites\/11\/2025\/08\/536284591_1075347344760721_3592858481006727876_n.jpg\",\"width\":2048,\"height\":1536,\"caption\":\"Grupa dzieci ubranych w \u017c\u00f3\u0142te kamizelki s\u0142ucha m\u0119\u017cczyzny oprowadzaj\u0105cego po zak\u0142adzie.\"},{\"@type\":\"BreadcrumbList\",\"@id\":\"https:\/\/pracownieorange.pl\/bytow\/news\/%f0%9d%97%97%f0%9d%97%bf%f0%9d%98%82%f0%9d%97%b4%f0%9d%97%b6%f0%9d%97%b2-%f0%9d%98%87%cc%87%f0%9d%98%86%f0%9d%97%b0%f0%9d%97%b6%f0%9d%97%b2-%f0%9d%97%bc%f0%9d%97%b1%f0%9d%97%bd%f0%9d%97%ae%f0%9d%97%b1\/#breadcrumb\",\"itemListElement\":[{\"@type\":\"ListItem\",\"position\":1,\"name\":\"Home\",\"item\":\"https:\/\/pracownieorange.pl\/bytow\/\"},{\"@type\":\"ListItem\",\"position\":2,\"name\":\"Aktualno\u015bci\",\"item\":\"https:\/\/pracownieorange.pl\/bytow\/news\/\"},{\"@type\":\"ListItem\",\"position\":3,\"name\":\"\u201eEkoMIASTO bez \u015bmieci\u201d \u2013 wycieczka edukacyjna\"}]},{\"@type\":\"WebSite\",\"@id\":\"https:\/\/pracownieorange.pl\/bytow\/#website\",\"url\":\"https:\/\/pracownieorange.pl\/bytow\/\",\"name\":\"Pracownia Orange Byt\u00f3w\",\"description\":\"Kolejna witryna sieci &#8222;Pracownie Orange&#8221;\",\"potentialAction\":[{\"@type\":\"SearchAction\",\"target\":{\"@type\":\"EntryPoint\",\"urlTemplate\":\"https:\/\/pracownieorange.pl\/bytow\/?s={search_term_string}\"},\"query-input\":{\"@type\":\"PropertyValueSpecification\",\"valueRequired\":true,\"valueName\":\"search_term_string\"}}],\"inLanguage\":\"pl-PL\"}]}<\/script>\n<!-- \/ Yoast SEO plugin. -->","yoast_head_json":{"title":"\u201eEkoMIASTO bez \u015bmieci\u201d \u2013 wycieczka edukacyjna - Pracownia Orange Byt\u00f3w","robots":{"index":"index","follow":"follow","max-snippet":"max-snippet:-1","max-image-preview":"max-image-preview:large","max-video-preview":"max-video-preview:-1"},"canonical":"https:\/\/pracownieorange.pl\/bytow\/news\/\ud835\uddd7\ud835\uddff\ud835\ude02\ud835\uddf4\ud835\uddf6\ud835\uddf2-\ud835\ude07\u0307\ud835\ude06\ud835\uddf0\ud835\uddf6\ud835\uddf2-\ud835\uddfc\ud835\uddf1\ud835\uddfd\ud835\uddee\ud835\uddf1\/","og_locale":"pl_PL","og_type":"article","og_title":"\u201eEkoMIASTO bez \u015bmieci\u201d \u2013 wycieczka edukacyjna - Pracownia Orange Byt\u00f3w","og_description":"Nasi najm\u0142odsi mieli niezwyk\u0142\u0105 okazj\u0119 odwiedzi\u0107 Zak\u0142ad Zagospodarowania Odpad\u00f3w Sierzno [&hellip;]","og_url":"https:\/\/pracownieorange.pl\/bytow\/news\/\ud835\uddd7\ud835\uddff\ud835\ude02\ud835\uddf4\ud835\uddf6\ud835\uddf2-\ud835\ude07\u0307\ud835\ude06\ud835\uddf0\ud835\uddf6\ud835\uddf2-\ud835\uddfc\ud835\uddf1\ud835\uddfd\ud835\uddee\ud835\uddf1\/","og_site_name":"Pracownia Orange Byt\u00f3w","article_modified_time":"2025-08-28T17:59:39+00:00","og_image":[{"width":2048,"height":1536,"url":"https:\/\/pracownieorange.pl\/app\/uploads\/sites\/11\/2025\/08\/536284591_1075347344760721_3592858481006727876_n.jpg","type":"image\/jpeg"}],"twitter_card":"summary_large_image","twitter_misc":{"Est. reading time":"2 minuty"},"schema":{"@context":"https:\/\/schema.org","@graph":[{"@type":"WebPage","@id":"https:\/\/pracownieorange.pl\/bytow\/news\/%f0%9d%97%97%f0%9d%97%bf%f0%9d%98%82%f0%9d%97%b4%f0%9d%97%b6%f0%9d%97%b2-%f0%9d%98%87%cc%87%f0%9d%98%86%f0%9d%97%b0%f0%9d%97%b6%f0%9d%97%b2-%f0%9d%97%bc%f0%9d%97%b1%f0%9d%97%bd%f0%9d%97%ae%f0%9d%97%b1\/","url":"https:\/\/pracownieorange.pl\/bytow\/news\/%f0%9d%97%97%f0%9d%97%bf%f0%9d%98%82%f0%9d%97%b4%f0%9d%97%b6%f0%9d%97%b2-%f0%9d%98%87%cc%87%f0%9d%98%86%f0%9d%97%b0%f0%9d%97%b6%f0%9d%97%b2-%f0%9d%97%bc%f0%9d%97%b1%f0%9d%97%bd%f0%9d%97%ae%f0%9d%97%b1\/","name":"\u201eEkoMIASTO bez \u015bmieci\u201d \u2013 wycieczka edukacyjna - Pracownia Orange Byt\u00f3w","isPartOf":{"@id":"https:\/\/pracownieorange.pl\/bytow\/#website"},"primaryImageOfPage":{"@id":"https:\/\/pracownieorange.pl\/bytow\/news\/%f0%9d%97%97%f0%9d%97%bf%f0%9d%98%82%f0%9d%97%b4%f0%9d%97%b6%f0%9d%97%b2-%f0%9d%98%87%cc%87%f0%9d%98%86%f0%9d%97%b0%f0%9d%97%b6%f0%9d%97%b2-%f0%9d%97%bc%f0%9d%97%b1%f0%9d%97%bd%f0%9d%97%ae%f0%9d%97%b1\/#primaryimage"},"image":{"@id":"https:\/\/pracownieorange.pl\/bytow\/news\/%f0%9d%97%97%f0%9d%97%bf%f0%9d%98%82%f0%9d%97%b4%f0%9d%97%b6%f0%9d%97%b2-%f0%9d%98%87%cc%87%f0%9d%98%86%f0%9d%97%b0%f0%9d%97%b6%f0%9d%97%b2-%f0%9d%97%bc%f0%9d%97%b1%f0%9d%97%bd%f0%9d%97%ae%f0%9d%97%b1\/#primaryimage"},"thumbnailUrl":"https:\/\/pracownieorange.pl\/app\/uploads\/sites\/11\/2025\/08\/536284591_1075347344760721_3592858481006727876_n.jpg","datePublished":"2025-08-28T12:14:59+00:00","dateModified":"2025-08-28T17:59:39+00:00","breadcrumb":{"@id":"https:\/\/pracownieorange.pl\/bytow\/news\/%f0%9d%97%97%f0%9d%97%bf%f0%9d%98%82%f0%9d%97%b4%f0%9d%97%b6%f0%9d%97%b2-%f0%9d%98%87%cc%87%f0%9d%98%86%f0%9d%97%b0%f0%9d%97%b6%f0%9d%97%b2-%f0%9d%97%bc%f0%9d%97%b1%f0%9d%97%bd%f0%9d%97%ae%f0%9d%97%b1\/#breadcrumb"},"inLanguage":"pl-PL","potentialAction":[{"@type":"ReadAction","target":["https:\/\/pracownieorange.pl\/bytow\/news\/%f0%9d%97%97%f0%9d%97%bf%f0%9d%98%82%f0%9d%97%b4%f0%9d%97%b6%f0%9d%97%b2-%f0%9d%98%87%cc%87%f0%9d%98%86%f0%9d%97%b0%f0%9d%97%b6%f0%9d%97%b2-%f0%9d%97%bc%f0%9d%97%b1%f0%9d%97%bd%f0%9d%97%ae%f0%9d%97%b1\/"]}]},{"@type":"ImageObject","inLanguage":"pl-PL","@id":"https:\/\/pracownieorange.pl\/bytow\/news\/%f0%9d%97%97%f0%9d%97%bf%f0%9d%98%82%f0%9d%97%b4%f0%9d%97%b6%f0%9d%97%b2-%f0%9d%98%87%cc%87%f0%9d%98%86%f0%9d%97%b0%f0%9d%97%b6%f0%9d%97%b2-%f0%9d%97%bc%f0%9d%97%b1%f0%9d%97%bd%f0%9d%97%ae%f0%9d%97%b1\/#primaryimage","url":"https:\/\/pracownieorange.pl\/app\/uploads\/sites\/11\/2025\/08\/536284591_1075347344760721_3592858481006727876_n.jpg","contentUrl":"https:\/\/pracownieorange.pl\/app\/uploads\/sites\/11\/2025\/08\/536284591_1075347344760721_3592858481006727876_n.jpg","width":2048,"height":1536,"caption":"Grupa dzieci ubranych w \u017c\u00f3\u0142te kamizelki s\u0142ucha m\u0119\u017cczyzny oprowadzaj\u0105cego po zak\u0142adzie."},{"@type":"BreadcrumbList","@id":"https:\/\/pracownieorange.pl\/bytow\/news\/%f0%9d%97%97%f0%9d%97%bf%f0%9d%98%82%f0%9d%97%b4%f0%9d%97%b6%f0%9d%97%b2-%f0%9d%98%87%cc%87%f0%9d%98%86%f0%9d%97%b0%f0%9d%97%b6%f0%9d%97%b2-%f0%9d%97%bc%f0%9d%97%b1%f0%9d%97%bd%f0%9d%97%ae%f0%9d%97%b1\/#breadcrumb","itemListElement":[{"@type":"ListItem","position":1,"name":"Home","item":"https:\/\/pracownieorange.pl\/bytow\/"},{"@type":"ListItem","position":2,"name":"Aktualno\u015bci","item":"https:\/\/pracownieorange.pl\/bytow\/news\/"},{"@type":"ListItem","position":3,"name":"\u201eEkoMIASTO bez \u015bmieci\u201d \u2013 wycieczka edukacyjna"}]},{"@type":"WebSite","@id":"https:\/\/pracownieorange.pl\/bytow\/#website","url":"https:\/\/pracownieorange.pl\/bytow\/","name":"Pracownia Orange Byt\u00f3w","description":"Kolejna witryna sieci &#8222;Pracownie Orange&#8221;","potentialAction":[{"@type":"SearchAction","target":{"@type":"EntryPoint","urlTemplate":"https:\/\/pracownieorange.pl\/bytow\/?s={search_term_string}"},"query-input":{"@type":"PropertyValueSpecification","valueRequired":true,"valueName":"search_term_string"}}],"inLanguage":"pl-PL"}]}},"_links":{"self":[{"href":"https:\/\/pracownieorange.pl\/bytow\/wp-json\/wp\/v2\/news\/398","targetHints":{"allow":["GET"]}}],"collection":[{"href":"https:\/\/pracownieorange.pl\/bytow\/wp-json\/wp\/v2\/news"}],"about":[{"href":"https:\/\/pracownieorange.pl\/bytow\/wp-json\/wp\/v2\/types\/news"}],"author":[{"embeddable":true,"href":"https:\/\/pracownieorange.pl\/bytow\/wp-json\/wp\/v2\/users\/230"}],"replies":[{"embeddable":true,"href":"https:\/\/pracownieorange.pl\/bytow\/wp-json\/wp\/v2\/comments?post=398"}],"wp:featuredmedia":[{"embeddable":true,"href":"https:\/\/pracownieorange.pl\/bytow\/wp-json\/wp\/v2\/media\/399"}],"wp:attachment":[{"href":"https:\/\/pracownieorange.pl\/bytow\/wp-json\/wp\/v2\/media?parent=398"}],"curies":[{"name":"wp","href":"https:\/\/api.w.org\/{rel}","templated":true}]}}