

{"id":292,"date":"2024-10-17T10:10:15","date_gmt":"2024-10-17T08:10:15","guid":{"rendered":"https:\/\/pracownieorange.pl\/bytow\/?post_type=news&#038;p=292"},"modified":"2024-10-20T03:30:14","modified_gmt":"2024-10-20T01:30:14","slug":"noc-bibliotek-w-pracowni-orange","status":"publish","type":"news","link":"https:\/\/pracownieorange.pl\/bytow\/news\/noc-bibliotek-w-pracowni-orange\/","title":{"rendered":"Noc Bibliotek w Pracowni Orange"},"content":{"rendered":"<div dir=\"auto\">Tegoroczna, jubileuszowa, X Noc Bibliotek odby\u0142a si\u0119 pod has\u0142em \u201eMoc Bibliotek\u201d. Z tej okazji zaprosili\u015bmy do nas Szymona G\u00f3ralczyka z <span class=\"html-span xdj266r x11i5rnm xat24cr x1mh8g0r xexx8yu x4uap5 x18d9i69 xkhd6sd x1hl2dhg x16tdsg8 x1vvkbs\"><a class=\"x1i10hfl xjbqb8w x1ejq31n xd10rxx x1sy0etr x17r0tee x972fbf xcfux6l x1qhh985 xm0m39n x9f619 x1ypdohk xt0psk2 xe8uvvx xdj266r x11i5rnm xat24cr x1mh8g0r xexx8yu x4uap5 x18d9i69 xkhd6sd x16tdsg8 x1hl2dhg xggy1nq x1a2a7pz x1sur9pj xkrqix3 x1fey0fg x1s688f\" role=\"link\" href=\"https:\/\/www.facebook.com\/karawanaopowiesci?__cft__[0]=AZX3VKCoi3lh5weQHHTW8UkbRq7Ddw_HtTZaGBoOnGHcr-HZZ_2fU5HyUKQGgb_L2IjhLzx6eChlu7GBv_omK-marjlhpmoB_crhLVjLGcy8Timf_pmLBZ6kN8PCNd2iX16xlZH2yJKQcpJMGp47KsTlPWYTVAkDXbSobO8IdsXaE34uzgYvuPF5sksNsGVzcEo&amp;__tn__=-]K-R\"><span class=\"xt0psk2\">Karawana Opowie\u015bci<\/span><\/a><\/span>, by zaprezentowa\u0142 \u201eOpowie\u015bci w ciemno\u015bci\u201d.<\/div>\n<div dir=\"auto\">Ale by to si\u0119 mog\u0142o sta\u0107, najpierw Pracownia Orange musia\u0142a przej\u015b\u0107 przemian\u0119 \u2013 wszystkie okna zosta\u0142y zaklejone, by do \u015brodka nie wpada\u0142 nawet najmniejszy promyk \u015bwiat\u0142a. Uczestnik\u00f3w spotkania poprosili\u015bmy o wy\u0142\u0105czenie telefon\u00f3w i innych sprz\u0119t\u00f3w elektronicznych. Dzi\u0119ki temu, po zgaszeniu lamp sufitowych, nasta\u0142a prawie kompletna ciemno\u015b\u0107!<\/div>\n<div dir=\"auto\">To wszystko stworzy\u0142o niepowtarzaln\u0105 atmosfer\u0119, w kt\u00f3rej wys\u0142uchali\u015bmy bajek i ba\u015bni z ca\u0142ego \u015bwiata, przy akompaniamencie nietypowych instrument\u00f3w.<\/div>\n<div dir=\"auto\">Dzi\u0119kujemy s\u0142uchaczom za przybycie, a wszystkich zapraszamy do \u015bledzenia informacji o nast\u0119pnych wydarzeniach w naszej Bibliotece!<\/div>\n","protected":false},"excerpt":{"rendered":"<p>Tegoroczna, jubileuszowa, X Noc Bibliotek odby\u0142a si\u0119 pod has\u0142em \u201eMoc [&hellip;]<\/p>\n","protected":false},"author":230,"featured_media":293,"comment_status":"open","ping_status":"closed","template":"","class_list":["post-292","news","type-news","status-publish","has-post-thumbnail","hentry"],"acf":[],"yoast_head":"<!-- This site is optimized with the Yoast SEO plugin v24.5 - https:\/\/yoast.com\/wordpress\/plugins\/seo\/ -->\n<title>Noc Bibliotek w Pracowni Orange - Pracownia Orange Byt\u00f3w<\/title>\n<meta name=\"robots\" content=\"index, follow, max-snippet:-1, max-image-preview:large, max-video-preview:-1\" \/>\n<link rel=\"canonical\" href=\"https:\/\/pracownieorange.pl\/bytow\/news\/noc-bibliotek-w-pracowni-orange\/\" \/>\n<meta property=\"og:locale\" content=\"pl_PL\" \/>\n<meta property=\"og:type\" content=\"article\" \/>\n<meta property=\"og:title\" content=\"Noc Bibliotek w Pracowni Orange - Pracownia Orange Byt\u00f3w\" \/>\n<meta property=\"og:description\" content=\"Tegoroczna, jubileuszowa, X Noc Bibliotek odby\u0142a si\u0119 pod has\u0142em \u201eMoc [&hellip;]\" \/>\n<meta property=\"og:url\" content=\"https:\/\/pracownieorange.pl\/bytow\/news\/noc-bibliotek-w-pracowni-orange\/\" \/>\n<meta property=\"og:site_name\" content=\"Pracownia Orange Byt\u00f3w\" \/>\n<meta property=\"article:modified_time\" content=\"2024-10-20T01:30:14+00:00\" \/>\n<meta property=\"og:image\" content=\"https:\/\/pracownieorange.pl\/app\/uploads\/sites\/11\/2024\/10\/462749793_849877070641084_9196926920571101764_n.jpg\" \/>\n\t<meta property=\"og:image:width\" content=\"2048\" \/>\n\t<meta property=\"og:image:height\" content=\"1536\" \/>\n\t<meta property=\"og:image:type\" content=\"image\/jpeg\" \/>\n<meta name=\"twitter:card\" content=\"summary_large_image\" \/>\n<meta name=\"twitter:label1\" content=\"Est. reading time\" \/>\n\t<meta name=\"twitter:data1\" content=\"1 minuta\" \/>\n<script type=\"application\/ld+json\" class=\"yoast-schema-graph\">{\"@context\":\"https:\/\/schema.org\",\"@graph\":[{\"@type\":\"WebPage\",\"@id\":\"https:\/\/pracownieorange.pl\/bytow\/news\/noc-bibliotek-w-pracowni-orange\/\",\"url\":\"https:\/\/pracownieorange.pl\/bytow\/news\/noc-bibliotek-w-pracowni-orange\/\",\"name\":\"Noc Bibliotek w Pracowni Orange - Pracownia Orange Byt\u00f3w\",\"isPartOf\":{\"@id\":\"https:\/\/pracownieorange.pl\/bytow\/#website\"},\"primaryImageOfPage\":{\"@id\":\"https:\/\/pracownieorange.pl\/bytow\/news\/noc-bibliotek-w-pracowni-orange\/#primaryimage\"},\"image\":{\"@id\":\"https:\/\/pracownieorange.pl\/bytow\/news\/noc-bibliotek-w-pracowni-orange\/#primaryimage\"},\"thumbnailUrl\":\"https:\/\/pracownieorange.pl\/app\/uploads\/sites\/11\/2024\/10\/462749793_849877070641084_9196926920571101764_n.jpg\",\"datePublished\":\"2024-10-17T08:10:15+00:00\",\"dateModified\":\"2024-10-20T01:30:14+00:00\",\"breadcrumb\":{\"@id\":\"https:\/\/pracownieorange.pl\/bytow\/news\/noc-bibliotek-w-pracowni-orange\/#breadcrumb\"},\"inLanguage\":\"pl-PL\",\"potentialAction\":[{\"@type\":\"ReadAction\",\"target\":[\"https:\/\/pracownieorange.pl\/bytow\/news\/noc-bibliotek-w-pracowni-orange\/\"]}]},{\"@type\":\"ImageObject\",\"inLanguage\":\"pl-PL\",\"@id\":\"https:\/\/pracownieorange.pl\/bytow\/news\/noc-bibliotek-w-pracowni-orange\/#primaryimage\",\"url\":\"https:\/\/pracownieorange.pl\/app\/uploads\/sites\/11\/2024\/10\/462749793_849877070641084_9196926920571101764_n.jpg\",\"contentUrl\":\"https:\/\/pracownieorange.pl\/app\/uploads\/sites\/11\/2024\/10\/462749793_849877070641084_9196926920571101764_n.jpg\",\"width\":2048,\"height\":1536,\"caption\":\"Publiczno\u015b\u0107 zgromadzona na spotkaniu.\"},{\"@type\":\"BreadcrumbList\",\"@id\":\"https:\/\/pracownieorange.pl\/bytow\/news\/noc-bibliotek-w-pracowni-orange\/#breadcrumb\",\"itemListElement\":[{\"@type\":\"ListItem\",\"position\":1,\"name\":\"Home\",\"item\":\"https:\/\/pracownieorange.pl\/bytow\/\"},{\"@type\":\"ListItem\",\"position\":2,\"name\":\"Aktualno\u015bci\",\"item\":\"https:\/\/pracownieorange.pl\/bytow\/news\/\"},{\"@type\":\"ListItem\",\"position\":3,\"name\":\"Noc Bibliotek w Pracowni Orange\"}]},{\"@type\":\"WebSite\",\"@id\":\"https:\/\/pracownieorange.pl\/bytow\/#website\",\"url\":\"https:\/\/pracownieorange.pl\/bytow\/\",\"name\":\"Pracownia Orange Byt\u00f3w\",\"description\":\"Kolejna witryna sieci &#8222;Pracownie Orange&#8221;\",\"potentialAction\":[{\"@type\":\"SearchAction\",\"target\":{\"@type\":\"EntryPoint\",\"urlTemplate\":\"https:\/\/pracownieorange.pl\/bytow\/?s={search_term_string}\"},\"query-input\":{\"@type\":\"PropertyValueSpecification\",\"valueRequired\":true,\"valueName\":\"search_term_string\"}}],\"inLanguage\":\"pl-PL\"}]}<\/script>\n<!-- \/ Yoast SEO plugin. -->","yoast_head_json":{"title":"Noc Bibliotek w Pracowni Orange - Pracownia Orange Byt\u00f3w","robots":{"index":"index","follow":"follow","max-snippet":"max-snippet:-1","max-image-preview":"max-image-preview:large","max-video-preview":"max-video-preview:-1"},"canonical":"https:\/\/pracownieorange.pl\/bytow\/news\/noc-bibliotek-w-pracowni-orange\/","og_locale":"pl_PL","og_type":"article","og_title":"Noc Bibliotek w Pracowni Orange - Pracownia Orange Byt\u00f3w","og_description":"Tegoroczna, jubileuszowa, X Noc Bibliotek odby\u0142a si\u0119 pod has\u0142em \u201eMoc [&hellip;]","og_url":"https:\/\/pracownieorange.pl\/bytow\/news\/noc-bibliotek-w-pracowni-orange\/","og_site_name":"Pracownia Orange Byt\u00f3w","article_modified_time":"2024-10-20T01:30:14+00:00","og_image":[{"width":2048,"height":1536,"url":"https:\/\/pracownieorange.pl\/app\/uploads\/sites\/11\/2024\/10\/462749793_849877070641084_9196926920571101764_n.jpg","type":"image\/jpeg"}],"twitter_card":"summary_large_image","twitter_misc":{"Est. reading time":"1 minuta"},"schema":{"@context":"https:\/\/schema.org","@graph":[{"@type":"WebPage","@id":"https:\/\/pracownieorange.pl\/bytow\/news\/noc-bibliotek-w-pracowni-orange\/","url":"https:\/\/pracownieorange.pl\/bytow\/news\/noc-bibliotek-w-pracowni-orange\/","name":"Noc Bibliotek w Pracowni Orange - Pracownia Orange Byt\u00f3w","isPartOf":{"@id":"https:\/\/pracownieorange.pl\/bytow\/#website"},"primaryImageOfPage":{"@id":"https:\/\/pracownieorange.pl\/bytow\/news\/noc-bibliotek-w-pracowni-orange\/#primaryimage"},"image":{"@id":"https:\/\/pracownieorange.pl\/bytow\/news\/noc-bibliotek-w-pracowni-orange\/#primaryimage"},"thumbnailUrl":"https:\/\/pracownieorange.pl\/app\/uploads\/sites\/11\/2024\/10\/462749793_849877070641084_9196926920571101764_n.jpg","datePublished":"2024-10-17T08:10:15+00:00","dateModified":"2024-10-20T01:30:14+00:00","breadcrumb":{"@id":"https:\/\/pracownieorange.pl\/bytow\/news\/noc-bibliotek-w-pracowni-orange\/#breadcrumb"},"inLanguage":"pl-PL","potentialAction":[{"@type":"ReadAction","target":["https:\/\/pracownieorange.pl\/bytow\/news\/noc-bibliotek-w-pracowni-orange\/"]}]},{"@type":"ImageObject","inLanguage":"pl-PL","@id":"https:\/\/pracownieorange.pl\/bytow\/news\/noc-bibliotek-w-pracowni-orange\/#primaryimage","url":"https:\/\/pracownieorange.pl\/app\/uploads\/sites\/11\/2024\/10\/462749793_849877070641084_9196926920571101764_n.jpg","contentUrl":"https:\/\/pracownieorange.pl\/app\/uploads\/sites\/11\/2024\/10\/462749793_849877070641084_9196926920571101764_n.jpg","width":2048,"height":1536,"caption":"Publiczno\u015b\u0107 zgromadzona na spotkaniu."},{"@type":"BreadcrumbList","@id":"https:\/\/pracownieorange.pl\/bytow\/news\/noc-bibliotek-w-pracowni-orange\/#breadcrumb","itemListElement":[{"@type":"ListItem","position":1,"name":"Home","item":"https:\/\/pracownieorange.pl\/bytow\/"},{"@type":"ListItem","position":2,"name":"Aktualno\u015bci","item":"https:\/\/pracownieorange.pl\/bytow\/news\/"},{"@type":"ListItem","position":3,"name":"Noc Bibliotek w Pracowni Orange"}]},{"@type":"WebSite","@id":"https:\/\/pracownieorange.pl\/bytow\/#website","url":"https:\/\/pracownieorange.pl\/bytow\/","name":"Pracownia Orange Byt\u00f3w","description":"Kolejna witryna sieci &#8222;Pracownie Orange&#8221;","potentialAction":[{"@type":"SearchAction","target":{"@type":"EntryPoint","urlTemplate":"https:\/\/pracownieorange.pl\/bytow\/?s={search_term_string}"},"query-input":{"@type":"PropertyValueSpecification","valueRequired":true,"valueName":"search_term_string"}}],"inLanguage":"pl-PL"}]}},"_links":{"self":[{"href":"https:\/\/pracownieorange.pl\/bytow\/wp-json\/wp\/v2\/news\/292","targetHints":{"allow":["GET"]}}],"collection":[{"href":"https:\/\/pracownieorange.pl\/bytow\/wp-json\/wp\/v2\/news"}],"about":[{"href":"https:\/\/pracownieorange.pl\/bytow\/wp-json\/wp\/v2\/types\/news"}],"author":[{"embeddable":true,"href":"https:\/\/pracownieorange.pl\/bytow\/wp-json\/wp\/v2\/users\/230"}],"replies":[{"embeddable":true,"href":"https:\/\/pracownieorange.pl\/bytow\/wp-json\/wp\/v2\/comments?post=292"}],"wp:featuredmedia":[{"embeddable":true,"href":"https:\/\/pracownieorange.pl\/bytow\/wp-json\/wp\/v2\/media\/293"}],"wp:attachment":[{"href":"https:\/\/pracownieorange.pl\/bytow\/wp-json\/wp\/v2\/media?parent=292"}],"curies":[{"name":"wp","href":"https:\/\/api.w.org\/{rel}","templated":true}]}}