

{"id":284,"date":"2024-09-25T10:38:37","date_gmt":"2024-09-25T08:38:37","guid":{"rendered":"https:\/\/pracownieorange.pl\/bytow\/?post_type=news&#038;p=284"},"modified":"2024-10-07T05:31:44","modified_gmt":"2024-10-07T03:31:44","slug":"seniorzy-w-pracowni-orange","status":"publish","type":"news","link":"https:\/\/pracownieorange.pl\/bytow\/news\/seniorzy-w-pracowni-orange\/","title":{"rendered":"Seniorzy w Pracowni Orange"},"content":{"rendered":"<p>Super spotkanie z naszymi seniorami! Nauczyli\u015bmy si\u0119, jak dba\u0107 o swoje smartfony.<\/p>\n<p>Dzi\u0119ki usuwaniu zb\u0119dnych aplikacji i czyszczeniu pami\u0119ci, telefony naszych seniorek b\u0119d\u0105 dzia\u0142a\u0142y szybciej i d\u0142u\u017cej wytrzymywa\u0142 na jednym \u0142adowaniu.<\/p>\n<p>Uczestnicy, szczeg\u00f3lnie osoby starsze, mog\u0105 poczu\u0107 si\u0119 pewniej w korzystaniu z nowoczesnych technologii.<\/p>\n<p>Umiej\u0119tno\u015b\u0107 samodzielnego zarz\u0105dzania poczt\u0105 elektroniczn\u0105 pozwala im na wi\u0119ksz\u0105 niezale\u017cno\u015b\u0107 w \u017cyciu codziennym ale tak\u017ce kontaktowanie si\u0119 z bliskimi. Za to dbanie o stan fizyczny swojego urz\u0105dzenia te\u017c jest wa\u017cny i pozwala unikn\u0105\u0107 nie potrzebnych awarii urz\u0105dzenia.<\/p>\n","protected":false},"excerpt":{"rendered":"<p>Super spotkanie z naszymi seniorami! Nauczyli\u015bmy si\u0119, jak dba\u0107 o [&hellip;]<\/p>\n","protected":false},"author":230,"featured_media":285,"comment_status":"open","ping_status":"closed","template":"","class_list":["post-284","news","type-news","status-publish","has-post-thumbnail","hentry"],"acf":[],"yoast_head":"<!-- This site is optimized with the Yoast SEO plugin v24.5 - https:\/\/yoast.com\/wordpress\/plugins\/seo\/ -->\n<title>Seniorzy w Pracowni Orange - Pracownia Orange Byt\u00f3w<\/title>\n<meta name=\"robots\" content=\"index, follow, max-snippet:-1, max-image-preview:large, max-video-preview:-1\" \/>\n<link rel=\"canonical\" href=\"https:\/\/pracownieorange.pl\/bytow\/news\/seniorzy-w-pracowni-orange\/\" \/>\n<meta property=\"og:locale\" content=\"pl_PL\" \/>\n<meta property=\"og:type\" content=\"article\" \/>\n<meta property=\"og:title\" content=\"Seniorzy w Pracowni Orange - Pracownia Orange Byt\u00f3w\" \/>\n<meta property=\"og:description\" content=\"Super spotkanie z naszymi seniorami! Nauczyli\u015bmy si\u0119, jak dba\u0107 o [&hellip;]\" \/>\n<meta property=\"og:url\" content=\"https:\/\/pracownieorange.pl\/bytow\/news\/seniorzy-w-pracowni-orange\/\" \/>\n<meta property=\"og:site_name\" content=\"Pracownia Orange Byt\u00f3w\" \/>\n<meta property=\"article:modified_time\" content=\"2024-10-07T03:31:44+00:00\" \/>\n<meta property=\"og:image\" content=\"https:\/\/pracownieorange.pl\/app\/uploads\/sites\/11\/2024\/09\/461276274_835095522119239_3612485007589160559_n.jpg\" \/>\n\t<meta property=\"og:image:width\" content=\"2048\" \/>\n\t<meta property=\"og:image:height\" content=\"1536\" \/>\n\t<meta property=\"og:image:type\" content=\"image\/jpeg\" \/>\n<meta name=\"twitter:card\" content=\"summary_large_image\" \/>\n<meta name=\"twitter:label1\" content=\"Est. reading time\" \/>\n\t<meta name=\"twitter:data1\" content=\"1 minuta\" \/>\n<script type=\"application\/ld+json\" class=\"yoast-schema-graph\">{\"@context\":\"https:\/\/schema.org\",\"@graph\":[{\"@type\":\"WebPage\",\"@id\":\"https:\/\/pracownieorange.pl\/bytow\/news\/seniorzy-w-pracowni-orange\/\",\"url\":\"https:\/\/pracownieorange.pl\/bytow\/news\/seniorzy-w-pracowni-orange\/\",\"name\":\"Seniorzy w Pracowni Orange - Pracownia Orange Byt\u00f3w\",\"isPartOf\":{\"@id\":\"https:\/\/pracownieorange.pl\/bytow\/#website\"},\"primaryImageOfPage\":{\"@id\":\"https:\/\/pracownieorange.pl\/bytow\/news\/seniorzy-w-pracowni-orange\/#primaryimage\"},\"image\":{\"@id\":\"https:\/\/pracownieorange.pl\/bytow\/news\/seniorzy-w-pracowni-orange\/#primaryimage\"},\"thumbnailUrl\":\"https:\/\/pracownieorange.pl\/app\/uploads\/sites\/11\/2024\/09\/461276274_835095522119239_3612485007589160559_n.jpg\",\"datePublished\":\"2024-09-25T08:38:37+00:00\",\"dateModified\":\"2024-10-07T03:31:44+00:00\",\"breadcrumb\":{\"@id\":\"https:\/\/pracownieorange.pl\/bytow\/news\/seniorzy-w-pracowni-orange\/#breadcrumb\"},\"inLanguage\":\"pl-PL\",\"potentialAction\":[{\"@type\":\"ReadAction\",\"target\":[\"https:\/\/pracownieorange.pl\/bytow\/news\/seniorzy-w-pracowni-orange\/\"]}]},{\"@type\":\"ImageObject\",\"inLanguage\":\"pl-PL\",\"@id\":\"https:\/\/pracownieorange.pl\/bytow\/news\/seniorzy-w-pracowni-orange\/#primaryimage\",\"url\":\"https:\/\/pracownieorange.pl\/app\/uploads\/sites\/11\/2024\/09\/461276274_835095522119239_3612485007589160559_n.jpg\",\"contentUrl\":\"https:\/\/pracownieorange.pl\/app\/uploads\/sites\/11\/2024\/09\/461276274_835095522119239_3612485007589160559_n.jpg\",\"width\":2048,\"height\":1536,\"caption\":\"Grupa os\u00f3b siedzi na krzes\u0142ach.\"},{\"@type\":\"BreadcrumbList\",\"@id\":\"https:\/\/pracownieorange.pl\/bytow\/news\/seniorzy-w-pracowni-orange\/#breadcrumb\",\"itemListElement\":[{\"@type\":\"ListItem\",\"position\":1,\"name\":\"Home\",\"item\":\"https:\/\/pracownieorange.pl\/bytow\/\"},{\"@type\":\"ListItem\",\"position\":2,\"name\":\"Aktualno\u015bci\",\"item\":\"https:\/\/pracownieorange.pl\/bytow\/news\/\"},{\"@type\":\"ListItem\",\"position\":3,\"name\":\"Seniorzy w Pracowni Orange\"}]},{\"@type\":\"WebSite\",\"@id\":\"https:\/\/pracownieorange.pl\/bytow\/#website\",\"url\":\"https:\/\/pracownieorange.pl\/bytow\/\",\"name\":\"Pracownia Orange Byt\u00f3w\",\"description\":\"Kolejna witryna sieci &#8222;Pracownie Orange&#8221;\",\"potentialAction\":[{\"@type\":\"SearchAction\",\"target\":{\"@type\":\"EntryPoint\",\"urlTemplate\":\"https:\/\/pracownieorange.pl\/bytow\/?s={search_term_string}\"},\"query-input\":{\"@type\":\"PropertyValueSpecification\",\"valueRequired\":true,\"valueName\":\"search_term_string\"}}],\"inLanguage\":\"pl-PL\"}]}<\/script>\n<!-- \/ Yoast SEO plugin. -->","yoast_head_json":{"title":"Seniorzy w Pracowni Orange - Pracownia Orange Byt\u00f3w","robots":{"index":"index","follow":"follow","max-snippet":"max-snippet:-1","max-image-preview":"max-image-preview:large","max-video-preview":"max-video-preview:-1"},"canonical":"https:\/\/pracownieorange.pl\/bytow\/news\/seniorzy-w-pracowni-orange\/","og_locale":"pl_PL","og_type":"article","og_title":"Seniorzy w Pracowni Orange - Pracownia Orange Byt\u00f3w","og_description":"Super spotkanie z naszymi seniorami! Nauczyli\u015bmy si\u0119, jak dba\u0107 o [&hellip;]","og_url":"https:\/\/pracownieorange.pl\/bytow\/news\/seniorzy-w-pracowni-orange\/","og_site_name":"Pracownia Orange Byt\u00f3w","article_modified_time":"2024-10-07T03:31:44+00:00","og_image":[{"width":2048,"height":1536,"url":"https:\/\/pracownieorange.pl\/app\/uploads\/sites\/11\/2024\/09\/461276274_835095522119239_3612485007589160559_n.jpg","type":"image\/jpeg"}],"twitter_card":"summary_large_image","twitter_misc":{"Est. reading time":"1 minuta"},"schema":{"@context":"https:\/\/schema.org","@graph":[{"@type":"WebPage","@id":"https:\/\/pracownieorange.pl\/bytow\/news\/seniorzy-w-pracowni-orange\/","url":"https:\/\/pracownieorange.pl\/bytow\/news\/seniorzy-w-pracowni-orange\/","name":"Seniorzy w Pracowni Orange - Pracownia Orange Byt\u00f3w","isPartOf":{"@id":"https:\/\/pracownieorange.pl\/bytow\/#website"},"primaryImageOfPage":{"@id":"https:\/\/pracownieorange.pl\/bytow\/news\/seniorzy-w-pracowni-orange\/#primaryimage"},"image":{"@id":"https:\/\/pracownieorange.pl\/bytow\/news\/seniorzy-w-pracowni-orange\/#primaryimage"},"thumbnailUrl":"https:\/\/pracownieorange.pl\/app\/uploads\/sites\/11\/2024\/09\/461276274_835095522119239_3612485007589160559_n.jpg","datePublished":"2024-09-25T08:38:37+00:00","dateModified":"2024-10-07T03:31:44+00:00","breadcrumb":{"@id":"https:\/\/pracownieorange.pl\/bytow\/news\/seniorzy-w-pracowni-orange\/#breadcrumb"},"inLanguage":"pl-PL","potentialAction":[{"@type":"ReadAction","target":["https:\/\/pracownieorange.pl\/bytow\/news\/seniorzy-w-pracowni-orange\/"]}]},{"@type":"ImageObject","inLanguage":"pl-PL","@id":"https:\/\/pracownieorange.pl\/bytow\/news\/seniorzy-w-pracowni-orange\/#primaryimage","url":"https:\/\/pracownieorange.pl\/app\/uploads\/sites\/11\/2024\/09\/461276274_835095522119239_3612485007589160559_n.jpg","contentUrl":"https:\/\/pracownieorange.pl\/app\/uploads\/sites\/11\/2024\/09\/461276274_835095522119239_3612485007589160559_n.jpg","width":2048,"height":1536,"caption":"Grupa os\u00f3b siedzi na krzes\u0142ach."},{"@type":"BreadcrumbList","@id":"https:\/\/pracownieorange.pl\/bytow\/news\/seniorzy-w-pracowni-orange\/#breadcrumb","itemListElement":[{"@type":"ListItem","position":1,"name":"Home","item":"https:\/\/pracownieorange.pl\/bytow\/"},{"@type":"ListItem","position":2,"name":"Aktualno\u015bci","item":"https:\/\/pracownieorange.pl\/bytow\/news\/"},{"@type":"ListItem","position":3,"name":"Seniorzy w Pracowni Orange"}]},{"@type":"WebSite","@id":"https:\/\/pracownieorange.pl\/bytow\/#website","url":"https:\/\/pracownieorange.pl\/bytow\/","name":"Pracownia Orange Byt\u00f3w","description":"Kolejna witryna sieci &#8222;Pracownie Orange&#8221;","potentialAction":[{"@type":"SearchAction","target":{"@type":"EntryPoint","urlTemplate":"https:\/\/pracownieorange.pl\/bytow\/?s={search_term_string}"},"query-input":{"@type":"PropertyValueSpecification","valueRequired":true,"valueName":"search_term_string"}}],"inLanguage":"pl-PL"}]}},"_links":{"self":[{"href":"https:\/\/pracownieorange.pl\/bytow\/wp-json\/wp\/v2\/news\/284","targetHints":{"allow":["GET"]}}],"collection":[{"href":"https:\/\/pracownieorange.pl\/bytow\/wp-json\/wp\/v2\/news"}],"about":[{"href":"https:\/\/pracownieorange.pl\/bytow\/wp-json\/wp\/v2\/types\/news"}],"author":[{"embeddable":true,"href":"https:\/\/pracownieorange.pl\/bytow\/wp-json\/wp\/v2\/users\/230"}],"replies":[{"embeddable":true,"href":"https:\/\/pracownieorange.pl\/bytow\/wp-json\/wp\/v2\/comments?post=284"}],"wp:featuredmedia":[{"embeddable":true,"href":"https:\/\/pracownieorange.pl\/bytow\/wp-json\/wp\/v2\/media\/285"}],"wp:attachment":[{"href":"https:\/\/pracownieorange.pl\/bytow\/wp-json\/wp\/v2\/media?parent=284"}],"curies":[{"name":"wp","href":"https:\/\/api.w.org\/{rel}","templated":true}]}}