

{"id":256,"date":"2024-07-04T12:29:09","date_gmt":"2024-07-04T10:29:09","guid":{"rendered":"https:\/\/pracownieorange.pl\/bytow\/?post_type=news&#038;p=256"},"modified":"2024-07-05T14:30:35","modified_gmt":"2024-07-05T12:30:35","slug":"inne-perspektywa-na-basnie","status":"publish","type":"news","link":"https:\/\/pracownieorange.pl\/bytow\/news\/inne-perspektywa-na-basnie\/","title":{"rendered":"Inne Perspektywa na klasyczne ba\u015bnie"},"content":{"rendered":"<div class=\"html-div xe8uvvx xdj266r x11i5rnm xat24cr x1mh8g0r xexx8yu x4uap5 x18d9i69 xkhd6sd\">\n<div class=\"html-div xe8uvvx xdj266r x11i5rnm xat24cr x1mh8g0r xexx8yu x4uap5 x18d9i69 xkhd6sd\" dir=\"auto\">\n<div id=\":rb0:\" class=\"x1iorvi4 x1pi30zi x1l90r2v x1swvt13\" data-ad-comet-preview=\"message\" data-ad-preview=\"message\">\n<div class=\"x78zum5 xdt5ytf xz62fqu x16ldp7u\">\n<div class=\"xu06os2 x1ok221b\">\n<div class=\"xdj266r x11i5rnm xat24cr x1mh8g0r x1vvkbs x126k92a\">\n<div dir=\"auto\">Co je\u017celi z\u0142oczy\u0144cy\/czarne charaktery w bajkach by\u0142yby dobre? Jak potoczy\u0142yby si\u0119 losy bohater\u00f3w?<\/div>\n<div dir=\"auto\"><\/div>\n<div dir=\"auto\">O tym przekonali si\u0119 uczestnicy zaj\u0119\u0107 \u201eNieko\u0144cz\u0105ca si\u0119 opowie\u015b\u0107 z Photonem\u201d. Otrzymali kartoniki z postaciami z klasycznych ba\u015bni \u201eMa\u0142a Syrenka\u201d, \u201eKopciuszek\u201d, \u201eCzerwony Kapturek\u201d oraz \u201eKr\u00f3lewna \u015anie\u017cka i Siedmiu Krasnoludk\u00f3w\u201d.<\/div>\n<div dir=\"auto\"><\/div>\n<div dir=\"auto\">Pierwszym z zada\u0144 by\u0142o u\u0142o\u017cenie oryginalnej opowie\u015bci gdzie w ka\u017cdej z nich znajduje si\u0119 protagonista i antagonista.<\/div>\n<div dir=\"auto\">Nast\u0119pnie ka\u017cdy z uczestnik\u00f3w przeje\u017cd\u017ca\u0142 po kartoniku robotem i opowiada\u0142 cz\u0119\u015b\u0107 historii.<\/div>\n<div dir=\"auto\"><\/div>\n<div dir=\"auto\">Kolejnym zadaniem dla dru\u017cyn by\u0142o zastanowienie si\u0119 nad alternatywn\u0105 opowie\u015bci\u0105: Co by by\u0142o gdyby z\u0142a posta\u0107 by\u0142a dobra i chcia\u0142aby pom\u00f3c g\u0142\u00f3wnej bohaterce? Jak potoczy\u0142yby si\u0119 ich losy? Dzieci \u015bwietnie poradzi\u0142y sobie z tym zadaniem i pu\u015bci\u0142y wodz\u0119 fantazji kreuj\u0105c alternatywne zako\u0144czenie ba\u015bni.<\/div>\n<div dir=\"auto\"><\/div>\n<div dir=\"auto\">Zaj\u0119cia z u\u017cyciem robot\u00f3w Photon to \u015bwietna okazja by rozwin\u0105\u0107 umiej\u0119tno\u015bci kreatywnego my\u015blenia oraz zapozna\u0107 si\u0119 z kodowaniem.<\/div>\n<\/div>\n<\/div>\n<\/div>\n<\/div>\n<\/div>\n<div id=\":rb1:\" class=\"html-div xe8uvvx xdj266r x11i5rnm xat24cr x1mh8g0r xexx8yu x4uap5 x18d9i69 xkhd6sd x1n2onr6\">\n<div class=\"html-div xe8uvvx xdj266r x11i5rnm xat24cr x1mh8g0r xexx8yu x4uap5 x18d9i69 xkhd6sd x1n2onr6\">\n<div class=\"html-div xe8uvvx xdj266r x11i5rnm xat24cr x1mh8g0r xexx8yu x4uap5 x18d9i69 xkhd6sd\">\n<div class=\"x1n2onr6\">\n<div class=\"x1n2onr6\">\n<div class=\"x6ikm8r x10wlt62 x10l6tqk\">\n<div class=\"html-div xe8uvvx xdj266r x11i5rnm xat24cr x1mh8g0r xexx8yu x4uap5 x18d9i69 xkhd6sd x6ikm8r x10wlt62\">\n<div class=\"xqtp20y x6ikm8r x10wlt62 x1n2onr6\"><\/div>\n<\/div>\n<\/div>\n<div class=\"x6ikm8r x10wlt62 x10l6tqk\">\n<div class=\"x1ey2m1c xds687c x17qophe xg01cxk x47corl x10l6tqk x13vifvy x1ebt8du x19991ni x1dhq9h x1o1ewxj x3x9cwd x1e5q0jg x13rtm0m\" role=\"none\" data-visualcompletion=\"ignore\"><\/div>\n<\/div>\n<\/div>\n<\/div>\n<\/div>\n<\/div>\n<div class=\"html-div xe8uvvx xdj266r x11i5rnm xat24cr x1mh8g0r xexx8yu x4uap5 x18d9i69 xkhd6sd x6ikm8r x10wlt62\"><\/div>\n<\/div>\n<\/div>\n<div class=\"x8gbvx8 x80vd3b x1q0q8m5 xso031l x8cjs6t x13fuv20 x178xt8z x78zum5 x1q0g3np x1qughib xz9dl7a xn6708d xsag5q8 xpkgp8e\">\n<div class=\"x78zum5 x1q0g3np\">\n<div class=\"x12mruv9 x1xmf6yo x1sxyh0\"><\/div>\n<\/div>\n<\/div>\n","protected":false},"excerpt":{"rendered":"<p>Co je\u017celi z\u0142oczy\u0144cy\/czarne charaktery w bajkach by\u0142yby dobre? Jak potoczy\u0142yby [&hellip;]<\/p>\n","protected":false},"author":230,"featured_media":257,"comment_status":"open","ping_status":"closed","template":"","class_list":["post-256","news","type-news","status-publish","has-post-thumbnail","hentry"],"acf":[],"yoast_head":"<!-- This site is optimized with the Yoast SEO plugin v24.5 - https:\/\/yoast.com\/wordpress\/plugins\/seo\/ -->\n<title>Inne Perspektywa na klasyczne ba\u015bnie - Pracownia Orange Byt\u00f3w<\/title>\n<meta name=\"robots\" content=\"index, follow, max-snippet:-1, max-image-preview:large, max-video-preview:-1\" \/>\n<link rel=\"canonical\" href=\"https:\/\/pracownieorange.pl\/bytow\/news\/inne-perspektywa-na-basnie\/\" \/>\n<meta property=\"og:locale\" content=\"pl_PL\" \/>\n<meta property=\"og:type\" content=\"article\" \/>\n<meta property=\"og:title\" content=\"Inne Perspektywa na klasyczne ba\u015bnie - Pracownia Orange Byt\u00f3w\" \/>\n<meta property=\"og:description\" content=\"Co je\u017celi z\u0142oczy\u0144cy\/czarne charaktery w bajkach by\u0142yby dobre? Jak potoczy\u0142yby [&hellip;]\" \/>\n<meta property=\"og:url\" content=\"https:\/\/pracownieorange.pl\/bytow\/news\/inne-perspektywa-na-basnie\/\" \/>\n<meta property=\"og:site_name\" content=\"Pracownia Orange Byt\u00f3w\" \/>\n<meta property=\"article:modified_time\" content=\"2024-07-05T12:30:35+00:00\" \/>\n<meta property=\"og:image\" content=\"https:\/\/pracownieorange.pl\/app\/uploads\/sites\/11\/2024\/07\/8.jpg\" \/>\n\t<meta property=\"og:image:width\" content=\"960\" \/>\n\t<meta property=\"og:image:height\" content=\"720\" \/>\n\t<meta property=\"og:image:type\" content=\"image\/jpeg\" \/>\n<meta name=\"twitter:card\" content=\"summary_large_image\" \/>\n<meta name=\"twitter:label1\" content=\"Est. reading time\" \/>\n\t<meta name=\"twitter:data1\" content=\"1 minuta\" \/>\n<script type=\"application\/ld+json\" class=\"yoast-schema-graph\">{\"@context\":\"https:\/\/schema.org\",\"@graph\":[{\"@type\":\"WebPage\",\"@id\":\"https:\/\/pracownieorange.pl\/bytow\/news\/inne-perspektywa-na-basnie\/\",\"url\":\"https:\/\/pracownieorange.pl\/bytow\/news\/inne-perspektywa-na-basnie\/\",\"name\":\"Inne Perspektywa na klasyczne ba\u015bnie - Pracownia Orange Byt\u00f3w\",\"isPartOf\":{\"@id\":\"https:\/\/pracownieorange.pl\/bytow\/#website\"},\"primaryImageOfPage\":{\"@id\":\"https:\/\/pracownieorange.pl\/bytow\/news\/inne-perspektywa-na-basnie\/#primaryimage\"},\"image\":{\"@id\":\"https:\/\/pracownieorange.pl\/bytow\/news\/inne-perspektywa-na-basnie\/#primaryimage\"},\"thumbnailUrl\":\"https:\/\/pracownieorange.pl\/app\/uploads\/sites\/11\/2024\/07\/8.jpg\",\"datePublished\":\"2024-07-04T10:29:09+00:00\",\"dateModified\":\"2024-07-05T12:30:35+00:00\",\"breadcrumb\":{\"@id\":\"https:\/\/pracownieorange.pl\/bytow\/news\/inne-perspektywa-na-basnie\/#breadcrumb\"},\"inLanguage\":\"pl-PL\",\"potentialAction\":[{\"@type\":\"ReadAction\",\"target\":[\"https:\/\/pracownieorange.pl\/bytow\/news\/inne-perspektywa-na-basnie\/\"]}]},{\"@type\":\"ImageObject\",\"inLanguage\":\"pl-PL\",\"@id\":\"https:\/\/pracownieorange.pl\/bytow\/news\/inne-perspektywa-na-basnie\/#primaryimage\",\"url\":\"https:\/\/pracownieorange.pl\/app\/uploads\/sites\/11\/2024\/07\/8.jpg\",\"contentUrl\":\"https:\/\/pracownieorange.pl\/app\/uploads\/sites\/11\/2024\/07\/8.jpg\",\"width\":960,\"height\":720,\"caption\":\"Dzieci u\u017cywaj\u0105ce Photon\u00f3w.\"},{\"@type\":\"BreadcrumbList\",\"@id\":\"https:\/\/pracownieorange.pl\/bytow\/news\/inne-perspektywa-na-basnie\/#breadcrumb\",\"itemListElement\":[{\"@type\":\"ListItem\",\"position\":1,\"name\":\"Home\",\"item\":\"https:\/\/pracownieorange.pl\/bytow\/\"},{\"@type\":\"ListItem\",\"position\":2,\"name\":\"Aktualno\u015bci\",\"item\":\"https:\/\/pracownieorange.pl\/bytow\/news\/\"},{\"@type\":\"ListItem\",\"position\":3,\"name\":\"Inne Perspektywa na klasyczne ba\u015bnie\"}]},{\"@type\":\"WebSite\",\"@id\":\"https:\/\/pracownieorange.pl\/bytow\/#website\",\"url\":\"https:\/\/pracownieorange.pl\/bytow\/\",\"name\":\"Pracownia Orange Byt\u00f3w\",\"description\":\"Kolejna witryna sieci &#8222;Pracownie Orange&#8221;\",\"potentialAction\":[{\"@type\":\"SearchAction\",\"target\":{\"@type\":\"EntryPoint\",\"urlTemplate\":\"https:\/\/pracownieorange.pl\/bytow\/?s={search_term_string}\"},\"query-input\":{\"@type\":\"PropertyValueSpecification\",\"valueRequired\":true,\"valueName\":\"search_term_string\"}}],\"inLanguage\":\"pl-PL\"}]}<\/script>\n<!-- \/ Yoast SEO plugin. -->","yoast_head_json":{"title":"Inne Perspektywa na klasyczne ba\u015bnie - Pracownia Orange Byt\u00f3w","robots":{"index":"index","follow":"follow","max-snippet":"max-snippet:-1","max-image-preview":"max-image-preview:large","max-video-preview":"max-video-preview:-1"},"canonical":"https:\/\/pracownieorange.pl\/bytow\/news\/inne-perspektywa-na-basnie\/","og_locale":"pl_PL","og_type":"article","og_title":"Inne Perspektywa na klasyczne ba\u015bnie - Pracownia Orange Byt\u00f3w","og_description":"Co je\u017celi z\u0142oczy\u0144cy\/czarne charaktery w bajkach by\u0142yby dobre? Jak potoczy\u0142yby [&hellip;]","og_url":"https:\/\/pracownieorange.pl\/bytow\/news\/inne-perspektywa-na-basnie\/","og_site_name":"Pracownia Orange Byt\u00f3w","article_modified_time":"2024-07-05T12:30:35+00:00","og_image":[{"width":960,"height":720,"url":"https:\/\/pracownieorange.pl\/app\/uploads\/sites\/11\/2024\/07\/8.jpg","type":"image\/jpeg"}],"twitter_card":"summary_large_image","twitter_misc":{"Est. reading time":"1 minuta"},"schema":{"@context":"https:\/\/schema.org","@graph":[{"@type":"WebPage","@id":"https:\/\/pracownieorange.pl\/bytow\/news\/inne-perspektywa-na-basnie\/","url":"https:\/\/pracownieorange.pl\/bytow\/news\/inne-perspektywa-na-basnie\/","name":"Inne Perspektywa na klasyczne ba\u015bnie - Pracownia Orange Byt\u00f3w","isPartOf":{"@id":"https:\/\/pracownieorange.pl\/bytow\/#website"},"primaryImageOfPage":{"@id":"https:\/\/pracownieorange.pl\/bytow\/news\/inne-perspektywa-na-basnie\/#primaryimage"},"image":{"@id":"https:\/\/pracownieorange.pl\/bytow\/news\/inne-perspektywa-na-basnie\/#primaryimage"},"thumbnailUrl":"https:\/\/pracownieorange.pl\/app\/uploads\/sites\/11\/2024\/07\/8.jpg","datePublished":"2024-07-04T10:29:09+00:00","dateModified":"2024-07-05T12:30:35+00:00","breadcrumb":{"@id":"https:\/\/pracownieorange.pl\/bytow\/news\/inne-perspektywa-na-basnie\/#breadcrumb"},"inLanguage":"pl-PL","potentialAction":[{"@type":"ReadAction","target":["https:\/\/pracownieorange.pl\/bytow\/news\/inne-perspektywa-na-basnie\/"]}]},{"@type":"ImageObject","inLanguage":"pl-PL","@id":"https:\/\/pracownieorange.pl\/bytow\/news\/inne-perspektywa-na-basnie\/#primaryimage","url":"https:\/\/pracownieorange.pl\/app\/uploads\/sites\/11\/2024\/07\/8.jpg","contentUrl":"https:\/\/pracownieorange.pl\/app\/uploads\/sites\/11\/2024\/07\/8.jpg","width":960,"height":720,"caption":"Dzieci u\u017cywaj\u0105ce Photon\u00f3w."},{"@type":"BreadcrumbList","@id":"https:\/\/pracownieorange.pl\/bytow\/news\/inne-perspektywa-na-basnie\/#breadcrumb","itemListElement":[{"@type":"ListItem","position":1,"name":"Home","item":"https:\/\/pracownieorange.pl\/bytow\/"},{"@type":"ListItem","position":2,"name":"Aktualno\u015bci","item":"https:\/\/pracownieorange.pl\/bytow\/news\/"},{"@type":"ListItem","position":3,"name":"Inne Perspektywa na klasyczne ba\u015bnie"}]},{"@type":"WebSite","@id":"https:\/\/pracownieorange.pl\/bytow\/#website","url":"https:\/\/pracownieorange.pl\/bytow\/","name":"Pracownia Orange Byt\u00f3w","description":"Kolejna witryna sieci &#8222;Pracownie Orange&#8221;","potentialAction":[{"@type":"SearchAction","target":{"@type":"EntryPoint","urlTemplate":"https:\/\/pracownieorange.pl\/bytow\/?s={search_term_string}"},"query-input":{"@type":"PropertyValueSpecification","valueRequired":true,"valueName":"search_term_string"}}],"inLanguage":"pl-PL"}]}},"_links":{"self":[{"href":"https:\/\/pracownieorange.pl\/bytow\/wp-json\/wp\/v2\/news\/256","targetHints":{"allow":["GET"]}}],"collection":[{"href":"https:\/\/pracownieorange.pl\/bytow\/wp-json\/wp\/v2\/news"}],"about":[{"href":"https:\/\/pracownieorange.pl\/bytow\/wp-json\/wp\/v2\/types\/news"}],"author":[{"embeddable":true,"href":"https:\/\/pracownieorange.pl\/bytow\/wp-json\/wp\/v2\/users\/230"}],"replies":[{"embeddable":true,"href":"https:\/\/pracownieorange.pl\/bytow\/wp-json\/wp\/v2\/comments?post=256"}],"wp:featuredmedia":[{"embeddable":true,"href":"https:\/\/pracownieorange.pl\/bytow\/wp-json\/wp\/v2\/media\/257"}],"wp:attachment":[{"href":"https:\/\/pracownieorange.pl\/bytow\/wp-json\/wp\/v2\/media?parent=256"}],"curies":[{"name":"wp","href":"https:\/\/api.w.org\/{rel}","templated":true}]}}