

{"id":841,"date":"2026-09-03T15:53:05","date_gmt":"2026-09-03T13:53:05","guid":{"rendered":"https:\/\/pracownieorange.pl\/bulkowo\/?post_type=news&#038;p=841"},"modified":"2026-09-04T12:53:57","modified_gmt":"2026-09-04T10:53:57","slug":"polska-opera-krolewska-zagosci-w-bulkowie","status":"publish","type":"news","link":"https:\/\/pracownieorange.pl\/bulkowo\/news\/polska-opera-krolewska-zagosci-w-bulkowie\/","title":{"rendered":"Polska Opera Kr\u00f3lewska zago\u015bci w Bulkowie"},"content":{"rendered":"<p class=\"isSelectedEnd\">Ju\u017c w przysz\u0142ym tygodniu po raz drugi zago\u015bci w naszej Bibliotece i Pracowni Orange w Bulkowie Polska Opera Kr\u00f3lewska! \ud83c\udfad Tym razem dzieci wezm\u0105 udzia\u0142 w wyj\u0105tkowych warsztatach edukacyjnych <strong>\u201ePOKazujemy kostium, tkaniny robi\u0105 miny\u201d<\/strong>, podczas kt\u00f3rych poznaj\u0105 tajniki powstawania kostium\u00f3w scenicznych. Dowiedz\u0105 si\u0119, jak rodz\u0105 si\u0119 pomys\u0142y na teatralne stroje, jakie znaczenie maj\u0105 tkaniny i w jaki spos\u00f3b kostium pomaga stworzy\u0107 posta\u0107. \ud83d\udc57\ud83c\udfa8 Mecenasem programu <strong>POKazujemy kostium<\/strong> jest ORLEN.<\/p>\n<p class=\"isSelectedEnd\">Dzi\u0119kujemy Fundacja ORLEN im. Ignacego \u0141ukasiewicza za mo\u017cliwo\u015b\u0107 udzia\u0142u w tym niezwyk\u0142ym spotkaniu! \ud83d\udc99 Ju\u017c nie mo\u017cemy si\u0119 doczeka\u0107! \u2728<\/p>\n","protected":false},"excerpt":{"rendered":"<p>Ju\u017c w przysz\u0142ym tygodniu po raz drugi zago\u015bci w naszej [&hellip;]<\/p>\n","protected":false},"author":83,"featured_media":842,"comment_status":"open","ping_status":"closed","template":"","class_list":["post-841","news","type-news","status-publish","has-post-thumbnail","hentry"],"acf":[],"_links":{"self":[{"href":"https:\/\/pracownieorange.pl\/bulkowo\/wp-json\/wp\/v2\/news\/841","targetHints":{"allow":["GET"]}}],"collection":[{"href":"https:\/\/pracownieorange.pl\/bulkowo\/wp-json\/wp\/v2\/news"}],"about":[{"href":"https:\/\/pracownieorange.pl\/bulkowo\/wp-json\/wp\/v2\/types\/news"}],"author":[{"embeddable":true,"href":"https:\/\/pracownieorange.pl\/bulkowo\/wp-json\/wp\/v2\/users\/83"}],"replies":[{"embeddable":true,"href":"https:\/\/pracownieorange.pl\/bulkowo\/wp-json\/wp\/v2\/comments?post=841"}],"wp:featuredmedia":[{"embeddable":true,"href":"https:\/\/pracownieorange.pl\/bulkowo\/wp-json\/wp\/v2\/media\/842"}],"wp:attachment":[{"href":"https:\/\/pracownieorange.pl\/bulkowo\/wp-json\/wp\/v2\/media?parent=841"}],"curies":[{"name":"wp","href":"https:\/\/api.w.org\/{rel}","templated":true}]}}