

{"id":838,"date":"2026-09-03T15:46:21","date_gmt":"2026-09-03T13:46:21","guid":{"rendered":"https:\/\/pracownieorange.pl\/bulkowo\/?post_type=news&#038;p=838"},"modified":"2026-09-04T12:53:14","modified_gmt":"2026-09-04T10:53:14","slug":"bezpieczny-start-w-wielki-swiat","status":"publish","type":"news","link":"https:\/\/pracownieorange.pl\/bulkowo\/news\/bezpieczny-start-w-wielki-swiat\/","title":{"rendered":"BEZPIECZNY START W WIELKI \u015aWIAT\u00a0"},"content":{"rendered":"<p>Bezp\u0142atne warsztaty dla rodzic\u00f3w dzieci do 3. roku \u017cycia.<\/p>\n<p>Ju\u017c <strong>5 wrze\u015bnia (10.00-13.00)<\/strong> zapraszamy rodzic\u00f3w najm\u0142odszych dzieci na spotkanie, kt\u00f3re pomo\u017ce lepiej zrozumie\u0107 potrzeby maluch\u00f3w i spokojniej podejmowa\u0107 decyzje zwi\u0105zane z opieka i rozwojem dziecka.<\/p>\n<p><span class=\"html-span xexx8yu xyri2b x18d9i69 x1c1uobl x1hl2dhg x16tdsg8 x1vvkbs x3nfvp2 x1j61x8r x1fcty0u xdj266r xat24cr xm2jcoa x1mpyi22 xxymvpz xlup9mm x1kky2od\"><img loading=\"lazy\" decoding=\"async\" class=\"xz74otr x15mokao x1ga7v0g x16uus16 xbiv7yw\" src=\"https:\/\/static.xx.fbcdn.net\/images\/emoji.php\/v9\/t2d\/1\/16\/1f4cd.png\" alt=\"\ud83d\udccd\" width=\"16\" height=\"16\" \/><\/span>\u00a0Gminna Biblioteka Publiczna im. Stanis\u0142awa Lema w Bulkowie<br class=\"html-br\" \/><span class=\"html-span xexx8yu xyri2b x18d9i69 x1c1uobl x1hl2dhg x16tdsg8 x1vvkbs x3nfvp2 x1j61x8r x1fcty0u xdj266r xat24cr xm2jcoa x1mpyi22 xxymvpz xlup9mm x1kky2od\"><img loading=\"lazy\" decoding=\"async\" class=\"xz74otr x15mokao x1ga7v0g x16uus16 xbiv7yw\" src=\"https:\/\/static.xx.fbcdn.net\/images\/emoji.php\/v9\/t80\/1\/16\/1f4c7.png\" alt=\"\ud83d\udcc7\" width=\"16\" height=\"16\" \/><\/span>\u00a0Szkolna 5, 09-454 Bulkowo<\/p>\n<p>Podczas warsztat\u00f3w:<\/p>\n<ul>\n<li>porozmawiamy o rozwoju emocjonalnym i spo\u0142ecznym dzieci do 3. roku \u017cycia,<\/li>\n<li>poka\u017cemy, jak wygl\u0105da codzienno\u015b\u0107 malucha w \u017c\u0142obku i innych formach opieki,<\/li>\n<li>podpowiemy proste zabawy i aktywno\u015bci wspieraj\u0105ce rozw\u00f3j dziecka w domu.<\/li>\n<\/ul>\n<p>Na spotkanie zapraszamy razem z dzie\u0107mi- b\u0119dzie przestrze\u0144 przyjazna maluchom i rodzicom. To dobra okazja, by zada\u0107 pytania, rozwia\u0107 w\u0105tpliwo\u015bci i poczu\u0107 si\u0119 pewniej w roli rodzica.<\/p>\n<p>Udzia\u0142 bezp\u0142atny, obowi\u0105zuj\u0105 zapisy<br class=\"html-br\" \/><span class=\"html-span xdj266r x14z9mp xat24cr x1lziwak xexx8yu xyri2b x18d9i69 x1c1uobl x1hl2dhg x16tdsg8 x1vvkbs\"><a class=\"x1i10hfl xjbqb8w x1ejq31n x18oe1m7 x1sy0etr xstzfhl x972fbf x10w94by x1qhh985 x14e42zd x9f619 x1ypdohk xt0psk2 x3ct3a4 xdj266r x14z9mp xat24cr x1lziwak xexx8yu xyri2b x18d9i69 x1c1uobl x16tdsg8 x1hl2dhg xggy1nq x1a2a7pz xkrqix3 x1sur9pj x1fey0fg x1s688f\" role=\"link\" href=\"https:\/\/akademiarozwojuzlobkow.pl\/warsztaty-na-temat-opieki-wczesnodzieciecej-gminna-biblioteka-publiczna-im-stanislawa-lema-20260905?fbclid=IwY2xjawUGWMNwZG9mBWV4dG4DYWVtAjEwAGJyaWQRMDhXWVdtRHh5c014UEF6YkZzcnRjBmFwcF9pZBAyMjIwMzkxNzg4MjAwODkyAAEeTin1Au1IBbr4xuW8ufJ7JXDqXTsRzcnmHy7krR84QR_MEc9wUbHayerbKbw_aem_C8AWXkQ0FxjTlVu4bWM23w\" target=\"_blank\" rel=\"nofollow noopener noreferrer\">https:\/\/akademiarozwojuzlobkow.pl\/warsztaty-na-temat&#8230;<\/a><\/span><\/p>\n<p>Projekt Akademia Wsparcia Rozwoju Malucha realizowany jest przez Fundacj\u0119 Zwalcz Nud\u0119 i wsp\u00f3\u0142finansowany przez Ministerstwo Rodziny, Pracy i Polityki Spo\u0142ecznej.<\/p>\n<p>&nbsp;<\/p>\n","protected":false},"excerpt":{"rendered":"<p>Bezp\u0142atne warsztaty dla rodzic\u00f3w dzieci do 3. roku \u017cycia. Ju\u017c [&hellip;]<\/p>\n","protected":false},"author":83,"featured_media":0,"comment_status":"open","ping_status":"closed","template":"","class_list":["post-838","news","type-news","status-publish","hentry"],"acf":[],"_links":{"self":[{"href":"https:\/\/pracownieorange.pl\/bulkowo\/wp-json\/wp\/v2\/news\/838","targetHints":{"allow":["GET"]}}],"collection":[{"href":"https:\/\/pracownieorange.pl\/bulkowo\/wp-json\/wp\/v2\/news"}],"about":[{"href":"https:\/\/pracownieorange.pl\/bulkowo\/wp-json\/wp\/v2\/types\/news"}],"author":[{"embeddable":true,"href":"https:\/\/pracownieorange.pl\/bulkowo\/wp-json\/wp\/v2\/users\/83"}],"replies":[{"embeddable":true,"href":"https:\/\/pracownieorange.pl\/bulkowo\/wp-json\/wp\/v2\/comments?post=838"}],"wp:attachment":[{"href":"https:\/\/pracownieorange.pl\/bulkowo\/wp-json\/wp\/v2\/media?parent=838"}],"curies":[{"name":"wp","href":"https:\/\/api.w.org\/{rel}","templated":true}]}}