

{"id":835,"date":"2026-09-03T15:35:53","date_gmt":"2026-09-03T13:35:53","guid":{"rendered":"https:\/\/pracownieorange.pl\/bulkowo\/?post_type=news&#038;p=835"},"modified":"2026-09-04T12:54:48","modified_gmt":"2026-09-04T10:54:48","slug":"ix-edycja-konkursu-o-pioro-wojta-gminy-bulkowo-na-mistrza-wsi","status":"publish","type":"news","link":"https:\/\/pracownieorange.pl\/bulkowo\/news\/ix-edycja-konkursu-o-pioro-wojta-gminy-bulkowo-na-mistrza-wsi\/","title":{"rendered":"IX edycja konkursu &#8222;O Pi\u00f3ro W\u00f3jta Gminy Bulkowo \u2013 Na Mistrza Wsi&#8221;"},"content":{"rendered":"<div class=\"xdj266r x14z9mp xat24cr x1lziwak x1vvkbs x126k92a\">\n<div dir=\"auto\">Podczas Biesiady Do\u017cynkowej w Worowicach odby\u0142a si\u0119 ju\u017c IX edycja konkursu \u201eO Pi\u00f3ro W\u00f3jta Gminy Bulkowo \u2013 Na Mistrza Wsi\u201d, zorganizowanego przez Gminn\u0105 Bibliotek\u0119 Publiczn\u0105 im. Stanis\u0142awa Lema w Bulkowie oraz Pracowni\u0119 Orange w Bulkowie.<\/div>\n<div dir=\"auto\">By\u0142o du\u017co emocji, u\u015bmiechu i zdrowej rywalizacji! \u00a0Uczestnicy zmierzyli si\u0119 z pytaniami dotycz\u0105cymi rolnictwa, \u017cycia na wsi, ekologii oraz Gminy Bulkowo. Konkurs by\u0142 doskona\u0142\u0105 okazj\u0105 do sprawdzenia swojej wiedzy, ale przede wszystkim do wsp\u00f3lnej zabawy i integracji.<\/div>\n<\/div>\n<div class=\"x14z9mp xat24cr x1lziwak x1vvkbs xtlvy1s x126k92a\">\n<div dir=\"auto\"><span class=\"html-span xexx8yu xyri2b x18d9i69 x1c1uobl x1hl2dhg x16tdsg8 x1vvkbs x3nfvp2 x1j61x8r x1fcty0u xdj266r xat24cr xm2jcoa x1mpyi22 xxymvpz xlup9mm x1kky2od\"><img loading=\"lazy\" decoding=\"async\" class=\"xz74otr x15mokao x1ga7v0g x16uus16 xbiv7yw\" src=\"https:\/\/static.xx.fbcdn.net\/images\/emoji.php\/v9\/t94\/1\/16\/1f947.png\" alt=\"\ud83e\udd47\" width=\"16\" height=\"16\" \/><\/span> MISTRZEM WSI i zdobywc\u0105 I miejsca zosta\u0142a Pani Izabela D\u0119bska. Laureatka otrzyma\u0142a pi\u00f3ro oraz voucher do Marketu Krecik o warto\u015bci 400 z\u0142.<\/div>\n<div dir=\"auto\"><span class=\"html-span xexx8yu xyri2b x18d9i69 x1c1uobl x1hl2dhg x16tdsg8 x1vvkbs x3nfvp2 x1j61x8r x1fcty0u xdj266r xat24cr xm2jcoa x1mpyi22 xxymvpz xlup9mm x1kky2od\"><img loading=\"lazy\" decoding=\"async\" class=\"xz74otr x15mokao x1ga7v0g x16uus16 xbiv7yw\" src=\"https:\/\/static.xx.fbcdn.net\/images\/emoji.php\/v9\/t15\/1\/16\/1f948.png\" alt=\"\ud83e\udd48\" width=\"16\" height=\"16\" \/><\/span> II miejsce zaj\u0119\u0142a Pani Aneta Koper, kt\u00f3ra otrzyma\u0142a zestaw narz\u0119dzi ogrodniczych.<\/div>\n<div dir=\"auto\"><span class=\"html-span xexx8yu xyri2b x18d9i69 x1c1uobl x1hl2dhg x16tdsg8 x1vvkbs x3nfvp2 x1j61x8r x1fcty0u xdj266r xat24cr xm2jcoa x1mpyi22 xxymvpz xlup9mm x1kky2od\"><img loading=\"lazy\" decoding=\"async\" class=\"xz74otr x15mokao x1ga7v0g x16uus16 xbiv7yw\" src=\"https:\/\/static.xx.fbcdn.net\/images\/emoji.php\/v9\/t96\/1\/16\/1f949.png\" alt=\"\ud83e\udd49\" width=\"16\" height=\"16\" \/><\/span> III miejsce zaj\u0119\u0142a Pani Beata Koper &#8211; Ciecierska, kt\u00f3ra tak\u017ce otrzyma\u0142a zestaw narz\u0119dzi ogrodniczych.<\/div>\n<div dir=\"auto\">Serdecznie gratulujemy wszystkim laureatkom!<\/div>\n<div dir=\"auto\">Dzi\u0119kujemy wszystkim uczestnikom za udzia\u0142, zaanga\u017cowanie i stworzenie wspania\u0142ej atmosfery podczas konkursu.<\/div>\n<div dir=\"auto\">Szczeg\u00f3lne podzi\u0119kowania kierujemy do Pana <span class=\"html-span xdj266r x14z9mp xat24cr x1lziwak xexx8yu xyri2b x18d9i69 x1c1uobl x1hl2dhg x16tdsg8 x1vvkbs\"><a class=\"x1i10hfl xjbqb8w x1ejq31n x18oe1m7 x1sy0etr xstzfhl x972fbf x10w94by x1qhh985 x14e42zd x9f619 x1ypdohk xt0psk2 x3ct3a4 xdj266r x14z9mp xat24cr x1lziwak xexx8yu xyri2b x18d9i69 x1c1uobl x16tdsg8 x1hl2dhg xggy1nq x1a2a7pz xkrqix3 x1sur9pj x1fey0fg x1s688f\" role=\"link\" href=\"https:\/\/www.facebook.com\/wojtgminybulkowo?__cft__[0]=AZjUseYyOHyVIC3ieonhHDpGRSHbHvR8uWzlJE5TsbucIIx4r8s7pHdvMss9v8Sx31nM8tOK3gieNLA6spiTIx_W3ZCG9M0NFyG_a3fSCjbRKkJjkwfrP4rYXb2bok9T0ybKsgy_lse0wY-i4SBi_Jw91-e9OrCtSW4j-MzU0RXjRKh4iZdmWZkzO4w&amp;__tn__=-]K-R\"><span class=\"xt0psk2\"><span class=\"xjp7ctv\">W\u00f3jt Gminy Bulkowo &#8211; Gabriel Graczyk<\/span><\/span><\/a><\/span> za wr\u0119czenie nagr\u00f3d oraz wszystkim, kt\u00f3rzy przyczynili si\u0119 do organizacji konkursu.<\/div>\n<\/div>\n<div class=\"x14z9mp xat24cr x1lziwak x1vvkbs xtlvy1s x126k92a\">\n<div dir=\"auto\">\u00a0Dzi\u0119kujemy za wsp\u00f3ln\u0105 zabaw\u0119 i ju\u017c dzi\u015b zapraszamy na X, jubileuszow\u0105 edycj\u0119 konkursu! Do zobaczenia za rok!<\/div>\n<\/div>\n<div dir=\"auto\"><\/div>\n<div dir=\"auto\">Fot. Facebook W\u00f3jta Gminy Bulkowo.<\/div>\n","protected":false},"excerpt":{"rendered":"<p>Podczas Biesiady Do\u017cynkowej w Worowicach odby\u0142a si\u0119 ju\u017c IX edycja [&hellip;]<\/p>\n","protected":false},"author":83,"featured_media":836,"comment_status":"open","ping_status":"closed","template":"","class_list":["post-835","news","type-news","status-publish","has-post-thumbnail","hentry"],"acf":[],"_links":{"self":[{"href":"https:\/\/pracownieorange.pl\/bulkowo\/wp-json\/wp\/v2\/news\/835","targetHints":{"allow":["GET"]}}],"collection":[{"href":"https:\/\/pracownieorange.pl\/bulkowo\/wp-json\/wp\/v2\/news"}],"about":[{"href":"https:\/\/pracownieorange.pl\/bulkowo\/wp-json\/wp\/v2\/types\/news"}],"author":[{"embeddable":true,"href":"https:\/\/pracownieorange.pl\/bulkowo\/wp-json\/wp\/v2\/users\/83"}],"replies":[{"embeddable":true,"href":"https:\/\/pracownieorange.pl\/bulkowo\/wp-json\/wp\/v2\/comments?post=835"}],"wp:featuredmedia":[{"embeddable":true,"href":"https:\/\/pracownieorange.pl\/bulkowo\/wp-json\/wp\/v2\/media\/836"}],"wp:attachment":[{"href":"https:\/\/pracownieorange.pl\/bulkowo\/wp-json\/wp\/v2\/media?parent=835"}],"curies":[{"name":"wp","href":"https:\/\/api.w.org\/{rel}","templated":true}]}}