

{"id":608,"date":"2024-10-31T17:58:04","date_gmt":"2024-10-31T16:58:04","guid":{"rendered":"https:\/\/pracownieorange.pl\/bulkowo\/?post_type=news&#038;p=608"},"modified":"2024-11-06T13:49:25","modified_gmt":"2024-11-06T12:49:25","slug":"z-sercem-uszyte-podsumowanie-zakonczenie","status":"publish","type":"news","link":"https:\/\/pracownieorange.pl\/bulkowo\/news\/z-sercem-uszyte-podsumowanie-zakonczenie\/","title":{"rendered":"#z sercem uszyte, podsumowanie\/zako\u0144czenie"},"content":{"rendered":"<p>W dniu dzisiejszym w naszej Pracownia Orange i Makerspace w Bulkowie, zako\u0144czyli\u015bmy oficjalnie akcj\u0119 spo\u0142eczn\u0105 \u201eZ sercem uszyte\u201d w ramach programu Fundacji Orange.<\/p>\n<p>Maszyny pozyskane w ramach tego przedsi\u0119wzi\u0119cia pozwoli\u0142y nam na szycie dobra!<\/p>\n<p>Dzi\u0119ki projektowi \u201eBulko pocieSZYCIEle\u201d, wolontariusze szyli pluszaki. Nawi\u0105zali\u015bmy wsp\u00f3\u0142prac\u0119 z GOPS w Bulkowie, by wesprze\u0107 przez swoj\u0105 akcj\u0119, najbardziej potrzebuj\u0105cych z terenu naszej gminy, g\u0142\u00f3wnie dzieci, kt\u00f3re s\u0105 w trudnej sytuacji rodzinnej i maj\u0105 przydzielonego Gminnego Asystenta Rodzinnego.<\/p>\n<p>W dniu dzisiejszym oficjalnie, nasze prace zosta\u0142y przekazane do GOPS w Bulkowie i niebawem trafi\u0105 do najm\u0142odszych odbiorc\u00f3w.<\/p>\n<p>Projekt \u201eBulko pocieSZYCIEle \u201d pozwoli\u0142, r\u00f3wnie\u017c na wzi\u0119cie udzia\u0142u w V edycji Og\u00f3lnopolskiego Projektu \u201eEmotkowe po\u017ceracze smutk\u00f3w\u201d. Szyli\u015bmy poduszeczki, kt\u00f3re trafi\u0142y do najm\u0142odszych dzieci z naszego terenu, rozpoczynaj\u0105cych przygod\u0119 z przedszkolem. Jeste\u015bmy przekonani, \u017ce dzi\u0119ki naszym dzia\u0142aniom wszystkie troski milusi\u0144skich posz\u0142y w k\u0105t, w tak trudnym dla nich czasie jakim jest adaptacja przedszkolna.<\/p>\n<p>Spotkania w Pracowni Orange w ramach akcji &#8222;Z sercem uszyte&#8221;, odbywa\u0142y si\u0119 przez 2 miesi\u0105ce &#8211; 1x w tygodniu, w godzinach popo\u0142udniowych. By\u0142 to czas przepe\u0142niony owocn\u0105 prac\u0105 ale r\u00f3wnie\u017c mo\u017cliwo\u015bci\u0105 zdobywania umiej\u0119tno\u015bci technicznych od specjalist\u00f3w, przeplatanych wspania\u0142\u0105 integracj\u0105. Dzi\u0119kujemy wszystkim wolontariuszom, kt\u00f3rzy w\u0142\u0105czyli si\u0119 w nasz\u0105 akcj\u0119!!<br \/>\nDzi\u0119kujemy przede wszystkim Fundacji Orange za danie nam mo\u017cliwo\u015bci sprawiania rado\u015bci innym!!<br \/>\nWiemy, \u017ce dobro uzale\u017cnia, wi\u0119c planujemy szy\u0107 dalej\u203c\ufe0f<\/p>\n<p>&#8222;Projekt realizowany w ramach mi\u0119dzynarodowej inicjatywy Orange Digital Center. Zakup sfinansowano ze \u015brodk\u00f3w Fundacji Orange&#8221;.<\/p>\n","protected":false},"excerpt":{"rendered":"<p>W dniu dzisiejszym w naszej Pracownia Orange i Makerspace w [&hellip;]<\/p>\n","protected":false},"author":227,"featured_media":611,"comment_status":"open","ping_status":"closed","template":"","class_list":["post-608","news","type-news","status-publish","has-post-thumbnail","hentry"],"acf":[],"yoast_head":"<!-- This site is optimized with the Yoast SEO plugin v24.5 - https:\/\/yoast.com\/wordpress\/plugins\/seo\/ -->\n<title>#z sercem uszyte, podsumowanie\/zako\u0144czenie - Pracownia Orange Bulkowo<\/title>\n<meta name=\"robots\" content=\"index, follow, max-snippet:-1, max-image-preview:large, max-video-preview:-1\" \/>\n<link rel=\"canonical\" href=\"https:\/\/pracownieorange.pl\/bulkowo\/news\/z-sercem-uszyte-podsumowanie-zakonczenie\/\" \/>\n<meta property=\"og:locale\" content=\"pl_PL\" \/>\n<meta property=\"og:type\" content=\"article\" \/>\n<meta property=\"og:title\" content=\"#z sercem uszyte, podsumowanie\/zako\u0144czenie - Pracownia Orange Bulkowo\" \/>\n<meta property=\"og:description\" content=\"W dniu dzisiejszym w naszej Pracownia Orange i Makerspace w [&hellip;]\" \/>\n<meta property=\"og:url\" content=\"https:\/\/pracownieorange.pl\/bulkowo\/news\/z-sercem-uszyte-podsumowanie-zakonczenie\/\" \/>\n<meta property=\"og:site_name\" content=\"Pracownia Orange Bulkowo\" \/>\n<meta property=\"article:modified_time\" content=\"2024-11-06T12:49:25+00:00\" \/>\n<meta property=\"og:image\" content=\"https:\/\/pracownieorange.pl\/app\/uploads\/sites\/77\/2024\/10\/m3.jpg\" \/>\n\t<meta property=\"og:image:width\" content=\"1536\" \/>\n\t<meta property=\"og:image:height\" content=\"2048\" \/>\n\t<meta property=\"og:image:type\" content=\"image\/jpeg\" \/>\n<meta name=\"twitter:card\" content=\"summary_large_image\" \/>\n<meta name=\"twitter:label1\" content=\"Est. reading time\" \/>\n\t<meta name=\"twitter:data1\" content=\"2 minuty\" \/>\n<script type=\"application\/ld+json\" class=\"yoast-schema-graph\">{\"@context\":\"https:\/\/schema.org\",\"@graph\":[{\"@type\":\"WebPage\",\"@id\":\"https:\/\/pracownieorange.pl\/bulkowo\/news\/z-sercem-uszyte-podsumowanie-zakonczenie\/\",\"url\":\"https:\/\/pracownieorange.pl\/bulkowo\/news\/z-sercem-uszyte-podsumowanie-zakonczenie\/\",\"name\":\"#z sercem uszyte, podsumowanie\/zako\u0144czenie - Pracownia Orange Bulkowo\",\"isPartOf\":{\"@id\":\"https:\/\/pracownieorange.pl\/bulkowo\/#website\"},\"primaryImageOfPage\":{\"@id\":\"https:\/\/pracownieorange.pl\/bulkowo\/news\/z-sercem-uszyte-podsumowanie-zakonczenie\/#primaryimage\"},\"image\":{\"@id\":\"https:\/\/pracownieorange.pl\/bulkowo\/news\/z-sercem-uszyte-podsumowanie-zakonczenie\/#primaryimage\"},\"thumbnailUrl\":\"https:\/\/pracownieorange.pl\/app\/uploads\/sites\/77\/2024\/10\/m3.jpg\",\"datePublished\":\"2024-10-31T16:58:04+00:00\",\"dateModified\":\"2024-11-06T12:49:25+00:00\",\"breadcrumb\":{\"@id\":\"https:\/\/pracownieorange.pl\/bulkowo\/news\/z-sercem-uszyte-podsumowanie-zakonczenie\/#breadcrumb\"},\"inLanguage\":\"pl-PL\",\"potentialAction\":[{\"@type\":\"ReadAction\",\"target\":[\"https:\/\/pracownieorange.pl\/bulkowo\/news\/z-sercem-uszyte-podsumowanie-zakonczenie\/\"]}]},{\"@type\":\"ImageObject\",\"inLanguage\":\"pl-PL\",\"@id\":\"https:\/\/pracownieorange.pl\/bulkowo\/news\/z-sercem-uszyte-podsumowanie-zakonczenie\/#primaryimage\",\"url\":\"https:\/\/pracownieorange.pl\/app\/uploads\/sites\/77\/2024\/10\/m3.jpg\",\"contentUrl\":\"https:\/\/pracownieorange.pl\/app\/uploads\/sites\/77\/2024\/10\/m3.jpg\",\"width\":1536,\"height\":2048,\"caption\":\"Dyrektor z wolontariuszka pod GOPS z pluszakami\"},{\"@type\":\"BreadcrumbList\",\"@id\":\"https:\/\/pracownieorange.pl\/bulkowo\/news\/z-sercem-uszyte-podsumowanie-zakonczenie\/#breadcrumb\",\"itemListElement\":[{\"@type\":\"ListItem\",\"position\":1,\"name\":\"Home\",\"item\":\"https:\/\/pracownieorange.pl\/bulkowo\/\"},{\"@type\":\"ListItem\",\"position\":2,\"name\":\"Aktualno\u015bci\",\"item\":\"https:\/\/pracownieorange.pl\/bulkowo\/news\/\"},{\"@type\":\"ListItem\",\"position\":3,\"name\":\"#z sercem uszyte, podsumowanie\/zako\u0144czenie\"}]},{\"@type\":\"WebSite\",\"@id\":\"https:\/\/pracownieorange.pl\/bulkowo\/#website\",\"url\":\"https:\/\/pracownieorange.pl\/bulkowo\/\",\"name\":\"Pracownia Orange Bulkowo\",\"description\":\"\",\"potentialAction\":[{\"@type\":\"SearchAction\",\"target\":{\"@type\":\"EntryPoint\",\"urlTemplate\":\"https:\/\/pracownieorange.pl\/bulkowo\/?s={search_term_string}\"},\"query-input\":{\"@type\":\"PropertyValueSpecification\",\"valueRequired\":true,\"valueName\":\"search_term_string\"}}],\"inLanguage\":\"pl-PL\"}]}<\/script>\n<!-- \/ Yoast SEO plugin. -->","yoast_head_json":{"title":"#z sercem uszyte, podsumowanie\/zako\u0144czenie - Pracownia Orange Bulkowo","robots":{"index":"index","follow":"follow","max-snippet":"max-snippet:-1","max-image-preview":"max-image-preview:large","max-video-preview":"max-video-preview:-1"},"canonical":"https:\/\/pracownieorange.pl\/bulkowo\/news\/z-sercem-uszyte-podsumowanie-zakonczenie\/","og_locale":"pl_PL","og_type":"article","og_title":"#z sercem uszyte, podsumowanie\/zako\u0144czenie - Pracownia Orange Bulkowo","og_description":"W dniu dzisiejszym w naszej Pracownia Orange i Makerspace w [&hellip;]","og_url":"https:\/\/pracownieorange.pl\/bulkowo\/news\/z-sercem-uszyte-podsumowanie-zakonczenie\/","og_site_name":"Pracownia Orange Bulkowo","article_modified_time":"2024-11-06T12:49:25+00:00","og_image":[{"width":1536,"height":2048,"url":"https:\/\/pracownieorange.pl\/app\/uploads\/sites\/77\/2024\/10\/m3.jpg","type":"image\/jpeg"}],"twitter_card":"summary_large_image","twitter_misc":{"Est. reading time":"2 minuty"},"schema":{"@context":"https:\/\/schema.org","@graph":[{"@type":"WebPage","@id":"https:\/\/pracownieorange.pl\/bulkowo\/news\/z-sercem-uszyte-podsumowanie-zakonczenie\/","url":"https:\/\/pracownieorange.pl\/bulkowo\/news\/z-sercem-uszyte-podsumowanie-zakonczenie\/","name":"#z sercem uszyte, podsumowanie\/zako\u0144czenie - Pracownia Orange Bulkowo","isPartOf":{"@id":"https:\/\/pracownieorange.pl\/bulkowo\/#website"},"primaryImageOfPage":{"@id":"https:\/\/pracownieorange.pl\/bulkowo\/news\/z-sercem-uszyte-podsumowanie-zakonczenie\/#primaryimage"},"image":{"@id":"https:\/\/pracownieorange.pl\/bulkowo\/news\/z-sercem-uszyte-podsumowanie-zakonczenie\/#primaryimage"},"thumbnailUrl":"https:\/\/pracownieorange.pl\/app\/uploads\/sites\/77\/2024\/10\/m3.jpg","datePublished":"2024-10-31T16:58:04+00:00","dateModified":"2024-11-06T12:49:25+00:00","breadcrumb":{"@id":"https:\/\/pracownieorange.pl\/bulkowo\/news\/z-sercem-uszyte-podsumowanie-zakonczenie\/#breadcrumb"},"inLanguage":"pl-PL","potentialAction":[{"@type":"ReadAction","target":["https:\/\/pracownieorange.pl\/bulkowo\/news\/z-sercem-uszyte-podsumowanie-zakonczenie\/"]}]},{"@type":"ImageObject","inLanguage":"pl-PL","@id":"https:\/\/pracownieorange.pl\/bulkowo\/news\/z-sercem-uszyte-podsumowanie-zakonczenie\/#primaryimage","url":"https:\/\/pracownieorange.pl\/app\/uploads\/sites\/77\/2024\/10\/m3.jpg","contentUrl":"https:\/\/pracownieorange.pl\/app\/uploads\/sites\/77\/2024\/10\/m3.jpg","width":1536,"height":2048,"caption":"Dyrektor z wolontariuszka pod GOPS z pluszakami"},{"@type":"BreadcrumbList","@id":"https:\/\/pracownieorange.pl\/bulkowo\/news\/z-sercem-uszyte-podsumowanie-zakonczenie\/#breadcrumb","itemListElement":[{"@type":"ListItem","position":1,"name":"Home","item":"https:\/\/pracownieorange.pl\/bulkowo\/"},{"@type":"ListItem","position":2,"name":"Aktualno\u015bci","item":"https:\/\/pracownieorange.pl\/bulkowo\/news\/"},{"@type":"ListItem","position":3,"name":"#z sercem uszyte, podsumowanie\/zako\u0144czenie"}]},{"@type":"WebSite","@id":"https:\/\/pracownieorange.pl\/bulkowo\/#website","url":"https:\/\/pracownieorange.pl\/bulkowo\/","name":"Pracownia Orange Bulkowo","description":"","potentialAction":[{"@type":"SearchAction","target":{"@type":"EntryPoint","urlTemplate":"https:\/\/pracownieorange.pl\/bulkowo\/?s={search_term_string}"},"query-input":{"@type":"PropertyValueSpecification","valueRequired":true,"valueName":"search_term_string"}}],"inLanguage":"pl-PL"}]}},"_links":{"self":[{"href":"https:\/\/pracownieorange.pl\/bulkowo\/wp-json\/wp\/v2\/news\/608","targetHints":{"allow":["GET"]}}],"collection":[{"href":"https:\/\/pracownieorange.pl\/bulkowo\/wp-json\/wp\/v2\/news"}],"about":[{"href":"https:\/\/pracownieorange.pl\/bulkowo\/wp-json\/wp\/v2\/types\/news"}],"author":[{"embeddable":true,"href":"https:\/\/pracownieorange.pl\/bulkowo\/wp-json\/wp\/v2\/users\/227"}],"replies":[{"embeddable":true,"href":"https:\/\/pracownieorange.pl\/bulkowo\/wp-json\/wp\/v2\/comments?post=608"}],"wp:featuredmedia":[{"embeddable":true,"href":"https:\/\/pracownieorange.pl\/bulkowo\/wp-json\/wp\/v2\/media\/611"}],"wp:attachment":[{"href":"https:\/\/pracownieorange.pl\/bulkowo\/wp-json\/wp\/v2\/media?parent=608"}],"curies":[{"name":"wp","href":"https:\/\/api.w.org\/{rel}","templated":true}]}}