

{"id":561,"date":"2024-10-31T13:00:03","date_gmt":"2024-10-31T12:00:03","guid":{"rendered":"https:\/\/pracownieorange.pl\/bulkowo\/?post_type=news&#038;p=561"},"modified":"2024-11-06T13:54:21","modified_gmt":"2024-11-06T12:54:21","slug":"bulko-pocieszyciele-w-ramach-akcji-spolecznej-z-sercem-uszyte-dzien-czwarty","status":"publish","type":"news","link":"https:\/\/pracownieorange.pl\/bulkowo\/news\/bulko-pocieszyciele-w-ramach-akcji-spolecznej-z-sercem-uszyte-dzien-czwarty\/","title":{"rendered":"#z sercem uszyte, \u201eBulko pocieSZYCIEle\u201d- dzie\u0144 czwarty"},"content":{"rendered":"<p>Pracownia Orange i Makerspace w Bulkowie po raz kolejny szyj\u0105 dobro!<\/p>\n<p>W dniu 18.10.2024, grupa wolontariuszy spotka\u0142a si\u0119 w naszej mini pracowni krawieckiej, by SZY\u0106 DOBRO, w ramach projektu \u201eBulko pocieSZYCIEle\u201d, realizowanego z programu Fundacja Orange : \u201eZ sercem uszyte\u201d. Tym razem szyli\u015bmy maskotki dla dzieci, kt\u00f3rych los nie oszcz\u0119dzi\u0142, maj\u0105c trudn\u0105 sytuacj\u0119 rodzinn\u0105 i korzystaj\u0105 z wsparcia naszego gminnego GOPS-u. Przytulanki to nowatorskie dzie\u0142a wolontariuszek: Pani Aleksandry, Pani Agaty, Pani Bo\u017ceny, Pani Miros\u0142awy, Pani Moniki oraz Pani Oli-dzi\u0119kujemy.<\/p>\n<p>Dostrzegaj potrzeby drugiego cz\u0142owieka\u203c\ufe0f<\/p>\n<p>Jeste\u015bmy przekonani, \u017ce nasze maskotki zosta\u0142y w\u0142a\u015bnie \u201eZ sercem uszyte\u201d i sprawi\u0105 ogromn\u0105 rado\u015b\u0107 dzieciom z terenu naszej gminy.<\/p>\n","protected":false},"excerpt":{"rendered":"<p>Pracownia Orange i Makerspace w Bulkowie po raz kolejny szyj\u0105 [&hellip;]<\/p>\n","protected":false},"author":227,"featured_media":569,"comment_status":"open","ping_status":"closed","template":"","class_list":["post-561","news","type-news","status-publish","has-post-thumbnail","hentry"],"acf":[],"yoast_head":"<!-- This site is optimized with the Yoast SEO plugin v24.5 - https:\/\/yoast.com\/wordpress\/plugins\/seo\/ -->\n<title>#z sercem uszyte, \u201eBulko pocieSZYCIEle\u201d- dzie\u0144 czwarty - Pracownia Orange Bulkowo<\/title>\n<meta name=\"robots\" content=\"index, follow, max-snippet:-1, max-image-preview:large, max-video-preview:-1\" \/>\n<link rel=\"canonical\" href=\"https:\/\/pracownieorange.pl\/bulkowo\/news\/bulko-pocieszyciele-w-ramach-akcji-spolecznej-z-sercem-uszyte-dzien-czwarty\/\" \/>\n<meta property=\"og:locale\" content=\"pl_PL\" \/>\n<meta property=\"og:type\" content=\"article\" \/>\n<meta property=\"og:title\" content=\"#z sercem uszyte, \u201eBulko pocieSZYCIEle\u201d- dzie\u0144 czwarty - Pracownia Orange Bulkowo\" \/>\n<meta property=\"og:description\" content=\"Pracownia Orange i Makerspace w Bulkowie po raz kolejny szyj\u0105 [&hellip;]\" \/>\n<meta property=\"og:url\" content=\"https:\/\/pracownieorange.pl\/bulkowo\/news\/bulko-pocieszyciele-w-ramach-akcji-spolecznej-z-sercem-uszyte-dzien-czwarty\/\" \/>\n<meta property=\"og:site_name\" content=\"Pracownia Orange Bulkowo\" \/>\n<meta property=\"article:modified_time\" content=\"2024-11-06T12:54:21+00:00\" \/>\n<meta property=\"og:image\" content=\"https:\/\/pracownieorange.pl\/app\/uploads\/sites\/77\/2024\/10\/i9.jpg\" \/>\n\t<meta property=\"og:image:width\" content=\"960\" \/>\n\t<meta property=\"og:image:height\" content=\"720\" \/>\n\t<meta property=\"og:image:type\" content=\"image\/jpeg\" \/>\n<meta name=\"twitter:card\" content=\"summary_large_image\" \/>\n<meta name=\"twitter:label1\" content=\"Est. reading time\" \/>\n\t<meta name=\"twitter:data1\" content=\"1 minuta\" \/>\n<script type=\"application\/ld+json\" class=\"yoast-schema-graph\">{\"@context\":\"https:\/\/schema.org\",\"@graph\":[{\"@type\":\"WebPage\",\"@id\":\"https:\/\/pracownieorange.pl\/bulkowo\/news\/bulko-pocieszyciele-w-ramach-akcji-spolecznej-z-sercem-uszyte-dzien-czwarty\/\",\"url\":\"https:\/\/pracownieorange.pl\/bulkowo\/news\/bulko-pocieszyciele-w-ramach-akcji-spolecznej-z-sercem-uszyte-dzien-czwarty\/\",\"name\":\"#z sercem uszyte, \u201eBulko pocieSZYCIEle\u201d- dzie\u0144 czwarty - Pracownia Orange Bulkowo\",\"isPartOf\":{\"@id\":\"https:\/\/pracownieorange.pl\/bulkowo\/#website\"},\"primaryImageOfPage\":{\"@id\":\"https:\/\/pracownieorange.pl\/bulkowo\/news\/bulko-pocieszyciele-w-ramach-akcji-spolecznej-z-sercem-uszyte-dzien-czwarty\/#primaryimage\"},\"image\":{\"@id\":\"https:\/\/pracownieorange.pl\/bulkowo\/news\/bulko-pocieszyciele-w-ramach-akcji-spolecznej-z-sercem-uszyte-dzien-czwarty\/#primaryimage\"},\"thumbnailUrl\":\"https:\/\/pracownieorange.pl\/app\/uploads\/sites\/77\/2024\/10\/i9.jpg\",\"datePublished\":\"2024-10-31T12:00:03+00:00\",\"dateModified\":\"2024-11-06T12:54:21+00:00\",\"breadcrumb\":{\"@id\":\"https:\/\/pracownieorange.pl\/bulkowo\/news\/bulko-pocieszyciele-w-ramach-akcji-spolecznej-z-sercem-uszyte-dzien-czwarty\/#breadcrumb\"},\"inLanguage\":\"pl-PL\",\"potentialAction\":[{\"@type\":\"ReadAction\",\"target\":[\"https:\/\/pracownieorange.pl\/bulkowo\/news\/bulko-pocieszyciele-w-ramach-akcji-spolecznej-z-sercem-uszyte-dzien-czwarty\/\"]}]},{\"@type\":\"ImageObject\",\"inLanguage\":\"pl-PL\",\"@id\":\"https:\/\/pracownieorange.pl\/bulkowo\/news\/bulko-pocieszyciele-w-ramach-akcji-spolecznej-z-sercem-uszyte-dzien-czwarty\/#primaryimage\",\"url\":\"https:\/\/pracownieorange.pl\/app\/uploads\/sites\/77\/2024\/10\/i9.jpg\",\"contentUrl\":\"https:\/\/pracownieorange.pl\/app\/uploads\/sites\/77\/2024\/10\/i9.jpg\",\"width\":960,\"height\":720,\"caption\":\"Uszyte pluszaki przez wolontariuszki Pracowni Orange w Bulkowie\"},{\"@type\":\"BreadcrumbList\",\"@id\":\"https:\/\/pracownieorange.pl\/bulkowo\/news\/bulko-pocieszyciele-w-ramach-akcji-spolecznej-z-sercem-uszyte-dzien-czwarty\/#breadcrumb\",\"itemListElement\":[{\"@type\":\"ListItem\",\"position\":1,\"name\":\"Home\",\"item\":\"https:\/\/pracownieorange.pl\/bulkowo\/\"},{\"@type\":\"ListItem\",\"position\":2,\"name\":\"Aktualno\u015bci\",\"item\":\"https:\/\/pracownieorange.pl\/bulkowo\/news\/\"},{\"@type\":\"ListItem\",\"position\":3,\"name\":\"#z sercem uszyte, \u201eBulko pocieSZYCIEle\u201d- dzie\u0144 czwarty\"}]},{\"@type\":\"WebSite\",\"@id\":\"https:\/\/pracownieorange.pl\/bulkowo\/#website\",\"url\":\"https:\/\/pracownieorange.pl\/bulkowo\/\",\"name\":\"Pracownia Orange Bulkowo\",\"description\":\"\",\"potentialAction\":[{\"@type\":\"SearchAction\",\"target\":{\"@type\":\"EntryPoint\",\"urlTemplate\":\"https:\/\/pracownieorange.pl\/bulkowo\/?s={search_term_string}\"},\"query-input\":{\"@type\":\"PropertyValueSpecification\",\"valueRequired\":true,\"valueName\":\"search_term_string\"}}],\"inLanguage\":\"pl-PL\"}]}<\/script>\n<!-- \/ Yoast SEO plugin. -->","yoast_head_json":{"title":"#z sercem uszyte, \u201eBulko pocieSZYCIEle\u201d- dzie\u0144 czwarty - Pracownia Orange Bulkowo","robots":{"index":"index","follow":"follow","max-snippet":"max-snippet:-1","max-image-preview":"max-image-preview:large","max-video-preview":"max-video-preview:-1"},"canonical":"https:\/\/pracownieorange.pl\/bulkowo\/news\/bulko-pocieszyciele-w-ramach-akcji-spolecznej-z-sercem-uszyte-dzien-czwarty\/","og_locale":"pl_PL","og_type":"article","og_title":"#z sercem uszyte, \u201eBulko pocieSZYCIEle\u201d- dzie\u0144 czwarty - Pracownia Orange Bulkowo","og_description":"Pracownia Orange i Makerspace w Bulkowie po raz kolejny szyj\u0105 [&hellip;]","og_url":"https:\/\/pracownieorange.pl\/bulkowo\/news\/bulko-pocieszyciele-w-ramach-akcji-spolecznej-z-sercem-uszyte-dzien-czwarty\/","og_site_name":"Pracownia Orange Bulkowo","article_modified_time":"2024-11-06T12:54:21+00:00","og_image":[{"width":960,"height":720,"url":"https:\/\/pracownieorange.pl\/app\/uploads\/sites\/77\/2024\/10\/i9.jpg","type":"image\/jpeg"}],"twitter_card":"summary_large_image","twitter_misc":{"Est. reading time":"1 minuta"},"schema":{"@context":"https:\/\/schema.org","@graph":[{"@type":"WebPage","@id":"https:\/\/pracownieorange.pl\/bulkowo\/news\/bulko-pocieszyciele-w-ramach-akcji-spolecznej-z-sercem-uszyte-dzien-czwarty\/","url":"https:\/\/pracownieorange.pl\/bulkowo\/news\/bulko-pocieszyciele-w-ramach-akcji-spolecznej-z-sercem-uszyte-dzien-czwarty\/","name":"#z sercem uszyte, \u201eBulko pocieSZYCIEle\u201d- dzie\u0144 czwarty - Pracownia Orange Bulkowo","isPartOf":{"@id":"https:\/\/pracownieorange.pl\/bulkowo\/#website"},"primaryImageOfPage":{"@id":"https:\/\/pracownieorange.pl\/bulkowo\/news\/bulko-pocieszyciele-w-ramach-akcji-spolecznej-z-sercem-uszyte-dzien-czwarty\/#primaryimage"},"image":{"@id":"https:\/\/pracownieorange.pl\/bulkowo\/news\/bulko-pocieszyciele-w-ramach-akcji-spolecznej-z-sercem-uszyte-dzien-czwarty\/#primaryimage"},"thumbnailUrl":"https:\/\/pracownieorange.pl\/app\/uploads\/sites\/77\/2024\/10\/i9.jpg","datePublished":"2024-10-31T12:00:03+00:00","dateModified":"2024-11-06T12:54:21+00:00","breadcrumb":{"@id":"https:\/\/pracownieorange.pl\/bulkowo\/news\/bulko-pocieszyciele-w-ramach-akcji-spolecznej-z-sercem-uszyte-dzien-czwarty\/#breadcrumb"},"inLanguage":"pl-PL","potentialAction":[{"@type":"ReadAction","target":["https:\/\/pracownieorange.pl\/bulkowo\/news\/bulko-pocieszyciele-w-ramach-akcji-spolecznej-z-sercem-uszyte-dzien-czwarty\/"]}]},{"@type":"ImageObject","inLanguage":"pl-PL","@id":"https:\/\/pracownieorange.pl\/bulkowo\/news\/bulko-pocieszyciele-w-ramach-akcji-spolecznej-z-sercem-uszyte-dzien-czwarty\/#primaryimage","url":"https:\/\/pracownieorange.pl\/app\/uploads\/sites\/77\/2024\/10\/i9.jpg","contentUrl":"https:\/\/pracownieorange.pl\/app\/uploads\/sites\/77\/2024\/10\/i9.jpg","width":960,"height":720,"caption":"Uszyte pluszaki przez wolontariuszki Pracowni Orange w Bulkowie"},{"@type":"BreadcrumbList","@id":"https:\/\/pracownieorange.pl\/bulkowo\/news\/bulko-pocieszyciele-w-ramach-akcji-spolecznej-z-sercem-uszyte-dzien-czwarty\/#breadcrumb","itemListElement":[{"@type":"ListItem","position":1,"name":"Home","item":"https:\/\/pracownieorange.pl\/bulkowo\/"},{"@type":"ListItem","position":2,"name":"Aktualno\u015bci","item":"https:\/\/pracownieorange.pl\/bulkowo\/news\/"},{"@type":"ListItem","position":3,"name":"#z sercem uszyte, \u201eBulko pocieSZYCIEle\u201d- dzie\u0144 czwarty"}]},{"@type":"WebSite","@id":"https:\/\/pracownieorange.pl\/bulkowo\/#website","url":"https:\/\/pracownieorange.pl\/bulkowo\/","name":"Pracownia Orange Bulkowo","description":"","potentialAction":[{"@type":"SearchAction","target":{"@type":"EntryPoint","urlTemplate":"https:\/\/pracownieorange.pl\/bulkowo\/?s={search_term_string}"},"query-input":{"@type":"PropertyValueSpecification","valueRequired":true,"valueName":"search_term_string"}}],"inLanguage":"pl-PL"}]}},"_links":{"self":[{"href":"https:\/\/pracownieorange.pl\/bulkowo\/wp-json\/wp\/v2\/news\/561","targetHints":{"allow":["GET"]}}],"collection":[{"href":"https:\/\/pracownieorange.pl\/bulkowo\/wp-json\/wp\/v2\/news"}],"about":[{"href":"https:\/\/pracownieorange.pl\/bulkowo\/wp-json\/wp\/v2\/types\/news"}],"author":[{"embeddable":true,"href":"https:\/\/pracownieorange.pl\/bulkowo\/wp-json\/wp\/v2\/users\/227"}],"replies":[{"embeddable":true,"href":"https:\/\/pracownieorange.pl\/bulkowo\/wp-json\/wp\/v2\/comments?post=561"}],"wp:featuredmedia":[{"embeddable":true,"href":"https:\/\/pracownieorange.pl\/bulkowo\/wp-json\/wp\/v2\/media\/569"}],"wp:attachment":[{"href":"https:\/\/pracownieorange.pl\/bulkowo\/wp-json\/wp\/v2\/media?parent=561"}],"curies":[{"name":"wp","href":"https:\/\/api.w.org\/{rel}","templated":true}]}}