

{"id":443,"date":"2025-09-01T13:15:29","date_gmt":"2025-09-01T11:15:29","guid":{"rendered":"https:\/\/pracownieorange.pl\/brzeszcze\/?post_type=news&#038;p=443"},"modified":"2025-09-02T16:33:47","modified_gmt":"2025-09-02T14:33:47","slug":"tekstylowy-gobelin-czyli-nauka-tkania-w-pracowni-orange","status":"publish","type":"news","link":"https:\/\/pracownieorange.pl\/brzeszcze\/news\/tekstylowy-gobelin-czyli-nauka-tkania-w-pracowni-orange\/","title":{"rendered":"&#8222;tekSTYLOWY GOBELIN&#8221; czyli nauka tkania w Pracowni Orange"},"content":{"rendered":"<div class=\"x14z9mp xat24cr x1lziwak x1vvkbs xtlvy1s x126k92a\">\n<div dir=\"auto\">Podczas jednego z naszych wakacyjnych spotka\u0144 z dzie\u0107mi w projekcie &#8222;Eko sztu(cz)ka II&#8221;, rozmawiali\u015bmy o tym, jak kreatywnie i ponownie wykorzysta\u0107 stare, bawe\u0142niane t-shirty. Dzieci mia\u0142y okazj\u0119 do przemy\u015ble\u0144 i zastanowienia si\u0119 nad swoimi nawykami &#8222;modowymi&#8221; \ud83d\ude42<\/div>\n<\/div>\n<div dir=\"auto\"><\/div>\n<div dir=\"auto\" style=\"text-align: center;\"><em><span class=\"field field--name-title field--type-string field--label-hidden\" style=\"font-size: 12pt;\">A czy Ty wiesz, \u017ce bawe\u0142niany materia\u0142 rozk\u0142ada si\u0119 5-8 miesi\u0119cy, we\u0142niany: 1-5 lat, a gumowe podeszwy but\u00f3w \u2013 80 lat? Warto\u015bci te zale\u017c\u0105 g\u0142\u00f3wnie od sposobu produkcji, wielko\u015bci zu\u017cytego materia\u0142u, wybielania, farbowania, a tak\u017ce nadrukowanych wzor\u00f3w. By ograniczy\u0107 do minimum czas rozk\u0142adu,\u00a0 warto wiedzie\u0107 jak wygl\u0105da sk\u0142ad kupowanej przez nas odzie\u017cy.<\/span><\/em><\/div>\n<p class=\"articleTitle\"><span class=\"field field--name-title field--type-string field--label-hidden\" style=\"font-size: 12pt;\">Serwis Nauka w Polsce w materiale pt. &#8222;Na recyklingu tekstyli\u00f3w da si\u0119 zrobi\u0107 biznes, ale potrzeba bada\u0144&#8221; podaje, \u017ce c<\/span>i\u0105g\u0142ym wyzwaniem w recyklingu jest segragacja tekstyli\u00f3w, kt\u00f3ra mo\u017ce by\u0107 r\u0119czna -co jest bardzo d\u0142ugim i \u017cmudnym procesem lub automatyczna. Zesp\u00f3\u0142 m.in. z Politechniki \u0141\u00f3dzkiej pracuje nad automatyzacj\u0105 w ramach unijnego projektu AIdesignTEX. W ramach niego powsta\u0107 ma baza systemu umo\u017cliwiaj\u0105cego automatyczn\u0105 segregacj\u0119 odpad\u00f3w tekstylnych z wykorzystaniem sztucznej inteligencji. W tym celu badacze gromadz\u0105 dane na temat sk\u0142adu surowcowego r\u00f3\u017cnych tekstyli\u00f3w i trenuj\u0105 na nich sieci neuronowe. Projekt jest w trakcie realizacji i mo\u017ce potrwa\u0107 jeszcze trzy lata, wi\u0119c trzymajmy kciuki za naszych naukowc\u00f3w, by stworzyli nowe narz\u0119dzia wspomagaj\u0105ce nas i nasza planet\u0119 w zr\u00f3wnowa\u017conym rozwoju.<\/p>\n<p>Ale, wracaj\u0105c do naszego warsztatu. Gdy ju\u017c pogadali\u015bmy o wa\u017cniejszych tematach, dzieci obejrza\u0142y prezentacj\u0119 dotycz\u0105cej tego, czym jest tkactwo, gobelin i w\u0142\u00f3czka t-shirtowa, obejrza\u0142y te\u017c kr\u00f3tki film o tym, jak w \u0142atwy spos\u00f3b mo\u017cna j\u0105 zrobi\u0107 samemu oraz inspiracje, co z tak powsta\u0142ej w\u0142\u00f3czki mo\u017cna zrobi\u0107. Potem, ka\u017cdy zakasa\u0142 r\u0119kawy i wzi\u0105\u0142 si\u0119 za pozyskiwanie w\u0142asnego motka w\u0142\u00f3czki z przyniesionych z domu bluzek. Jak ju\u017c uda\u0142o nam si\u0119 poci\u0105\u0107 wszystkie materia\u0142y, przygotowali\u015bmy si\u0119 do kolejnego warsztatu &#8211; ka\u017cdy przygotowa\u0142 swoje pude\u0142ko z motkami oraz ramk\u0105 tkack\u0105 wyci\u0119t\u0105 na ploterze znajduj\u0105cym si\u0119 w pracowni.<\/p>\n<p>II warsztatowe spoTKANIE, by\u0142o ju\u017c nast\u0119pnego ranka. Wszyscy uczestnicy wiedzieli co b\u0119d\u0105 robi\u0107, wi\u0119c szybciutko zabrali si\u0119 do pracy. Ka\u017cdy nawin\u0105\u0142 osnow\u0119 na ramk\u0119 tkack\u0105 i po jej przygotowaniu m\u00f3g\u0142 zacz\u0105\u0107 tka\u0107. I cho\u0107 uczyli\u015bmy si\u0119 bardzo podstawowego sposobu, by\u0142o sporo pyta\u0144 i zastanawiania si\u0119 jak kontynuowa\u0107 w\u0105tek, gdy sko\u0144czy si\u0119 jego pierwsza cz\u0119\u015b\u0107. Dzieciom bardzo spodoba\u0142 si\u0119 ten rodzaj r\u0119kodzie\u0142a, a \u017ce by\u0142 pi\u0119kny i s\u0142oneczny dzie\u0144 skorzystali\u015bmy z okazji, zabrali\u015bmy kolorowe pufy i wyszli\u015bmy na zewn\u0105trz, by tka\u0107 w ciep\u0142ym s\u0142oneczku. Zobaczcie jak wysz\u0142y nam pierwsze tekSTYLOWE GOBELINY \ud83d\ude09<\/p>\n<p>&nbsp;<\/p>\n<p>Projekt &#8222;Eko sztu(cz)ka II&#8221; realizowany jest w ramach Programu Pracownie Orange.<\/p>\n","protected":false},"excerpt":{"rendered":"<p>Podczas jednego z naszych wakacyjnych spotka\u0144 z dzie\u0107mi w projekcie [&hellip;]<\/p>\n","protected":false},"author":90,"featured_media":465,"comment_status":"open","ping_status":"closed","template":"","class_list":["post-443","news","type-news","status-publish","has-post-thumbnail","hentry"],"acf":[],"yoast_head":"<!-- This site is optimized with the Yoast SEO plugin v24.5 - https:\/\/yoast.com\/wordpress\/plugins\/seo\/ -->\n<title>&quot;tekSTYLOWY GOBELIN&quot; czyli nauka tkania w Pracowni Orange - Pracownia Orange Brzeszcze<\/title>\n<meta name=\"robots\" content=\"index, follow, max-snippet:-1, max-image-preview:large, max-video-preview:-1\" \/>\n<link rel=\"canonical\" href=\"https:\/\/pracownieorange.pl\/brzeszcze\/news\/tekstylowy-gobelin-czyli-nauka-tkania-w-pracowni-orange\/\" \/>\n<meta property=\"og:locale\" content=\"pl_PL\" \/>\n<meta property=\"og:type\" content=\"article\" \/>\n<meta property=\"og:title\" content=\"&quot;tekSTYLOWY GOBELIN&quot; czyli nauka tkania w Pracowni Orange - Pracownia Orange Brzeszcze\" \/>\n<meta property=\"og:description\" content=\"Podczas jednego z naszych wakacyjnych spotka\u0144 z dzie\u0107mi w projekcie [&hellip;]\" \/>\n<meta property=\"og:url\" content=\"https:\/\/pracownieorange.pl\/brzeszcze\/news\/tekstylowy-gobelin-czyli-nauka-tkania-w-pracowni-orange\/\" \/>\n<meta property=\"og:site_name\" content=\"Pracownia Orange Brzeszcze\" \/>\n<meta property=\"article:modified_time\" content=\"2025-09-02T14:33:47+00:00\" \/>\n<meta property=\"og:image\" content=\"https:\/\/pracownieorange.pl\/app\/uploads\/sites\/84\/2025\/09\/20250808_121250-scaled.jpg\" \/>\n\t<meta property=\"og:image:width\" content=\"1920\" \/>\n\t<meta property=\"og:image:height\" content=\"2560\" \/>\n\t<meta property=\"og:image:type\" content=\"image\/jpeg\" \/>\n<meta name=\"twitter:card\" content=\"summary_large_image\" \/>\n<meta name=\"twitter:label1\" content=\"Est. reading time\" \/>\n\t<meta name=\"twitter:data1\" content=\"3 minuty\" \/>\n<script type=\"application\/ld+json\" class=\"yoast-schema-graph\">{\"@context\":\"https:\/\/schema.org\",\"@graph\":[{\"@type\":\"WebPage\",\"@id\":\"https:\/\/pracownieorange.pl\/brzeszcze\/news\/tekstylowy-gobelin-czyli-nauka-tkania-w-pracowni-orange\/\",\"url\":\"https:\/\/pracownieorange.pl\/brzeszcze\/news\/tekstylowy-gobelin-czyli-nauka-tkania-w-pracowni-orange\/\",\"name\":\"\\\"tekSTYLOWY GOBELIN\\\" czyli nauka tkania w Pracowni Orange - Pracownia Orange Brzeszcze\",\"isPartOf\":{\"@id\":\"https:\/\/pracownieorange.pl\/brzeszcze\/#website\"},\"primaryImageOfPage\":{\"@id\":\"https:\/\/pracownieorange.pl\/brzeszcze\/news\/tekstylowy-gobelin-czyli-nauka-tkania-w-pracowni-orange\/#primaryimage\"},\"image\":{\"@id\":\"https:\/\/pracownieorange.pl\/brzeszcze\/news\/tekstylowy-gobelin-czyli-nauka-tkania-w-pracowni-orange\/#primaryimage\"},\"thumbnailUrl\":\"https:\/\/pracownieorange.pl\/app\/uploads\/sites\/84\/2025\/09\/20250808_121250-scaled.jpg\",\"datePublished\":\"2025-09-01T11:15:29+00:00\",\"dateModified\":\"2025-09-02T14:33:47+00:00\",\"breadcrumb\":{\"@id\":\"https:\/\/pracownieorange.pl\/brzeszcze\/news\/tekstylowy-gobelin-czyli-nauka-tkania-w-pracowni-orange\/#breadcrumb\"},\"inLanguage\":\"pl-PL\",\"potentialAction\":[{\"@type\":\"ReadAction\",\"target\":[\"https:\/\/pracownieorange.pl\/brzeszcze\/news\/tekstylowy-gobelin-czyli-nauka-tkania-w-pracowni-orange\/\"]}]},{\"@type\":\"ImageObject\",\"inLanguage\":\"pl-PL\",\"@id\":\"https:\/\/pracownieorange.pl\/brzeszcze\/news\/tekstylowy-gobelin-czyli-nauka-tkania-w-pracowni-orange\/#primaryimage\",\"url\":\"https:\/\/pracownieorange.pl\/app\/uploads\/sites\/84\/2025\/09\/20250808_121250-scaled.jpg\",\"contentUrl\":\"https:\/\/pracownieorange.pl\/app\/uploads\/sites\/84\/2025\/09\/20250808_121250-scaled.jpg\",\"width\":1920,\"height\":2560,\"caption\":\"Le\u017c\u0105ce na trawie niewielkie, drewniane ramki tkackie z rozpocz\u0119tymi rob\u00f3tkami\"},{\"@type\":\"BreadcrumbList\",\"@id\":\"https:\/\/pracownieorange.pl\/brzeszcze\/news\/tekstylowy-gobelin-czyli-nauka-tkania-w-pracowni-orange\/#breadcrumb\",\"itemListElement\":[{\"@type\":\"ListItem\",\"position\":1,\"name\":\"Home\",\"item\":\"https:\/\/pracownieorange.pl\/brzeszcze\/\"},{\"@type\":\"ListItem\",\"position\":2,\"name\":\"Aktualno\u015bci\",\"item\":\"https:\/\/pracownieorange.pl\/brzeszcze\/news\/\"},{\"@type\":\"ListItem\",\"position\":3,\"name\":\"&#8222;tekSTYLOWY GOBELIN&#8221; czyli nauka tkania w Pracowni Orange\"}]},{\"@type\":\"WebSite\",\"@id\":\"https:\/\/pracownieorange.pl\/brzeszcze\/#website\",\"url\":\"https:\/\/pracownieorange.pl\/brzeszcze\/\",\"name\":\"Pracownia Orange Brzeszcze\",\"description\":\"Kolejna witryna sieci &#8222;Pracownie Orange&#8221;\",\"potentialAction\":[{\"@type\":\"SearchAction\",\"target\":{\"@type\":\"EntryPoint\",\"urlTemplate\":\"https:\/\/pracownieorange.pl\/brzeszcze\/?s={search_term_string}\"},\"query-input\":{\"@type\":\"PropertyValueSpecification\",\"valueRequired\":true,\"valueName\":\"search_term_string\"}}],\"inLanguage\":\"pl-PL\"}]}<\/script>\n<!-- \/ Yoast SEO plugin. -->","yoast_head_json":{"title":"\"tekSTYLOWY GOBELIN\" czyli nauka tkania w Pracowni Orange - Pracownia Orange Brzeszcze","robots":{"index":"index","follow":"follow","max-snippet":"max-snippet:-1","max-image-preview":"max-image-preview:large","max-video-preview":"max-video-preview:-1"},"canonical":"https:\/\/pracownieorange.pl\/brzeszcze\/news\/tekstylowy-gobelin-czyli-nauka-tkania-w-pracowni-orange\/","og_locale":"pl_PL","og_type":"article","og_title":"\"tekSTYLOWY GOBELIN\" czyli nauka tkania w Pracowni Orange - Pracownia Orange Brzeszcze","og_description":"Podczas jednego z naszych wakacyjnych spotka\u0144 z dzie\u0107mi w projekcie [&hellip;]","og_url":"https:\/\/pracownieorange.pl\/brzeszcze\/news\/tekstylowy-gobelin-czyli-nauka-tkania-w-pracowni-orange\/","og_site_name":"Pracownia Orange Brzeszcze","article_modified_time":"2025-09-02T14:33:47+00:00","og_image":[{"width":1920,"height":2560,"url":"https:\/\/pracownieorange.pl\/app\/uploads\/sites\/84\/2025\/09\/20250808_121250-scaled.jpg","type":"image\/jpeg"}],"twitter_card":"summary_large_image","twitter_misc":{"Est. reading time":"3 minuty"},"schema":{"@context":"https:\/\/schema.org","@graph":[{"@type":"WebPage","@id":"https:\/\/pracownieorange.pl\/brzeszcze\/news\/tekstylowy-gobelin-czyli-nauka-tkania-w-pracowni-orange\/","url":"https:\/\/pracownieorange.pl\/brzeszcze\/news\/tekstylowy-gobelin-czyli-nauka-tkania-w-pracowni-orange\/","name":"\"tekSTYLOWY GOBELIN\" czyli nauka tkania w Pracowni Orange - Pracownia Orange Brzeszcze","isPartOf":{"@id":"https:\/\/pracownieorange.pl\/brzeszcze\/#website"},"primaryImageOfPage":{"@id":"https:\/\/pracownieorange.pl\/brzeszcze\/news\/tekstylowy-gobelin-czyli-nauka-tkania-w-pracowni-orange\/#primaryimage"},"image":{"@id":"https:\/\/pracownieorange.pl\/brzeszcze\/news\/tekstylowy-gobelin-czyli-nauka-tkania-w-pracowni-orange\/#primaryimage"},"thumbnailUrl":"https:\/\/pracownieorange.pl\/app\/uploads\/sites\/84\/2025\/09\/20250808_121250-scaled.jpg","datePublished":"2025-09-01T11:15:29+00:00","dateModified":"2025-09-02T14:33:47+00:00","breadcrumb":{"@id":"https:\/\/pracownieorange.pl\/brzeszcze\/news\/tekstylowy-gobelin-czyli-nauka-tkania-w-pracowni-orange\/#breadcrumb"},"inLanguage":"pl-PL","potentialAction":[{"@type":"ReadAction","target":["https:\/\/pracownieorange.pl\/brzeszcze\/news\/tekstylowy-gobelin-czyli-nauka-tkania-w-pracowni-orange\/"]}]},{"@type":"ImageObject","inLanguage":"pl-PL","@id":"https:\/\/pracownieorange.pl\/brzeszcze\/news\/tekstylowy-gobelin-czyli-nauka-tkania-w-pracowni-orange\/#primaryimage","url":"https:\/\/pracownieorange.pl\/app\/uploads\/sites\/84\/2025\/09\/20250808_121250-scaled.jpg","contentUrl":"https:\/\/pracownieorange.pl\/app\/uploads\/sites\/84\/2025\/09\/20250808_121250-scaled.jpg","width":1920,"height":2560,"caption":"Le\u017c\u0105ce na trawie niewielkie, drewniane ramki tkackie z rozpocz\u0119tymi rob\u00f3tkami"},{"@type":"BreadcrumbList","@id":"https:\/\/pracownieorange.pl\/brzeszcze\/news\/tekstylowy-gobelin-czyli-nauka-tkania-w-pracowni-orange\/#breadcrumb","itemListElement":[{"@type":"ListItem","position":1,"name":"Home","item":"https:\/\/pracownieorange.pl\/brzeszcze\/"},{"@type":"ListItem","position":2,"name":"Aktualno\u015bci","item":"https:\/\/pracownieorange.pl\/brzeszcze\/news\/"},{"@type":"ListItem","position":3,"name":"&#8222;tekSTYLOWY GOBELIN&#8221; czyli nauka tkania w Pracowni Orange"}]},{"@type":"WebSite","@id":"https:\/\/pracownieorange.pl\/brzeszcze\/#website","url":"https:\/\/pracownieorange.pl\/brzeszcze\/","name":"Pracownia Orange Brzeszcze","description":"Kolejna witryna sieci &#8222;Pracownie Orange&#8221;","potentialAction":[{"@type":"SearchAction","target":{"@type":"EntryPoint","urlTemplate":"https:\/\/pracownieorange.pl\/brzeszcze\/?s={search_term_string}"},"query-input":{"@type":"PropertyValueSpecification","valueRequired":true,"valueName":"search_term_string"}}],"inLanguage":"pl-PL"}]}},"_links":{"self":[{"href":"https:\/\/pracownieorange.pl\/brzeszcze\/wp-json\/wp\/v2\/news\/443","targetHints":{"allow":["GET"]}}],"collection":[{"href":"https:\/\/pracownieorange.pl\/brzeszcze\/wp-json\/wp\/v2\/news"}],"about":[{"href":"https:\/\/pracownieorange.pl\/brzeszcze\/wp-json\/wp\/v2\/types\/news"}],"author":[{"embeddable":true,"href":"https:\/\/pracownieorange.pl\/brzeszcze\/wp-json\/wp\/v2\/users\/90"}],"replies":[{"embeddable":true,"href":"https:\/\/pracownieorange.pl\/brzeszcze\/wp-json\/wp\/v2\/comments?post=443"}],"wp:featuredmedia":[{"embeddable":true,"href":"https:\/\/pracownieorange.pl\/brzeszcze\/wp-json\/wp\/v2\/media\/465"}],"wp:attachment":[{"href":"https:\/\/pracownieorange.pl\/brzeszcze\/wp-json\/wp\/v2\/media?parent=443"}],"curies":[{"name":"wp","href":"https:\/\/api.w.org\/{rel}","templated":true}]}}